{"id":3534,"date":"2021-04-25T15:16:50","date_gmt":"2021-04-25T15:16:50","guid":{"rendered":"https:\/\/tintafresca.net\/?p=3534"},"modified":"2021-04-25T15:22:14","modified_gmt":"2021-04-25T15:22:14","slug":"primavera-de-livros-esta-de-regresso-ao-cadaval","status":"publish","type":"post","link":"https:\/\/tintafresca.net\/index.php\/2021\/04\/25\/primavera-de-livros-esta-de-regresso-ao-cadaval\/","title":{"rendered":"&#8220;Primavera de Livros&#8221; est\u00e1 de regresso ao Cadaval"},"content":{"rendered":"<div id=\"attachment_3536\" style=\"width: 510px\" class=\"wp-caption alignleft\"><img loading=\"lazy\" decoding=\"async\" aria-describedby=\"caption-attachment-3536\" class=\"wp-image-3536 size-full\" src=\"https:\/\/tintafresca.net\/wp-content\/uploads\/2021\/04\/Cadaval_Primavera-Livro10.jpg\" alt=\"\" width=\"500\" height=\"333\" \/><p id=\"caption-attachment-3536\" class=\"wp-caption-text\">Primavera de Livros est\u00e1 de regresso ao Cadaval, de 19 de abril a 1 de maio<\/p><\/div>\n<p><em>A Primavera de Livros est\u00e1 de regresso ao Cadaval, de 19 a 30 de abril, para assinalar a import\u00e2ncia do livro e da leitura. A iniciativa, organizada pela Biblioteca Municipal do Cadaval, conta com a colabora\u00e7\u00e3o da Rede Intermunicipal de Bibliotecas do Oeste e inclui atividades espec\u00edficas para a popula\u00e7\u00e3o e para a comunidade estudantil. Conhe\u00e7a-as e participe!<\/em><\/p>\n<p>De 19 de abril a 1 de maio, e dirigida gratuitamente \u00e0 comunidade, a Primavera de Livros incluir\u00e1 as Exposi\u00e7\u00f5es de Livros \u201cPr\u00e9mio Nobel\u201d e \u201cContos do Mundo\u201d, a decorrer na Biblioteca Municipal do Cadaval, no atual hor\u00e1rio de funcionamento, das 10h00 \u00e0s 16h30 (segunda a sexta).<\/p>\n<p>Numa homenagem aos livros e aos escritores reconhecidos atrav\u00e9s do Pr\u00e9mio Nobel da Literatura, a Biblioteca Municipal do Cadaval pretende divulgar o seu acervo liter\u00e1rio, tirando das prateleiras livros de autores que se destacam pela sua escrita.<\/p>\n<p>Da mesma forma, a literatura infantil mundial ser\u00e1 alvo de destaque na sala infanto-juvenil, atrav\u00e9s de uma mostra de contos provenientes de todo o mundo, dando a conhecer os contos que existem por detr\u00e1s das culturas.<\/p>\n<p>Segue-se no cartaz, a 22 de abril, pelas 21h00, a atividade online \u201cConversas sobre livros\u201d. Sob o tema \u201cRomances hist\u00f3ricos\u201d, a sess\u00e3o pretende dar a conhecer, a todos os interessados, sugest\u00f5es de leitura motivantes e de autores diversos, proporcionando uma conversa entre pessoas que gostam, simultaneamente, de ler e de conversar. Atividade com inscri\u00e7\u00e3o obrigat\u00f3ria mas gratuita, pelo email: <a href=\"mailto:biblioteca@cm-cadaval.pt\">biblioteca@cm-cadaval.pt<\/a> .<\/p>\n<p>No dia 23 de abril, Dia Mundial do Livro, acontece a atividade \u201c12 Bibliotecas, 12 contadores\u201d, numa organiza\u00e7\u00e3o da RIBO \u2013 Rede Intermunicipal de Bibliotecas do Oeste.<\/p>\n<p>As 12 bibliotecas que integram a RIBO oferecem \u00e0 comunidade, atrav\u00e9s do Facebook, 12 sess\u00f5es online de conta\u00e7\u00e3o de est\u00f3rias, por 12 contadores conhecidos na cena nacional. Os contos estar\u00e3o dispon\u00edveis de 23 a 27 de abril, na <a href=\"https:\/\/www.facebook.com\/Rede-InterMunicipal-de-Bibliotecas-do-Oeste-RIBO-633322203836218\/\">p\u00e1gina do Facebook da RIBO<\/a>.<\/p>\n<p>No dia 1 de maio, igualmente aberta \u00e0 comunidade e tamb\u00e9m promovida pela RIBO, ter\u00e1 lugar, na Pra\u00e7a da Rep\u00fablica (Cadaval), a Feira do Livro Solid\u00e1ria (RIBO), a decorrer das 09h00 \u00e0s 12h30.<\/p>\n<p>As 12 bibliotecas que integram a RIBO cumprem a sua miss\u00e3o de cidadania, contribuindo com uma feira de livros cuja moeda de troca s\u00e3o alimentos n\u00e3o perec\u00edveis (conservas, massas, arroz, etc.). Estes g\u00e9neros ser\u00e3o posteriormente entregues numa institui\u00e7\u00e3o\/organiza\u00e7\u00e3o social da \u00e1rea do munic\u00edpio, que os possa fazer chegar a agregados familiares sinalizados\/carenciados.<\/p>\n<p>O cartaz da Primavera de Livros, naturalmente condicionado quanto a atividades presenciais, devido ao contexto que ainda vivemos, incluir\u00e1 ainda duas atividades online a pensar na popula\u00e7\u00e3o estudantil concelhia, tamb\u00e9m promovidas pela Biblioteca Municipal do Cadaval.<\/p>\n<p>No dia 26 de abril, acontece uma sess\u00e3o online de conta\u00e7\u00e3o de est\u00f3rias com In\u00e1cia Cruz, autora e contadora, atividade direcionada a crian\u00e7as dos jardins-de-inf\u00e2ncia e do 1.\u00ba Ciclo.<\/p>\n<p>Por \u00faltimo, a 28 de abril, realiza-se o espet\u00e1culo online \u201cFernando Pessoa(s)\u201d, a cargo da companhia \u201cEst\u00f3rias com Asas\u201d e dirigido a alunos do 12.\u00ba ano.<\/p>\n<p><strong>\u00a0 \u00a0 Fonte: BF|SCRP|CMC<\/strong><\/p>\n","protected":false},"excerpt":{"rendered":"<p>A Primavera de Livros est\u00e1 de regresso ao Cadaval, de 19 a 30 de abril, para assinalar a import\u00e2ncia do livro e da leitura. A iniciativa, organizada pela Biblioteca Municipal do Cadaval, conta com a colabora\u00e7\u00e3o da Rede Intermunicipal de Bibliotecas do Oeste e inclui atividades espec\u00edficas para a popula\u00e7\u00e3o e para a comunidade estudantil. [&hellip;]<\/p>\n","protected":false},"author":2,"featured_media":3537,"comment_status":"open","ping_status":"open","sticky":false,"template":"","format":"standard","meta":{"footnotes":""},"categories":[14,11],"tags":[],"class_list":["post-3534","post","type-post","status-publish","format-standard","has-post-thumbnail","hentry","category-educacao","category-sociedade"],"_links":{"self":[{"href":"https:\/\/tintafresca.net\/index.php\/wp-json\/wp\/v2\/posts\/3534","targetHints":{"allow":["GET"]}}],"collection":[{"href":"https:\/\/tintafresca.net\/index.php\/wp-json\/wp\/v2\/posts"}],"about":[{"href":"https:\/\/tintafresca.net\/index.php\/wp-json\/wp\/v2\/types\/post"}],"author":[{"embeddable":true,"href":"https:\/\/tintafresca.net\/index.php\/wp-json\/wp\/v2\/users\/2"}],"replies":[{"embeddable":true,"href":"https:\/\/tintafresca.net\/index.php\/wp-json\/wp\/v2\/comments?post=3534"}],"version-history":[{"count":2,"href":"https:\/\/tintafresca.net\/index.php\/wp-json\/wp\/v2\/posts\/3534\/revisions"}],"predecessor-version":[{"id":3538,"href":"https:\/\/tintafresca.net\/index.php\/wp-json\/wp\/v2\/posts\/3534\/revisions\/3538"}],"wp:featuredmedia":[{"embeddable":true,"href":"https:\/\/tintafresca.net\/index.php\/wp-json\/wp\/v2\/media\/3537"}],"wp:attachment":[{"href":"https:\/\/tintafresca.net\/index.php\/wp-json\/wp\/v2\/media?parent=3534"}],"wp:term":[{"taxonomy":"category","embeddable":true,"href":"https:\/\/tintafresca.net\/index.php\/wp-json\/wp\/v2\/categories?post=3534"},{"taxonomy":"post_tag","embeddable":true,"href":"https:\/\/tintafresca.net\/index.php\/wp-json\/wp\/v2\/tags?post=3534"}],"curies":[{"name":"wp","href":"https:\/\/api.w.org\/{rel}","templated":true}]}}