{"id":35367,"date":"2024-05-31T10:18:46","date_gmt":"2024-05-31T10:18:46","guid":{"rendered":"https:\/\/tintafresca.net\/?p=35367"},"modified":"2024-05-31T10:27:44","modified_gmt":"2024-05-31T10:27:44","slug":"medicos-reunem-se-em-congresso-em-peniche-para-debater-avancos-da-patologia-da-coluna-vertebral","status":"publish","type":"post","link":"https:\/\/tintafresca.net\/index.php\/2024\/05\/31\/medicos-reunem-se-em-congresso-em-peniche-para-debater-avancos-da-patologia-da-coluna-vertebral\/","title":{"rendered":"M\u00e9dicos re\u00fanem-se em congresso em Peniche para debater avan\u00e7os da patologia da coluna vertebral"},"content":{"rendered":"<div id=\"attachment_35369\" style=\"width: 210px\" class=\"wp-caption alignleft\"><img loading=\"lazy\" decoding=\"async\" aria-describedby=\"caption-attachment-35369\" class=\"wp-image-35369 size-full\" src=\"https:\/\/tintafresca.net\/wp-content\/uploads\/2024\/05\/Medico_Nelson_Carvalho.jpeg\" alt=\"\" width=\"200\" height=\"200\" srcset=\"https:\/\/tintafresca.net\/wp-content\/uploads\/2024\/05\/Medico_Nelson_Carvalho.jpeg 200w, https:\/\/tintafresca.net\/wp-content\/uploads\/2024\/05\/Medico_Nelson_Carvalho-150x150.jpeg 150w\" sizes=\"auto, (max-width: 200px) 100vw, 200px\" \/><p id=\"caption-attachment-35369\" class=\"wp-caption-text\">Dr. N\u00e9lson Carvalho<\/p><\/div>\n<p>A Sociedade Portuguesa de Patologia da Coluna Vertebral (SPPCV) anuncia a realiza\u00e7\u00e3o do seu XIII Congresso Anual, que ter\u00e1 lugar nos dias 25 e 26 de outubro de 2024, no Hotel MH Peniche. Este evento, de grande import\u00e2ncia para a comunidade m\u00e9dica e biom\u00e9dica, ser\u00e1 presidido por Nelson Carvalho, vice-presidente da SPPCV.<\/p>\n<p>Os temas principais s\u00e3o &#8220;Fronteiras do tratamento cir\u00fargico\u201d e \u201cCompet\u00eancia em cirurgia da coluna&#8221;. No primeiro tema, reunindo especialistas renomados de diversas especialidades m\u00e9dicas e cir\u00fargicas, ser\u00e3o abordadas as diferentes perspetivas de tratamento das patologias da coluna vertebral num formato de \u201ccrossfire\u201d, fomentando a multidisciplinaridade e o alargamento transversal do conhecimento. A compet\u00eancia em cirurgia da coluna surge como a necessidade do reconhecimento da figura do cirurgi\u00e3o da coluna como um especialista oriundo da Ortopedia ou da Neurocirurgia e que se dedica de forma total ou maioritariamente ao tratamento destes doentes, resultando na excel\u00eancia da pr\u00e1tica cir\u00fargica.<\/p>\n<p>Nelson Carvalho, presidente do congresso, destacou a import\u00e2ncia do evento: &#8220;Este congresso representa uma oportunidade \u00edmpar para a nossa comunidade discutir as mais recentes inova\u00e7\u00f5es e aprimorar as nossas compet\u00eancias. Estamos entusiasmados por proporcionar um espa\u00e7o onde a colabora\u00e7\u00e3o entre m\u00e9dicos e a ind\u00fastria biom\u00e9dica pode crescer, beneficiando assim os nossos doentes.&#8221;<\/p>\n<p>O XIII Congresso da SPPCV \u00e9 um evento imperd\u00edvel para todos os profissionais interessados na \u00e1rea da patologia da coluna vertebral.<\/p>\n<p>A Sociedade Portuguesa de Patologia da Coluna Vertebral (SPPCV) divulga a abertura das candidaturas para as bolsas de forma\u00e7\u00e3o profissional destinadas a internos e jovens especialistas, a decorrer at\u00e9 ao dia 30 de junho de 2024.<\/p>\n<p><strong>Fonte: Miligrama<\/strong><\/p>\n","protected":false},"excerpt":{"rendered":"<p>A Sociedade Portuguesa de Patologia da Coluna Vertebral (SPPCV) anuncia a realiza\u00e7\u00e3o do seu XIII Congresso Anual, que ter\u00e1 lugar nos dias 25 e 26 de outubro de 2024, no Hotel MH Peniche. Este evento, de grande import\u00e2ncia para a comunidade m\u00e9dica e biom\u00e9dica, ser\u00e1 presidido por Nelson Carvalho, vice-presidente da SPPCV. Os temas principais [&hellip;]<\/p>\n","protected":false},"author":2,"featured_media":35369,"comment_status":"open","ping_status":"open","sticky":false,"template":"","format":"standard","meta":{"footnotes":""},"categories":[6],"tags":[],"class_list":["post-35367","post","type-post","status-publish","format-standard","has-post-thumbnail","hentry","category-saude"],"_links":{"self":[{"href":"https:\/\/tintafresca.net\/index.php\/wp-json\/wp\/v2\/posts\/35367","targetHints":{"allow":["GET"]}}],"collection":[{"href":"https:\/\/tintafresca.net\/index.php\/wp-json\/wp\/v2\/posts"}],"about":[{"href":"https:\/\/tintafresca.net\/index.php\/wp-json\/wp\/v2\/types\/post"}],"author":[{"embeddable":true,"href":"https:\/\/tintafresca.net\/index.php\/wp-json\/wp\/v2\/users\/2"}],"replies":[{"embeddable":true,"href":"https:\/\/tintafresca.net\/index.php\/wp-json\/wp\/v2\/comments?post=35367"}],"version-history":[{"count":3,"href":"https:\/\/tintafresca.net\/index.php\/wp-json\/wp\/v2\/posts\/35367\/revisions"}],"predecessor-version":[{"id":35371,"href":"https:\/\/tintafresca.net\/index.php\/wp-json\/wp\/v2\/posts\/35367\/revisions\/35371"}],"wp:featuredmedia":[{"embeddable":true,"href":"https:\/\/tintafresca.net\/index.php\/wp-json\/wp\/v2\/media\/35369"}],"wp:attachment":[{"href":"https:\/\/tintafresca.net\/index.php\/wp-json\/wp\/v2\/media?parent=35367"}],"wp:term":[{"taxonomy":"category","embeddable":true,"href":"https:\/\/tintafresca.net\/index.php\/wp-json\/wp\/v2\/categories?post=35367"},{"taxonomy":"post_tag","embeddable":true,"href":"https:\/\/tintafresca.net\/index.php\/wp-json\/wp\/v2\/tags?post=35367"}],"curies":[{"name":"wp","href":"https:\/\/api.w.org\/{rel}","templated":true}]}}