{"id":35398,"date":"2024-06-02T18:35:58","date_gmt":"2024-06-02T18:35:58","guid":{"rendered":"https:\/\/tintafresca.net\/?p=35398"},"modified":"2024-06-03T11:37:25","modified_gmt":"2024-06-03T11:37:25","slug":"numero-de-utentes-sem-medico-de-familia-na-leziria-do-tejo-vai-baixar-de-24-para-13","status":"publish","type":"post","link":"https:\/\/tintafresca.net\/index.php\/2024\/06\/02\/numero-de-utentes-sem-medico-de-familia-na-leziria-do-tejo-vai-baixar-de-24-para-13\/","title":{"rendered":"N\u00famero de utentes sem m\u00e9dico de fam\u00edlia na Lez\u00edria do Tejo vai baixar de 24 % para 13%"},"content":{"rendered":"<p><img loading=\"lazy\" decoding=\"async\" class=\"alignleft wp-image-35400 size-full\" src=\"https:\/\/tintafresca.net\/wp-content\/uploads\/2024\/06\/Leziria_ULS_Cobertura-MF10.png\" alt=\"\" width=\"500\" height=\"419\" srcset=\"https:\/\/tintafresca.net\/wp-content\/uploads\/2024\/06\/Leziria_ULS_Cobertura-MF10.png 500w, https:\/\/tintafresca.net\/wp-content\/uploads\/2024\/06\/Leziria_ULS_Cobertura-MF10-300x251.png 300w\" sizes=\"auto, (max-width: 500px) 100vw, 500px\" \/>A melhoria da presta\u00e7\u00e3o de cuidados m\u00e9dicos de proximidade \u00e9 fundamental para resolver parte significativa da aflu\u00eancia \u00e0s urg\u00eancias hospitalares e melhorar a qualidade do acesso aos cuidados de sa\u00fade pela popula\u00e7\u00e3o. Face a esta realidade, a Unidade Local de Sa\u00fade (ULS) da Lez\u00edria come\u00e7ou a trabalhar no refor\u00e7o da resposta de proximidade, que s\u00f3 \u00e9 poss\u00edvel atrav\u00e9s da redu\u00e7\u00e3o do n\u00famero de utentes sem m\u00e9dico de fam\u00edlia que em janeiro de 2024 era de 24 % (46 800) .<\/p>\n<p>Atrav\u00e9s da capacidade de fixa\u00e7\u00e3o de m\u00e9dicos, bem como da correta gest\u00e3o das lista de utentes, prev\u00ea-se que em agosto de 2024 seja poss\u00edvel atingir a meta no refor\u00e7o da resposta de proximidade, reduzindo o n\u00famero de utentes sem m\u00e9dico de fam\u00edlia para 13% (25 250).<\/p>\n<p>Assim sendo, prev\u00ea-se que no decorrer do m\u00eas de junho seja poss\u00edvel concluir um processo iniciado em abril, atribuindo de forma gradual m\u00e9dico de fam\u00edlia nos concelhos de Almeirim (\u00b1 4 000 utentes), Salvaterra de Magos &#8211; Marinhais e Gl\u00f3ria (\u00b1 5 200 utentes) e Rio Maior (\u00b1 750 utentes).<\/p>\n<p>Este processo ir\u00e1 continuar nos meses de julho e agosto e contempla a atribui\u00e7\u00e3o de m\u00e9dico de fam\u00edlia, at\u00e9 completar a meta estabelecida, nos concelhos de Santar\u00e9m (\u00b11 750 utentes), Cartaxo (\u00b1 850 utentes), Goleg\u00e3 (\u00b1 2 000 utentes), Chamusca (\u00b1 2 000 utentes), Almeirim (\u00b1 1 500 utentes), Rio Maior (\u00b1 1 750 Utentes) e Coruche (\u00b1 1 750 utentes).<\/p>\n<p>Se lhe for atribu\u00eddo m\u00e9dico de fam\u00edlia, o utente ir\u00e1 receber uma carta com indica\u00e7\u00e3o da sua equipa de fam\u00edlia (m\u00e9dico e enfermeiro), bem como com os contactos da sua unidade de sa\u00fade atualizados, pelo que os utentes devem estar atentos \u00e0 sua caixa do correio. Esta medida visa refor\u00e7ar ainda mais a proximidade com os utentes.<\/p>\n<p>Estima-se que no final do m\u00eas de junho a cobertura na ULS da Lez\u00edria passe para 81%, sendo atingido no final de agosto a meta de 87% dos utentes com m\u00e9dico de fam\u00edlia atribu\u00eddo.<\/p>\n<p><strong>\u00a0 \u00a0 \u00a0Fonte: ACI|ULSLT<\/strong><\/p>\n","protected":false},"excerpt":{"rendered":"<p>A melhoria da presta\u00e7\u00e3o de cuidados m\u00e9dicos de proximidade \u00e9 fundamental para resolver parte significativa da aflu\u00eancia \u00e0s urg\u00eancias hospitalares e melhorar a qualidade do acesso aos cuidados de sa\u00fade pela popula\u00e7\u00e3o. Face a esta realidade, a Unidade Local de Sa\u00fade (ULS) da Lez\u00edria come\u00e7ou a trabalhar no refor\u00e7o da resposta de proximidade, que s\u00f3 [&hellip;]<\/p>\n","protected":false},"author":2,"featured_media":29507,"comment_status":"open","ping_status":"open","sticky":false,"template":"","format":"standard","meta":{"footnotes":""},"categories":[6],"tags":[],"class_list":["post-35398","post","type-post","status-publish","format-standard","has-post-thumbnail","hentry","category-saude"],"_links":{"self":[{"href":"https:\/\/tintafresca.net\/index.php\/wp-json\/wp\/v2\/posts\/35398","targetHints":{"allow":["GET"]}}],"collection":[{"href":"https:\/\/tintafresca.net\/index.php\/wp-json\/wp\/v2\/posts"}],"about":[{"href":"https:\/\/tintafresca.net\/index.php\/wp-json\/wp\/v2\/types\/post"}],"author":[{"embeddable":true,"href":"https:\/\/tintafresca.net\/index.php\/wp-json\/wp\/v2\/users\/2"}],"replies":[{"embeddable":true,"href":"https:\/\/tintafresca.net\/index.php\/wp-json\/wp\/v2\/comments?post=35398"}],"version-history":[{"count":5,"href":"https:\/\/tintafresca.net\/index.php\/wp-json\/wp\/v2\/posts\/35398\/revisions"}],"predecessor-version":[{"id":35404,"href":"https:\/\/tintafresca.net\/index.php\/wp-json\/wp\/v2\/posts\/35398\/revisions\/35404"}],"wp:featuredmedia":[{"embeddable":true,"href":"https:\/\/tintafresca.net\/index.php\/wp-json\/wp\/v2\/media\/29507"}],"wp:attachment":[{"href":"https:\/\/tintafresca.net\/index.php\/wp-json\/wp\/v2\/media?parent=35398"}],"wp:term":[{"taxonomy":"category","embeddable":true,"href":"https:\/\/tintafresca.net\/index.php\/wp-json\/wp\/v2\/categories?post=35398"},{"taxonomy":"post_tag","embeddable":true,"href":"https:\/\/tintafresca.net\/index.php\/wp-json\/wp\/v2\/tags?post=35398"}],"curies":[{"name":"wp","href":"https:\/\/api.w.org\/{rel}","templated":true}]}}