{"id":35449,"date":"2024-06-05T21:29:19","date_gmt":"2024-06-05T21:29:19","guid":{"rendered":"https:\/\/tintafresca.net\/?p=35449"},"modified":"2024-06-05T21:37:17","modified_gmt":"2024-06-05T21:37:17","slug":"requalificacao-do-centro-de-saude-de-azambuja-e-posto-medico-de-alcoentre-ja-tem-financiamento-do-prr","status":"publish","type":"post","link":"https:\/\/tintafresca.net\/index.php\/2024\/06\/05\/requalificacao-do-centro-de-saude-de-azambuja-e-posto-medico-de-alcoentre-ja-tem-financiamento-do-prr\/","title":{"rendered":"Requalifica\u00e7\u00e3o do Centro de Sa\u00fade de Azambuja e posto m\u00e9dico de Alcoentre j\u00e1 t\u00eam financiamento do PRR"},"content":{"rendered":"<div id=\"attachment_35451\" style=\"width: 510px\" class=\"wp-caption alignleft\"><img loading=\"lazy\" decoding=\"async\" aria-describedby=\"caption-attachment-35451\" class=\"wp-image-35451 size-full\" src=\"https:\/\/tintafresca.net\/wp-content\/uploads\/2024\/06\/Azambuja_contratos-PRR-saude10.jpg\" alt=\"\" width=\"500\" height=\"408\" srcset=\"https:\/\/tintafresca.net\/wp-content\/uploads\/2024\/06\/Azambuja_contratos-PRR-saude10.jpg 500w, https:\/\/tintafresca.net\/wp-content\/uploads\/2024\/06\/Azambuja_contratos-PRR-saude10-300x245.jpg 300w\" sizes=\"auto, (max-width: 500px) 100vw, 500px\" \/><p id=\"caption-attachment-35451\" class=\"wp-caption-text\">Assinatura dos contratos de financiamento<\/p><\/div>\n<p>Est\u00e1 assinado o contrato PRR de financiamento \u00e0 requalifica\u00e7\u00e3o do posto m\u00e9dico de Alcoentre e Centro de Sa\u00fade de Azambuja<\/p>\n<p>O Munic\u00edpio de Azambuja participou, ao final da tarde de ter\u00e7a-feira, dia 4 de junho, numa cerim\u00f3nia de formaliza\u00e7\u00e3o dos contratos de financiamento da requalifica\u00e7\u00e3o integral do posto m\u00e9dico de Alcoentre e do sistema AVAC do Centro de Sa\u00fade de Azambuja.<\/p>\n<p>Os contratos foram assinados, nas instala\u00e7\u00f5es do Infarmed em Lisboa, pelo presidente da C\u00e2mara de Azambuja, Silvino L\u00facio, e por dois membros do Governo, o ministro Adjunto e da Coes\u00e3o Territorial, Manuel Castro Almeida, e a ministra da Sa\u00fade \u2013 Ana Paula Martins.<\/p>\n<p>\u00c9 de sublinhar que a assinatura deste contrato \u00e9 o passo decisivo que vem garantir o financiamento do PRR-Plano de Recupera\u00e7\u00e3o e Resili\u00eancia, com fundos da Uni\u00e3o Europeia, para as interven\u00e7\u00f5es h\u00e1 muito aguardadas pela popula\u00e7\u00e3o do nosso concelho, quer a profunda requalifica\u00e7\u00e3o do Posto M\u00e9dico de Alcoentre (financiada com 350 mil euros), quer a recupera\u00e7\u00e3o do sistema AVAC do Centro de Sa\u00fade de Azambuja (apoiada com 300 mil euros).<\/p>\n<p>O Munic\u00edpio de Azambuja far\u00e1 tudo o que estiver ao seu alcance para agilizar os pr\u00f3ximos passos, no \u00e2mbito dos procedimentos da empreitada, no sentido de iniciar brevemente as interven\u00e7\u00f5es.<\/p>\n<p><strong>\u00a0 \u00a0 Fonte: JBG|DCI|CMA<\/strong><\/p>\n","protected":false},"excerpt":{"rendered":"<p>Est\u00e1 assinado o contrato PRR de financiamento \u00e0 requalifica\u00e7\u00e3o do posto m\u00e9dico de Alcoentre e Centro de Sa\u00fade de Azambuja O Munic\u00edpio de Azambuja participou, ao final da tarde de ter\u00e7a-feira, dia 4 de junho, numa cerim\u00f3nia de formaliza\u00e7\u00e3o dos contratos de financiamento da requalifica\u00e7\u00e3o integral do posto m\u00e9dico de Alcoentre e do sistema AVAC [&hellip;]<\/p>\n","protected":false},"author":2,"featured_media":35452,"comment_status":"open","ping_status":"open","sticky":false,"template":"","format":"standard","meta":{"footnotes":""},"categories":[6],"tags":[],"class_list":["post-35449","post","type-post","status-publish","format-standard","has-post-thumbnail","hentry","category-saude"],"_links":{"self":[{"href":"https:\/\/tintafresca.net\/index.php\/wp-json\/wp\/v2\/posts\/35449","targetHints":{"allow":["GET"]}}],"collection":[{"href":"https:\/\/tintafresca.net\/index.php\/wp-json\/wp\/v2\/posts"}],"about":[{"href":"https:\/\/tintafresca.net\/index.php\/wp-json\/wp\/v2\/types\/post"}],"author":[{"embeddable":true,"href":"https:\/\/tintafresca.net\/index.php\/wp-json\/wp\/v2\/users\/2"}],"replies":[{"embeddable":true,"href":"https:\/\/tintafresca.net\/index.php\/wp-json\/wp\/v2\/comments?post=35449"}],"version-history":[{"count":2,"href":"https:\/\/tintafresca.net\/index.php\/wp-json\/wp\/v2\/posts\/35449\/revisions"}],"predecessor-version":[{"id":35453,"href":"https:\/\/tintafresca.net\/index.php\/wp-json\/wp\/v2\/posts\/35449\/revisions\/35453"}],"wp:featuredmedia":[{"embeddable":true,"href":"https:\/\/tintafresca.net\/index.php\/wp-json\/wp\/v2\/media\/35452"}],"wp:attachment":[{"href":"https:\/\/tintafresca.net\/index.php\/wp-json\/wp\/v2\/media?parent=35449"}],"wp:term":[{"taxonomy":"category","embeddable":true,"href":"https:\/\/tintafresca.net\/index.php\/wp-json\/wp\/v2\/categories?post=35449"},{"taxonomy":"post_tag","embeddable":true,"href":"https:\/\/tintafresca.net\/index.php\/wp-json\/wp\/v2\/tags?post=35449"}],"curies":[{"name":"wp","href":"https:\/\/api.w.org\/{rel}","templated":true}]}}