{"id":35524,"date":"2024-06-11T23:22:28","date_gmt":"2024-06-11T23:22:28","guid":{"rendered":"https:\/\/tintafresca.net\/?p=35524"},"modified":"2024-06-11T23:25:07","modified_gmt":"2024-06-11T23:25:07","slug":"municipio-de-alcobaca-entrega-viaturas-de-servico-a-unidade-de-saude-publica-de-alcobaca","status":"publish","type":"post","link":"https:\/\/tintafresca.net\/index.php\/2024\/06\/11\/municipio-de-alcobaca-entrega-viaturas-de-servico-a-unidade-de-saude-publica-de-alcobaca\/","title":{"rendered":"Munic\u00edpio de Alcoba\u00e7a entrega viaturas de servi\u00e7o \u00e0 Unidade de Sa\u00fade P\u00fablica de Alcoba\u00e7a"},"content":{"rendered":"<p><img loading=\"lazy\" decoding=\"async\" class=\"alignleft wp-image-35526 size-full\" src=\"https:\/\/tintafresca.net\/wp-content\/uploads\/2024\/06\/Alcobaca_USF_Viaturas.jpeg\" alt=\"\" width=\"480\" height=\"319\" srcset=\"https:\/\/tintafresca.net\/wp-content\/uploads\/2024\/06\/Alcobaca_USF_Viaturas.jpeg 480w, https:\/\/tintafresca.net\/wp-content\/uploads\/2024\/06\/Alcobaca_USF_Viaturas-300x199.jpeg 300w\" sizes=\"auto, (max-width: 480px) 100vw, 480px\" \/>No dia 31 de maio, o Munic\u00edpio de Alcoba\u00e7a formalizou a entrega de duas viaturas ao polo de Alcoba\u00e7a da Unidade de Sa\u00fade P\u00fablica, no \u00e2mbito da descentraliza\u00e7\u00e3o de compet\u00eancias no dom\u00ednio da Sa\u00fade.<\/p>\n<p>O ato de entrega contou a presen\u00e7a de Lic\u00ednio Carvalho, presidente do Conselho de Administra\u00e7\u00e3o da Unidade Local de Sa\u00fade da Regi\u00e3o de Leiria, dos profissionais de sa\u00fade representantes dos servi\u00e7os da Unidade de Sa\u00fade P\u00fablica polo de Alcoba\u00e7a e da URAP\/servi\u00e7os da A\u00e7\u00e3o Social, Fisioterapia e Sa\u00fade Oral, do vereador Jo\u00e3o Santos e do presidente da C\u00e2mara Municipal, Herm\u00ednio Rodrigues.<\/p>\n<p>\u201cOs nossos centros de sa\u00fade necessitam de todos os meios poss\u00edveis para cumprir a sua miss\u00e3o de servir e cuidar das nossas popula\u00e7\u00f5es. Para al\u00e9m dos meios, estamos tamb\u00e9m focados na melhoria das infraestruturas em todo concelho. Estamos em direta sintonia com o Dr. Lic\u00ednio Carvalho no desenvolvimento de projetos de grande import\u00e2ncia para o concelho\u201d, afirmou Herm\u00ednio Rodrigues.<\/p>\n<p>Entre os projetos, est\u00e3o \u201ca amplia\u00e7\u00e3o e requalifica\u00e7\u00e3o do Centro de Sa\u00fade de Alcoba\u00e7a, para que possa continuar a acolher as duas USF\u2019s constitu\u00eddas: Pedro e In\u00eas e Terras de Cister; e na requalifica\u00e7\u00e3o das extens\u00f5es de sa\u00fade de Aljubarrota, Cela e \u00c9vora de Alcoba\u00e7a. Estou certo que no futuro pr\u00f3ximo, Alcoba\u00e7a ter\u00e1 uma rede de cuidados de sa\u00fade prim\u00e1rios moderna e acess\u00edvel a todos os alcobacenses\u201d, concluiu.<\/p>\n<p>As duas viaturas agora entregues \u00e0 USP acrescem \u00e0s quatro viaturas j\u00e1 disponibilizadas, em 2022, \u00e0s Unidades de Sa\u00fade Familiar de Terras de Cister; Pedro e In\u00eas; Pinhal do Rei e Santa Maria Benedita.<\/p>\n<p><strong>\u00a0 \u00a0 \u00a0Fonte: GCRP|CMA<\/strong><\/p>\n","protected":false},"excerpt":{"rendered":"<p>No dia 31 de maio, o Munic\u00edpio de Alcoba\u00e7a formalizou a entrega de duas viaturas ao polo de Alcoba\u00e7a da Unidade de Sa\u00fade P\u00fablica, no \u00e2mbito da descentraliza\u00e7\u00e3o de compet\u00eancias no dom\u00ednio da Sa\u00fade. O ato de entrega contou a presen\u00e7a de Lic\u00ednio Carvalho, presidente do Conselho de Administra\u00e7\u00e3o da Unidade Local de Sa\u00fade da [&hellip;]<\/p>\n","protected":false},"author":2,"featured_media":35527,"comment_status":"open","ping_status":"open","sticky":false,"template":"","format":"standard","meta":{"footnotes":""},"categories":[6],"tags":[],"class_list":["post-35524","post","type-post","status-publish","format-standard","has-post-thumbnail","hentry","category-saude"],"_links":{"self":[{"href":"https:\/\/tintafresca.net\/index.php\/wp-json\/wp\/v2\/posts\/35524","targetHints":{"allow":["GET"]}}],"collection":[{"href":"https:\/\/tintafresca.net\/index.php\/wp-json\/wp\/v2\/posts"}],"about":[{"href":"https:\/\/tintafresca.net\/index.php\/wp-json\/wp\/v2\/types\/post"}],"author":[{"embeddable":true,"href":"https:\/\/tintafresca.net\/index.php\/wp-json\/wp\/v2\/users\/2"}],"replies":[{"embeddable":true,"href":"https:\/\/tintafresca.net\/index.php\/wp-json\/wp\/v2\/comments?post=35524"}],"version-history":[{"count":2,"href":"https:\/\/tintafresca.net\/index.php\/wp-json\/wp\/v2\/posts\/35524\/revisions"}],"predecessor-version":[{"id":35528,"href":"https:\/\/tintafresca.net\/index.php\/wp-json\/wp\/v2\/posts\/35524\/revisions\/35528"}],"wp:featuredmedia":[{"embeddable":true,"href":"https:\/\/tintafresca.net\/index.php\/wp-json\/wp\/v2\/media\/35527"}],"wp:attachment":[{"href":"https:\/\/tintafresca.net\/index.php\/wp-json\/wp\/v2\/media?parent=35524"}],"wp:term":[{"taxonomy":"category","embeddable":true,"href":"https:\/\/tintafresca.net\/index.php\/wp-json\/wp\/v2\/categories?post=35524"},{"taxonomy":"post_tag","embeddable":true,"href":"https:\/\/tintafresca.net\/index.php\/wp-json\/wp\/v2\/tags?post=35524"}],"curies":[{"name":"wp","href":"https:\/\/api.w.org\/{rel}","templated":true}]}}