{"id":35542,"date":"2024-06-13T19:12:35","date_gmt":"2024-06-13T19:12:35","guid":{"rendered":"https:\/\/tintafresca.net\/?p=35542"},"modified":"2024-06-14T16:42:13","modified_gmt":"2024-06-14T16:42:13","slug":"xxxv-fersant-inaugura-mostra-do-tecido-empresarial-da-regiao-de-santarem","status":"publish","type":"post","link":"https:\/\/tintafresca.net\/index.php\/2024\/06\/13\/xxxv-fersant-inaugura-mostra-do-tecido-empresarial-da-regiao-de-santarem\/","title":{"rendered":"XXXV FERSANT inaugura mostra do tecido empresarial da regi\u00e3o de Santar\u00e9m"},"content":{"rendered":"<div id=\"attachment_35544\" style=\"width: 510px\" class=\"wp-caption alignleft\"><img loading=\"lazy\" decoding=\"async\" aria-describedby=\"caption-attachment-35544\" class=\"wp-image-35544 size-full\" src=\"https:\/\/tintafresca.net\/wp-content\/uploads\/2024\/06\/Fersant10.jpg\" alt=\"\" width=\"500\" height=\"333\" srcset=\"https:\/\/tintafresca.net\/wp-content\/uploads\/2024\/06\/Fersant10.jpg 500w, https:\/\/tintafresca.net\/wp-content\/uploads\/2024\/06\/Fersant10-300x200.jpg 300w\" sizes=\"auto, (max-width: 500px) 100vw, 500px\" \/><p id=\"caption-attachment-35544\" class=\"wp-caption-text\">Inaugura\u00e7\u00e3o da FERSANT<\/p><\/div>\n<p>A Feira Empresarial da Regi\u00e3o de Santar\u00e9m &#8211; FERSANT\u00a0 foi inaugurada no dia 8 de junho, constituindo-se pela 35.\u00ba vez como um marco na promo\u00e7\u00e3o e desenvolvimento do tecido empresarial da regi\u00e3o.<\/p>\n<p>O certame, organizado pela Nersant \u2013 Associa\u00e7\u00e3o Empresarial da Regi\u00e3o de Santar\u00e9m, contou, na abertura, com a presen\u00e7a do presidente da Dire\u00e7\u00e3o da Nersant, Ant\u00f3nio Pedroso Leal, que, acompanhado pelos diretores Manuel Bartolomeu e Rui Serrano, realizou uma visita guiada pelas 70 entidades e empresas participantes.<\/p>\n<p>Durante a visita, Ant\u00f3nio Pedroso Leal teve a oportunidade de conhecer de perto os neg\u00f3cios e as inova\u00e7\u00f5es apresentadas pelas diversas empresas, sublinhando a import\u00e2ncia da FERSANT como plataforma de networking e troca de conhecimentos.<\/p>\n<p>\u201c\u00c9 com grande satisfa\u00e7\u00e3o que observamos a diversidade e a qualidade das empresas aqui representadas. A FERSANT \u00e9 uma oportunidade \u00fanica para fortalecer la\u00e7os empresariais e promover o crescimento econ\u00f3mico da nossa regi\u00e3o\u201d, afirmou o presidente da Nersant, mencionando ainda a \u201cimportante presen\u00e7a da Academia da regi\u00e3o, representada pelos tr\u00eas institutos superiores da regi\u00e3o \u2013 Instituto Polit\u00e9cnico de Tomar, Instituto Polit\u00e9cnico de Santar\u00e9m e ISLA Santar\u00e9m \u2013 e por diversas escolas profissionais, numa sinergia entre o meio acad\u00e9mico e o meio empresarial\u201d.<\/p>\n<div id=\"attachment_35545\" style=\"width: 510px\" class=\"wp-caption alignleft\"><img loading=\"lazy\" decoding=\"async\" aria-describedby=\"caption-attachment-35545\" class=\"wp-image-35545 size-full\" src=\"https:\/\/tintafresca.net\/wp-content\/uploads\/2024\/06\/Fersant30.jpg\" alt=\"\" width=\"500\" height=\"333\" srcset=\"https:\/\/tintafresca.net\/wp-content\/uploads\/2024\/06\/Fersant30.jpg 500w, https:\/\/tintafresca.net\/wp-content\/uploads\/2024\/06\/Fersant30-300x200.jpg 300w\" sizes=\"auto, (max-width: 500px) 100vw, 500px\" \/><p id=\"caption-attachment-35545\" class=\"wp-caption-text\">Ve\u00edculo em exposi\u00e7\u00e3o<\/p><\/div>\n<p>A FERSANT complementa a Feira Nacional da Agricultura, proporcionando uma mostra das capacidades e potencialidades das empresas da regi\u00e3o. Esta colabora\u00e7\u00e3o entre os dois eventos refor\u00e7a a posi\u00e7\u00e3o de Santar\u00e9m como um polo din\u00e2mico de atividades empresariais e agr\u00edcolas. Na pr\u00f3xima quinta-feira \u00e0 tarde, dia 13 de junho, \u00e9 esperada a visita do Presidente da Rep\u00fablica, Marcelo Rebelo de Sousa, aos certames.<\/p>\n<p>No \u00e2mbito da FERSANT, no dia 14 de junho, \u00e0 tarde, ser\u00e3o realizados dois semin\u00e1rios para o setor empresarial: &#8220;Ciberseguran\u00e7a Empresarial&#8221; e &#8220;Gest\u00e3o de Armaz\u00e9ns&#8221;. Os semin\u00e1rios contam com inscri\u00e7\u00e3o gratuita e destinam-se a proporcionar aos participantes conhecimentos essenciais para a prote\u00e7\u00e3o e otimiza\u00e7\u00e3o das opera\u00e7\u00f5es empresariais.<\/p>\n<p>A FERSANT decorre at\u00e9 ao dia 16 de junho, esperando-se uma forte ades\u00e3o do p\u00fablico e a cria\u00e7\u00e3o de novas oportunidades de neg\u00f3cio para os expositores. A Nersant T convida todos os interessados a participar e a aproveitar esta ocasi\u00e3o para conhecer o melhor que a regi\u00e3o de Santar\u00e9m tem para oferecer em termos de inova\u00e7\u00e3o e desenvolvimento empresarial.<\/p>\n<p>Para mais informa\u00e7\u00f5es sobre a FERSANT e inscri\u00e7\u00f5es nos semin\u00e1rios, os interessados podem visitar o site da Nersant, em <a href=\"http:\/\/www.nersant.pt\">www.nersant.pt<\/a> ou contactar a Dire\u00e7\u00e3o de Associativismo atrav\u00e9s dos contactos da@nersant.pt ou 249 839 504. Os expositores presentes na FERSANT, bem como os seus produtos e servi\u00e7os, podem ser consultados atrav\u00e9s da edi\u00e7\u00e3o digital do certame em <a href=\"https:\/\/compronoribatejo.pt\/feira\/xxxv-fersant-2024-digital\">https:\/\/compronoribatejo.pt\/feira\/xxxv-fersant-2024-digital<\/a>.<\/p>\n<p><strong>Fonte: Nersant<\/strong><\/p>\n","protected":false},"excerpt":{"rendered":"<p>A Feira Empresarial da Regi\u00e3o de Santar\u00e9m &#8211; FERSANT\u00a0 foi inaugurada no dia 8 de junho, constituindo-se pela 35.\u00ba vez como um marco na promo\u00e7\u00e3o e desenvolvimento do tecido empresarial da regi\u00e3o. O certame, organizado pela Nersant \u2013 Associa\u00e7\u00e3o Empresarial da Regi\u00e3o de Santar\u00e9m, contou, na abertura, com a presen\u00e7a do presidente da Dire\u00e7\u00e3o da [&hellip;]<\/p>\n","protected":false},"author":2,"featured_media":35546,"comment_status":"open","ping_status":"open","sticky":false,"template":"","format":"standard","meta":{"footnotes":""},"categories":[7],"tags":[],"class_list":["post-35542","post","type-post","status-publish","format-standard","has-post-thumbnail","hentry","category-economia"],"_links":{"self":[{"href":"https:\/\/tintafresca.net\/index.php\/wp-json\/wp\/v2\/posts\/35542","targetHints":{"allow":["GET"]}}],"collection":[{"href":"https:\/\/tintafresca.net\/index.php\/wp-json\/wp\/v2\/posts"}],"about":[{"href":"https:\/\/tintafresca.net\/index.php\/wp-json\/wp\/v2\/types\/post"}],"author":[{"embeddable":true,"href":"https:\/\/tintafresca.net\/index.php\/wp-json\/wp\/v2\/users\/2"}],"replies":[{"embeddable":true,"href":"https:\/\/tintafresca.net\/index.php\/wp-json\/wp\/v2\/comments?post=35542"}],"version-history":[{"count":3,"href":"https:\/\/tintafresca.net\/index.php\/wp-json\/wp\/v2\/posts\/35542\/revisions"}],"predecessor-version":[{"id":35548,"href":"https:\/\/tintafresca.net\/index.php\/wp-json\/wp\/v2\/posts\/35542\/revisions\/35548"}],"wp:featuredmedia":[{"embeddable":true,"href":"https:\/\/tintafresca.net\/index.php\/wp-json\/wp\/v2\/media\/35546"}],"wp:attachment":[{"href":"https:\/\/tintafresca.net\/index.php\/wp-json\/wp\/v2\/media?parent=35542"}],"wp:term":[{"taxonomy":"category","embeddable":true,"href":"https:\/\/tintafresca.net\/index.php\/wp-json\/wp\/v2\/categories?post=35542"},{"taxonomy":"post_tag","embeddable":true,"href":"https:\/\/tintafresca.net\/index.php\/wp-json\/wp\/v2\/tags?post=35542"}],"curies":[{"name":"wp","href":"https:\/\/api.w.org\/{rel}","templated":true}]}}