{"id":35549,"date":"2024-06-13T23:32:47","date_gmt":"2024-06-13T23:32:47","guid":{"rendered":"https:\/\/tintafresca.net\/?p=35549"},"modified":"2024-06-13T23:38:56","modified_gmt":"2024-06-13T23:38:56","slug":"mais-de-1500-doentes-foram-assistidos-pela-unidade-de-hospitalizacao-domiciliaria-da-uls-do-oeste","status":"publish","type":"post","link":"https:\/\/tintafresca.net\/index.php\/2024\/06\/13\/mais-de-1500-doentes-foram-assistidos-pela-unidade-de-hospitalizacao-domiciliaria-da-uls-do-oeste\/","title":{"rendered":"Mais de 1500 doentes foram assistidos pela Unidade de Hospitaliza\u00e7\u00e3o Domicili\u00e1ria da ULS do Oeste"},"content":{"rendered":"<div id=\"attachment_35552\" style=\"width: 510px\" class=\"wp-caption alignleft\"><img loading=\"lazy\" decoding=\"async\" aria-describedby=\"caption-attachment-35552\" class=\"wp-image-35552\" src=\"https:\/\/tintafresca.net\/wp-content\/uploads\/2024\/06\/CHO_UHD-Torres-Vedras-1024x683.jpg\" alt=\"\" width=\"500\" height=\"333\" srcset=\"https:\/\/tintafresca.net\/wp-content\/uploads\/2024\/06\/CHO_UHD-Torres-Vedras-1024x683.jpg 1024w, https:\/\/tintafresca.net\/wp-content\/uploads\/2024\/06\/CHO_UHD-Torres-Vedras-300x200.jpg 300w, https:\/\/tintafresca.net\/wp-content\/uploads\/2024\/06\/CHO_UHD-Torres-Vedras-768x512.jpg 768w, https:\/\/tintafresca.net\/wp-content\/uploads\/2024\/06\/CHO_UHD-Torres-Vedras-1536x1024.jpg 1536w, https:\/\/tintafresca.net\/wp-content\/uploads\/2024\/06\/CHO_UHD-Torres-Vedras-2048x1365.jpg 2048w\" sizes=\"auto, (max-width: 500px) 100vw, 500px\" \/><p id=\"caption-attachment-35552\" class=\"wp-caption-text\">Equipa de Torres Vedras<\/p><\/div>\n<p>Em funcionamento h\u00e1 cinco anos, a Unidade de Hospitaliza\u00e7\u00e3o Domicili\u00e1ria (UHD) da Unidade Local de Sa\u00fade do Oeste (ULS do Oeste) j\u00e1 prestou cuidados de sa\u00fade no domic\u00edlio a um total de 1501 doentes, libertando 15.881 dias de internamento convencional no hospital. Foram realizadas 27.010 visitas, tendo sido percorridos 419 069quil\u00f3metros pelos concelhos da \u00e1rea de influ\u00eancia da ULS do Oeste.<\/p>\n<p>Dos 1501 doentes assistidos no domic\u00edlio, registou-se uma demora m\u00e9dia de 10,6 dias no internamento. S\u00e3o referenciados para a UHD doentes internados na ULS do Oeste, ou provenientes do Servi\u00e7o de Urg\u00eancia e da Consulta Externa, assim como dos cuidados de sa\u00fade prim\u00e1rios.<\/p>\n<p>A Unidade de Hospitaliza\u00e7\u00e3o Domicili\u00e1ria da Unidade Local de Sa\u00fade Oeste, devido \u00e0s suas especificidades geogr\u00e1ficas, tem em funcionamento duas equipas, uma na Unidade Hospitalar de Caldas da Rainha e outra na Unidade Hospitalar de Torres Vedras. As equipas, constitu\u00eddas por m\u00e9dicos, enfermeiros, uma assistente t\u00e9cnica, uma gestora, uma assistente social, uma farmac\u00eautica, e uma nutricionista, t\u00eam a seu cargo uma lota\u00e7\u00e3o de 5 camas cada, traduzindo-se numa lota\u00e7\u00e3o total de 10 camas, que funcionam 24h por dia, 7 dias por semana.<\/p>\n<div id=\"attachment_35554\" style=\"width: 510px\" class=\"wp-caption alignleft\"><img loading=\"lazy\" decoding=\"async\" aria-describedby=\"caption-attachment-35554\" class=\"wp-image-35554 size-full\" src=\"https:\/\/tintafresca.net\/wp-content\/uploads\/2024\/06\/CHO_UHD-Caldas-da-Rainha10.jpg\" alt=\"\" width=\"500\" height=\"329\" srcset=\"https:\/\/tintafresca.net\/wp-content\/uploads\/2024\/06\/CHO_UHD-Caldas-da-Rainha10.jpg 500w, https:\/\/tintafresca.net\/wp-content\/uploads\/2024\/06\/CHO_UHD-Caldas-da-Rainha10-300x197.jpg 300w\" sizes=\"auto, (max-width: 500px) 100vw, 500px\" \/><p id=\"caption-attachment-35554\" class=\"wp-caption-text\">Equipa de Caldas da Rainha<\/p><\/div>\n<p>O Conselho de Administra\u00e7\u00e3o da ULS do Oeste enaltece uma vez mais o profissionalismo, o empenho e a dedica\u00e7\u00e3o das equipas da Unidade de Hospitaliza\u00e7\u00e3o Domicili\u00e1ria. Ap\u00f3s cinco anos de atividade, o reconhecimento e o grau de satisfa\u00e7\u00e3o por parte dos utentes e familiares s\u00e3o demonstrativos da relev\u00e2ncia deste projeto na presta\u00e7\u00e3o de cuidados de sa\u00fade de proximidade aos Utentes da regi\u00e3o Oeste, para al\u00e9m da rentabiliza\u00e7\u00e3o da capacidade instada do Hospital.<\/p>\n<p>A Unidade Local de Sa\u00fade do Oeste agrega, desde o in\u00edcio de janeiro de 2024, numa \u00fanica entidade o Centro Hospitalar do Oeste, o Agrupamento de Centros de Sa\u00fade (ACES) do Oeste Norte e o Agrupamento de Centros de Sa\u00fade do Oeste Sul, integrando os concelhos de Caldas da Rainha, \u00d3bidos, Bombarral, Peniche, Lourinh\u00e3, Cadaval, Torres Vedras, Sobral Monte Agra\u00e7o. A popula\u00e7\u00e3o residente da \u00e1rea geogr\u00e1fica de influ\u00eancia direta da ULS do Oeste \u00e9 de 235.231 residentes, distribu\u00eddos por aproximadamente 1.348 km\u00b2.<\/p>\n<p><strong>\u00a0 \u00a0 Fonte: GC|CHO<\/strong><\/p>\n","protected":false},"excerpt":{"rendered":"<p>Em funcionamento h\u00e1 cinco anos, a Unidade de Hospitaliza\u00e7\u00e3o Domicili\u00e1ria (UHD) da Unidade Local de Sa\u00fade do Oeste (ULS do Oeste) j\u00e1 prestou cuidados de sa\u00fade no domic\u00edlio a um total de 1501 doentes, libertando 15.881 dias de internamento convencional no hospital. Foram realizadas 27.010 visitas, tendo sido percorridos 419 069quil\u00f3metros pelos concelhos da \u00e1rea [&hellip;]<\/p>\n","protected":false},"author":2,"featured_media":35555,"comment_status":"open","ping_status":"open","sticky":false,"template":"","format":"standard","meta":{"footnotes":""},"categories":[6],"tags":[],"class_list":["post-35549","post","type-post","status-publish","format-standard","has-post-thumbnail","hentry","category-saude"],"_links":{"self":[{"href":"https:\/\/tintafresca.net\/index.php\/wp-json\/wp\/v2\/posts\/35549","targetHints":{"allow":["GET"]}}],"collection":[{"href":"https:\/\/tintafresca.net\/index.php\/wp-json\/wp\/v2\/posts"}],"about":[{"href":"https:\/\/tintafresca.net\/index.php\/wp-json\/wp\/v2\/types\/post"}],"author":[{"embeddable":true,"href":"https:\/\/tintafresca.net\/index.php\/wp-json\/wp\/v2\/users\/2"}],"replies":[{"embeddable":true,"href":"https:\/\/tintafresca.net\/index.php\/wp-json\/wp\/v2\/comments?post=35549"}],"version-history":[{"count":3,"href":"https:\/\/tintafresca.net\/index.php\/wp-json\/wp\/v2\/posts\/35549\/revisions"}],"predecessor-version":[{"id":35556,"href":"https:\/\/tintafresca.net\/index.php\/wp-json\/wp\/v2\/posts\/35549\/revisions\/35556"}],"wp:featuredmedia":[{"embeddable":true,"href":"https:\/\/tintafresca.net\/index.php\/wp-json\/wp\/v2\/media\/35555"}],"wp:attachment":[{"href":"https:\/\/tintafresca.net\/index.php\/wp-json\/wp\/v2\/media?parent=35549"}],"wp:term":[{"taxonomy":"category","embeddable":true,"href":"https:\/\/tintafresca.net\/index.php\/wp-json\/wp\/v2\/categories?post=35549"},{"taxonomy":"post_tag","embeddable":true,"href":"https:\/\/tintafresca.net\/index.php\/wp-json\/wp\/v2\/tags?post=35549"}],"curies":[{"name":"wp","href":"https:\/\/api.w.org\/{rel}","templated":true}]}}