{"id":35609,"date":"2024-06-18T18:40:00","date_gmt":"2024-06-18T18:40:00","guid":{"rendered":"https:\/\/tintafresca.net\/?p=35609"},"modified":"2024-06-18T18:57:51","modified_gmt":"2024-06-18T18:57:51","slug":"uls-da-regiao-de-leiria-quer-acabar-com-as-filas-de-utentes-a-porta-das-unidades-durante-a-madrugada","status":"publish","type":"post","link":"https:\/\/tintafresca.net\/index.php\/2024\/06\/18\/uls-da-regiao-de-leiria-quer-acabar-com-as-filas-de-utentes-a-porta-das-unidades-durante-a-madrugada\/","title":{"rendered":"ULS da Regi\u00e3o de Leiria quer acabar com as filas de utentes \u00e0 porta das unidades de madrugada"},"content":{"rendered":"<div id=\"attachment_35613\" style=\"width: 510px\" class=\"wp-caption alignleft\"><img loading=\"lazy\" decoding=\"async\" aria-describedby=\"caption-attachment-35613\" class=\"wp-image-35613 size-full\" src=\"https:\/\/tintafresca.net\/wp-content\/uploads\/2024\/06\/Leiria_ULS_Reuniao-Comissao-de-Utentes_10.jpg\" alt=\"\" width=\"500\" height=\"375\" srcset=\"https:\/\/tintafresca.net\/wp-content\/uploads\/2024\/06\/Leiria_ULS_Reuniao-Comissao-de-Utentes_10.jpg 500w, https:\/\/tintafresca.net\/wp-content\/uploads\/2024\/06\/Leiria_ULS_Reuniao-Comissao-de-Utentes_10-300x225.jpg 300w\" sizes=\"auto, (max-width: 500px) 100vw, 500px\" \/><p id=\"caption-attachment-35613\" class=\"wp-caption-text\">Reuni\u00e3o da Administra\u00e7\u00e3o da ULS com as Comiss\u00f5es de Utentes<\/p><\/div>\n<p>O Conselho de Administra\u00e7\u00e3o (CA) da Unidade Local de Sa\u00fade da Regi\u00e3o de Leiria (ULSRL) convidou os representantes das cinco Comiss\u00f5es de Utentes existentes na sua \u00e1rea de influ\u00eancia para uma reuni\u00e3o que decorreu no dia 7 de junho, na sala de reuni\u00f5es do CA no Hospital de Santo Andr\u00e9 (HSA), em Leiria. A iniciativa teve como objetivo conhecer pessoalmente os representantes para uma rela\u00e7\u00e3o de maior proximidade, de parceria e de di\u00e1logo.<\/p>\n<p>Lic\u00ednio de Carvalho, presidente do Conselho de Administra\u00e7\u00e3o da ULSRL, acolheu todos os convidados, come\u00e7ando por fazer um retrato da atual situa\u00e7\u00e3o da ULS, nomeadamente as dificuldades sentidas e prioridades. \u00ab\u00c9 sobejamente conhecida a falta de m\u00e9dicos de fam\u00edlia que temos na nossa ULS: 22% da nossa popula\u00e7\u00e3o n\u00e3o tem m\u00e9dico de fam\u00edlia e 19% n\u00e3o tem m\u00e9dico assistente. Acresce ainda o d\u00e9fice que temos nas unidades hospitalares de 100 m\u00e9dicos especialistas. Temos contratado m\u00e9dicos aposentados e prestadores para trabalhar connosco e apost\u00e1mos na implementa\u00e7\u00e3o do programa Bata Branca.\u00bb<\/p>\n<p>A diretora cl\u00ednica para a \u00e1rea de cuidados de sa\u00fade prim\u00e1rios da ULSRL, Denise Velho, partilhou a mesma preocupa\u00e7\u00e3o, destacando a dificuldade sentida para completar as escalas m\u00e9dicas dos Servi\u00e7os de Atendimento Permanente e Complementar. \u00ab\u00c9 tamb\u00e9m importante para n\u00f3s melhorar a comunica\u00e7\u00e3o com a popula\u00e7\u00e3o, informando-a das alternativas e op\u00e7\u00f5es, e ainda agilizar de forma mais c\u00e9lere a marca\u00e7\u00e3o de consultas para acabar com as filas de utentes \u00e0 porta das unidades durante a madrugada.\u00bb<\/p>\n<p>Os representantes das comiss\u00f5es de utentes usaram da palavra, tendo todos demonstrado o seu contentamento pela iniciativa do CA em abrir as suas portas e potenciar um di\u00e1logo mais prof\u00edcuo, e cada comiss\u00e3o partilhou as principais fragilidades dos seus concelhos e algumas propostas de melhoria. Estiveram presentes as comiss\u00f5es de utentes: da Marinha Grande, de Our\u00e9m, da Batalha pela Sa\u00fade, da Sa\u00fade Lado a Lado (Pombal) e da Ur\u2019Gente \u2013 Associa\u00e7\u00e3o de Utentes de Sa\u00fade (Porto de M\u00f3s).<\/p>\n<p>\u00abDepois de uma reuni\u00e3o que tivemos com os presidentes das Juntas e Uni\u00f5es de Freguesia dos oito concelhos que integramos, queremos tamb\u00e9m manter a proximidade com a popula\u00e7\u00e3o atrav\u00e9s de v\u00f3s, pela pr\u00e1tica do vosso trabalho, onde s\u00e3o representantes dos vossos utentes e t\u00eam um papel muito relevante na quest\u00e3o da literacia para a sa\u00fade, permitindo uma resposta mais informada aos nossos utentes. Agradecemos o clima muito construtivo desta reuni\u00e3o e ficamos a aguardar o envio das vossas propostas e sugest\u00f5es de melhoria da nossa presta\u00e7\u00e3o de cuidados junto da popula\u00e7\u00e3o que servimos\u00bb, concluiu Lic\u00ednio de Carvalho.<\/p>\n<p><strong>\u00a0 Fonte: Midlandcom<\/strong><\/p>\n","protected":false},"excerpt":{"rendered":"<p>O Conselho de Administra\u00e7\u00e3o (CA) da Unidade Local de Sa\u00fade da Regi\u00e3o de Leiria (ULSRL) convidou os representantes das cinco Comiss\u00f5es de Utentes existentes na sua \u00e1rea de influ\u00eancia para uma reuni\u00e3o que decorreu no dia 7 de junho, na sala de reuni\u00f5es do CA no Hospital de Santo Andr\u00e9 (HSA), em Leiria. A iniciativa [&hellip;]<\/p>\n","protected":false},"author":2,"featured_media":35614,"comment_status":"open","ping_status":"open","sticky":false,"template":"","format":"standard","meta":{"footnotes":""},"categories":[6],"tags":[],"class_list":["post-35609","post","type-post","status-publish","format-standard","has-post-thumbnail","hentry","category-saude"],"_links":{"self":[{"href":"https:\/\/tintafresca.net\/index.php\/wp-json\/wp\/v2\/posts\/35609","targetHints":{"allow":["GET"]}}],"collection":[{"href":"https:\/\/tintafresca.net\/index.php\/wp-json\/wp\/v2\/posts"}],"about":[{"href":"https:\/\/tintafresca.net\/index.php\/wp-json\/wp\/v2\/types\/post"}],"author":[{"embeddable":true,"href":"https:\/\/tintafresca.net\/index.php\/wp-json\/wp\/v2\/users\/2"}],"replies":[{"embeddable":true,"href":"https:\/\/tintafresca.net\/index.php\/wp-json\/wp\/v2\/comments?post=35609"}],"version-history":[{"count":6,"href":"https:\/\/tintafresca.net\/index.php\/wp-json\/wp\/v2\/posts\/35609\/revisions"}],"predecessor-version":[{"id":35617,"href":"https:\/\/tintafresca.net\/index.php\/wp-json\/wp\/v2\/posts\/35609\/revisions\/35617"}],"wp:featuredmedia":[{"embeddable":true,"href":"https:\/\/tintafresca.net\/index.php\/wp-json\/wp\/v2\/media\/35614"}],"wp:attachment":[{"href":"https:\/\/tintafresca.net\/index.php\/wp-json\/wp\/v2\/media?parent=35609"}],"wp:term":[{"taxonomy":"category","embeddable":true,"href":"https:\/\/tintafresca.net\/index.php\/wp-json\/wp\/v2\/categories?post=35609"},{"taxonomy":"post_tag","embeddable":true,"href":"https:\/\/tintafresca.net\/index.php\/wp-json\/wp\/v2\/tags?post=35609"}],"curies":[{"name":"wp","href":"https:\/\/api.w.org\/{rel}","templated":true}]}}