{"id":35707,"date":"2024-06-25T19:29:41","date_gmt":"2024-06-25T19:29:41","guid":{"rendered":"https:\/\/tintafresca.net\/?p=35707"},"modified":"2024-06-25T19:30:40","modified_gmt":"2024-06-25T19:30:40","slug":"municipio-de-leiria-adjudica-construcao-da-unidade-de-saude-de-santa-eufemia-e-boa-vista","status":"publish","type":"post","link":"https:\/\/tintafresca.net\/index.php\/2024\/06\/25\/municipio-de-leiria-adjudica-construcao-da-unidade-de-saude-de-santa-eufemia-e-boa-vista\/","title":{"rendered":"Munic\u00edpio de Leiria adjudica constru\u00e7\u00e3o da Unidade de Sa\u00fade de Santa Euf\u00e9mia e Boa Vista"},"content":{"rendered":"<p><img loading=\"lazy\" decoding=\"async\" class=\"alignleft wp-image-35710\" src=\"https:\/\/tintafresca.net\/wp-content\/uploads\/2024\/06\/PRR-768x432-1.png\" alt=\"\" width=\"500\" height=\"281\" srcset=\"https:\/\/tintafresca.net\/wp-content\/uploads\/2024\/06\/PRR-768x432-1.png 768w, https:\/\/tintafresca.net\/wp-content\/uploads\/2024\/06\/PRR-768x432-1-300x169.png 300w\" sizes=\"auto, (max-width: 500px) 100vw, 500px\" \/><\/p>\n<p>Foi adjudicada esta ter\u00e7a-feira, 25 de junho, em reuni\u00e3o da C\u00e2mara Municipal de Leiria, a obra de constru\u00e7\u00e3o da Unidade de Sa\u00fade de Santa Euf\u00e9mia e Boa Vista, que, com financiamento do PRR \u2013 Plano de Recupera\u00e7\u00e3o e Resili\u00eancia, representar\u00e1 um investimento de 1.377.000 euros, para ser executada num prazo previsto de 540 dias.<\/p>\n<p>A erguer em terreno localizado em terreno junto ao entroncamento da Avenida D. Jo\u00e3o Pereira Ven\u00e2ncio e a Rua Padre Ant\u00f3nio Reis, em Santa Euf\u00e9mia, o novo estabelecimento de sa\u00fade ter\u00e1 595 metros quadrados de constru\u00e7\u00e3o e ser\u00e1 composto por uma rece\u00e7\u00e3o, oito gabinetes m\u00e9dicos e de enfermagem, salas de tratamentos e uma \u00e1rea de apoio. No exterior, ser\u00e3o criados 28 lugares de estacionamento para utentes e profissionais de sa\u00fade.<\/p>\n<p>Esta nova Unidade de Sa\u00fade vem responder \u00e0 necessidade de melhorar as condi\u00e7\u00f5es de resposta \u00e0 popula\u00e7\u00e3o ao n\u00edvel dos cuidados de sa\u00fade prim\u00e1rios, \u00e0 semelhan\u00e7a do que tem vindo a ser feito noutras freguesias do concelho.<\/p>\n<p><strong>\u00a0 \u00a0 \u00a0 Fonte: DCRP|CML<\/strong><\/p>\n","protected":false},"excerpt":{"rendered":"<p>Foi adjudicada esta ter\u00e7a-feira, 25 de junho, em reuni\u00e3o da C\u00e2mara Municipal de Leiria, a obra de constru\u00e7\u00e3o da Unidade de Sa\u00fade de Santa Euf\u00e9mia e Boa Vista, que, com financiamento do PRR \u2013 Plano de Recupera\u00e7\u00e3o e Resili\u00eancia, representar\u00e1 um investimento de 1.377.000 euros, para ser executada num prazo previsto de 540 dias. A [&hellip;]<\/p>\n","protected":false},"author":2,"featured_media":35715,"comment_status":"open","ping_status":"open","sticky":false,"template":"","format":"standard","meta":{"footnotes":""},"categories":[6],"tags":[],"class_list":["post-35707","post","type-post","status-publish","format-standard","has-post-thumbnail","hentry","category-saude"],"_links":{"self":[{"href":"https:\/\/tintafresca.net\/index.php\/wp-json\/wp\/v2\/posts\/35707","targetHints":{"allow":["GET"]}}],"collection":[{"href":"https:\/\/tintafresca.net\/index.php\/wp-json\/wp\/v2\/posts"}],"about":[{"href":"https:\/\/tintafresca.net\/index.php\/wp-json\/wp\/v2\/types\/post"}],"author":[{"embeddable":true,"href":"https:\/\/tintafresca.net\/index.php\/wp-json\/wp\/v2\/users\/2"}],"replies":[{"embeddable":true,"href":"https:\/\/tintafresca.net\/index.php\/wp-json\/wp\/v2\/comments?post=35707"}],"version-history":[{"count":2,"href":"https:\/\/tintafresca.net\/index.php\/wp-json\/wp\/v2\/posts\/35707\/revisions"}],"predecessor-version":[{"id":35714,"href":"https:\/\/tintafresca.net\/index.php\/wp-json\/wp\/v2\/posts\/35707\/revisions\/35714"}],"wp:featuredmedia":[{"embeddable":true,"href":"https:\/\/tintafresca.net\/index.php\/wp-json\/wp\/v2\/media\/35715"}],"wp:attachment":[{"href":"https:\/\/tintafresca.net\/index.php\/wp-json\/wp\/v2\/media?parent=35707"}],"wp:term":[{"taxonomy":"category","embeddable":true,"href":"https:\/\/tintafresca.net\/index.php\/wp-json\/wp\/v2\/categories?post=35707"},{"taxonomy":"post_tag","embeddable":true,"href":"https:\/\/tintafresca.net\/index.php\/wp-json\/wp\/v2\/tags?post=35707"}],"curies":[{"name":"wp","href":"https:\/\/api.w.org\/{rel}","templated":true}]}}