{"id":3573,"date":"2021-04-26T18:43:15","date_gmt":"2021-04-26T18:43:15","guid":{"rendered":"https:\/\/tintafresca.net\/?p=3573"},"modified":"2021-04-26T22:53:30","modified_gmt":"2021-04-26T22:53:30","slug":"batalha-decide-reforcar-os-testes-rapidos-nas-empresas-e-projeta-intervencao-de-40-mil-euros-no-centro-de-saude-de-sao-mamede","status":"publish","type":"post","link":"https:\/\/tintafresca.net\/index.php\/2021\/04\/26\/batalha-decide-reforcar-os-testes-rapidos-nas-empresas-e-projeta-intervencao-de-40-mil-euros-no-centro-de-saude-de-sao-mamede\/","title":{"rendered":"Batalha decide refor\u00e7ar os testes r\u00e1pidos nas empresas e investe 40 mil euros no centro de sa\u00fade de S\u00e3o Mamede"},"content":{"rendered":"<div id=\"attachment_3575\" style=\"width: 360px\" class=\"wp-caption alignleft\"><img loading=\"lazy\" decoding=\"async\" aria-describedby=\"caption-attachment-3575\" class=\"wp-image-3575 size-full\" src=\"https:\/\/tintafresca.net\/wp-content\/uploads\/2021\/04\/Batalha_teste_antigenio10.jpg\" alt=\"\" width=\"350\" height=\"466\" \/><p id=\"caption-attachment-3575\" class=\"wp-caption-text\">Munic\u00edpio da Batalha vai aumentar n\u00famero de testes r\u00e1pidos \u00e0 Covid-19 junto das empresas<\/p><\/div>\n<p>A C\u00e2mara Municipal da Batalha vai investir 40 mil euros na requalifica\u00e7\u00e3o do Centro de Sa\u00fade de S\u00e3o Mamede, no quadro da descentraliza\u00e7\u00e3o de compet\u00eancias na \u00e1rea da Sa\u00fade e como medida de melhoria de atendimento dos utentes e qualifica\u00e7\u00e3o das condi\u00e7\u00f5es de trabalho dos profissionais de sa\u00fade.<\/p>\n<p>Esta interven\u00e7\u00e3o visa melhorar as condi\u00e7\u00f5es de seguran\u00e7a e funcionalidade daquele Centro de Sa\u00fade que apresenta v\u00e1rios problemas de conserva\u00e7\u00e3o e que desde o dia 01 de abril se encontra sob gest\u00e3o municipal, seguindo-se \u00e0 interven\u00e7\u00e3o j\u00e1 realizada no Centro de Sa\u00fade do Reguengo do Fetal que permitiu a reabertura daquela unidade de cuidados de sa\u00fade prim\u00e1rios.<\/p>\n<p>\u00abO Munic\u00edpio da Batalha definiu um plano de investimentos na sa\u00fade e vai refor\u00e7ar as medidas de apoio \u00e0 popula\u00e7\u00e3o no \u00e2mbito da pandemia que estamos a viver, uma vez que ainda registamos n\u00edveis de incid\u00eancia que devem merecer uma resposta imediata\u00bb, refere o presidente da c\u00e2mara municipal da Batalha, Paulo Batista Santos.<\/p>\n<p>No tocante ao acompanhamento da evolu\u00e7\u00e3o da pandemia, o munic\u00edpio da Batalha em articula\u00e7\u00e3o com a Unidade de Sa\u00fade P\u00fablica de Leiria, decidiu aumentar o n\u00famero de testes r\u00e1pidos \u00e0 Covid-19 junto das empresas e setores de maior risco, como medida de preven\u00e7\u00e3o ao recente aumento de n\u00famero de casos ativos identificados na popula\u00e7\u00e3o escolar e com consequ\u00eancias na Comunidade.<\/p>\n<p>Neste particular, esta semana ser\u00e3o realizados mais de meio milhar de testes r\u00e1pidos \u00e0 Covid-19, bem assim as situa\u00e7\u00f5es identificadas no meio escolar est\u00e3o a ser devidamente acompanhadas pelas autoridades de sa\u00fade, embora com o \u201crefor\u00e7o de aten\u00e7\u00e3o por parte do munic\u00edpio, uma vez que os casos foram identificados tardiamente e infelizmente com consequ\u00eancia para a comunidade\u201d, refere o autarca da Batalha.<\/p>\n<p>Note-se que os testes realizados pelo Minist\u00e9rio de Educa\u00e7\u00e3o aos alunos e demais comunidade escolar ocorreram j\u00e1 depois da retoma das atividades escolares, no meio da semana, e desta forma permitiu-se alguns contactos que seriam evitados caso a testagem ocorre-se imediatamente antes do rein\u00edcio das aulas presenciais.<\/p>\n<p>O Munic\u00edpio da Batalha apresenta \u00e0 data de hoje 20 casos ativos, o que em fun\u00e7\u00e3o da popula\u00e7\u00e3o, corresponde 125 casos por cem mil habitantes, o que coloca o concelho em risco moderado.<\/p>\n<p><strong>\u00a0 \u00a0Fonte: MB<\/strong><\/p>\n","protected":false},"excerpt":{"rendered":"<p>A C\u00e2mara Municipal da Batalha vai investir 40 mil euros na requalifica\u00e7\u00e3o do Centro de Sa\u00fade de S\u00e3o Mamede, no quadro da descentraliza\u00e7\u00e3o de compet\u00eancias na \u00e1rea da Sa\u00fade e como medida de melhoria de atendimento dos utentes e qualifica\u00e7\u00e3o das condi\u00e7\u00f5es de trabalho dos profissionais de sa\u00fade. Esta interven\u00e7\u00e3o visa melhorar as condi\u00e7\u00f5es de [&hellip;]<\/p>\n","protected":false},"author":2,"featured_media":3577,"comment_status":"open","ping_status":"open","sticky":false,"template":"","format":"standard","meta":{"footnotes":""},"categories":[6],"tags":[],"class_list":["post-3573","post","type-post","status-publish","format-standard","has-post-thumbnail","hentry","category-saude"],"_links":{"self":[{"href":"https:\/\/tintafresca.net\/index.php\/wp-json\/wp\/v2\/posts\/3573","targetHints":{"allow":["GET"]}}],"collection":[{"href":"https:\/\/tintafresca.net\/index.php\/wp-json\/wp\/v2\/posts"}],"about":[{"href":"https:\/\/tintafresca.net\/index.php\/wp-json\/wp\/v2\/types\/post"}],"author":[{"embeddable":true,"href":"https:\/\/tintafresca.net\/index.php\/wp-json\/wp\/v2\/users\/2"}],"replies":[{"embeddable":true,"href":"https:\/\/tintafresca.net\/index.php\/wp-json\/wp\/v2\/comments?post=3573"}],"version-history":[{"count":4,"href":"https:\/\/tintafresca.net\/index.php\/wp-json\/wp\/v2\/posts\/3573\/revisions"}],"predecessor-version":[{"id":3589,"href":"https:\/\/tintafresca.net\/index.php\/wp-json\/wp\/v2\/posts\/3573\/revisions\/3589"}],"wp:featuredmedia":[{"embeddable":true,"href":"https:\/\/tintafresca.net\/index.php\/wp-json\/wp\/v2\/media\/3577"}],"wp:attachment":[{"href":"https:\/\/tintafresca.net\/index.php\/wp-json\/wp\/v2\/media?parent=3573"}],"wp:term":[{"taxonomy":"category","embeddable":true,"href":"https:\/\/tintafresca.net\/index.php\/wp-json\/wp\/v2\/categories?post=3573"},{"taxonomy":"post_tag","embeddable":true,"href":"https:\/\/tintafresca.net\/index.php\/wp-json\/wp\/v2\/tags?post=3573"}],"curies":[{"name":"wp","href":"https:\/\/api.w.org\/{rel}","templated":true}]}}