{"id":35756,"date":"2024-06-28T18:15:53","date_gmt":"2024-06-28T18:15:53","guid":{"rendered":"https:\/\/tintafresca.net\/?p=35756"},"modified":"2024-06-29T00:01:10","modified_gmt":"2024-06-29T00:01:10","slug":"feira-de-sao-pedro-ja-abriu-em-torres-vedras-juntando-tradicao-e-inovacao","status":"publish","type":"post","link":"https:\/\/tintafresca.net\/index.php\/2024\/06\/28\/feira-de-sao-pedro-ja-abriu-em-torres-vedras-juntando-tradicao-e-inovacao\/","title":{"rendered":"Feira de S\u00e3o Pedro j\u00e1 abriu em Torres Vedras juntando tradi\u00e7\u00e3o e inova\u00e7\u00e3o"},"content":{"rendered":"<div id=\"attachment_35758\" style=\"width: 510px\" class=\"wp-caption alignleft\"><img loading=\"lazy\" decoding=\"async\" aria-describedby=\"caption-attachment-35758\" class=\"wp-image-35758 size-full\" src=\"https:\/\/tintafresca.net\/wp-content\/uploads\/2024\/06\/TV_Feira_Sao_Pedro10.jpg\" alt=\"\" width=\"500\" height=\"333\" srcset=\"https:\/\/tintafresca.net\/wp-content\/uploads\/2024\/06\/TV_Feira_Sao_Pedro10.jpg 500w, https:\/\/tintafresca.net\/wp-content\/uploads\/2024\/06\/TV_Feira_Sao_Pedro10-300x200.jpg 300w\" sizes=\"auto, (max-width: 500px) 100vw, 500px\" \/><p id=\"caption-attachment-35758\" class=\"wp-caption-text\">Inaugura\u00e7\u00e3o da Feira de S\u00e3o Pedro<\/p><\/div>\n<p>Est\u00e1 inaugurada a t\u00e3o aguardada Feira de S\u00e3o Pedro, um dos eventos mais emblem\u00e1ticos e tradicionais de Torres Vedras, que \u00e9 considerada a maior mostra agroindustrial e comercial da regi\u00e3o Oeste, desde o dia 27 de junho at\u00e9 ao dia 7 de julho.<\/p>\n<p>A cerim\u00f3nia de abertura contou com as interven\u00e7\u00f5es do Secret\u00e1rio de Estado do Turismo, Pedro Machado, que destacou a import\u00e2ncia da ind\u00fastria do turismo para o desenvolvimento do territ\u00f3rio e a relev\u00e2ncia destes eventos, tais como a feira de S\u00e3o Pedro, em particular. Para al\u00e9m disso, Pedro Machado, tamb\u00e9m referiu o facto de o evento ter uma componente essencial para o progresso da atividade tur\u00edstica, as empresas privadas, por desenvolverem os seus neg\u00f3cios e, por sua vez atrair maior tr\u00e1fego de turistas para o nosso pa\u00eds.<\/p>\n<p>A presidente da C\u00e2mara Municipal de Torres Vedras, Laura Rodrigues, real\u00e7ou o facto de o evento ser um lugar de encontro das \u201cgentes de c\u00e1 e daqueles que nos visitam\u201d e o presidente do Conselho de Administra\u00e7\u00e3o da Promotorres E.M, Rui Penetra felicitou todos aqueles que trabalham em prol do evento e principalmente todo o setor empresarial.<\/p>\n<p>A Feira de S\u00e3o Pedro n\u00e3o \u00e9 apenas um evento festivo, mas tamb\u00e9m um impulsionador da economia local. A feira gera oportunidades para comerciantes, artes\u00e3os, agricultores e pequenos neg\u00f3cios, fomentando o desenvolvimento econ\u00f3mico e social da regi\u00e3o.<\/p>\n<p>Este ano, a Feira de S\u00e3o Pedro apresenta uma programa\u00e7\u00e3o variada que inclui:<\/p>\n<p><strong>|Expositores:<\/strong>\u00a0Mais de 200 empresas de diversas \u00e1reas apresentam os seus produtos e servi\u00e7os, proporcionando um espa\u00e7o de networking e neg\u00f3cios. Tamb\u00e9m, est\u00e3o presentes cerca de 100 feirantes tradicionais e 30 locais de venda de artesanato.<\/p>\n<p><strong>|Gastronomia:<\/strong>\u00a0V\u00e1rias estruturas de comida e bebida e zonas de restaura\u00e7\u00e3o, com cinco restaurantes, oito tasquinhas e cinco bares, com comidas t\u00edpicas, doces tradicionais e bebidas. E, ainda o espa\u00e7o\u00a0<em>Vinho nas Linhas<\/em>\u00a0que promove os vinhos da regi\u00e3o de Lisboa.<\/p>\n<p><strong>|Entretenimento:<\/strong>\u00a0Zona de anima\u00e7\u00e3o, bandas musicais, cantores e DJs, bem como anima\u00e7\u00e3o itinerante, marchas populares e stand-up comedy que celebram a heran\u00e7a de Torres Vedras.<\/p>\n<p><strong>|Divers\u00f5es:<\/strong>\u00a0Uma ampla \u00e1rea com divertimentos e jogos para crian\u00e7as e adultos.<\/p>\n<p><strong>|Eventos Especiais:<\/strong>\u00a0Confer\u00eancias e Showcookigns no Audit\u00f3rio Feira de S\u00e3o Pedro &#8211; Caixa Agr\u00edcola de Torres Vedras e no espa\u00e7o\u00a0<em>Vinho nas Linhas<\/em>\u00a0com tem\u00e1ticas ligadas \u00e0 agricultura sustent\u00e1vel e inova\u00e7\u00e3o.<\/p>\n<p>Um dos pontos altos da feira \u00e9 precisamente o\u00a0<em>Vinho nas Linhas<\/em>, um espa\u00e7o dedicado \u00e0 promo\u00e7\u00e3o dos vinhos da regi\u00e3o de Lisboa. Com a participa\u00e7\u00e3o de v\u00e1rios produtores, os visitantes podem desfrutar de degusta\u00e7\u00f5es, palestras sobre enologia e harmoniza\u00e7\u00e3o de vinhos, al\u00e9m de poderem adquirir vinho na loja presente no local. O cart\u00e3o de provas tamb\u00e9m \u00e9 uma op\u00e7\u00e3o, permitindo que os visitantes experimentem uma variedade de vinhos por um pre\u00e7o acess\u00edvel.<\/p>\n<p>Quanto ao estacionamento e para comodidade dos visitantes, \u00e0s sextas, s\u00e1bados e domingos, poder\u00e3o estacionar a sua viatura no parque de estacionamento existente junto \u00e0 rotunda da Acral, sendo disponibilizado um transporte, gratuito, a cada 30 minutos (sujeito a demora), no seguinte hor\u00e1rio: sextas-feiras (19h00 \u00e0s 02h00); s\u00e1bados (19h00 \u00e0s 02h00); domingos (19h00 \u00e0 01h00).<\/p>\n<p>Tamb\u00e9m o Mercado Municipal de Torres Vedras, a 8 minutos a p\u00e9 do certame, em que a primeira hora \u00e9 gratuita, alargar\u00e1 o hor\u00e1rio do seu parque de estacionamento subterr\u00e2neo, no seguinte hor\u00e1rio: sextas-feiras (at\u00e9 \u00e0s 02h00); s\u00e1bados (at\u00e9 \u00e0s 02h00) e domingos (at\u00e9 \u00e0s 01h00).<\/p>\n<p>Com a expectativa de atrair milhares de visitantes durante os onze dias de evento, a organiza\u00e7\u00e3o refor\u00e7ou as medidas de seguran\u00e7a e infraestrutura, \u00e0 semelhan\u00e7a das edi\u00e7\u00f5es anteriores. H\u00e1 um espa\u00e7o expositivo dedicado \u00e0s For\u00e7as de Seguran\u00e7a e Socorro, al\u00e9m de um Posto de Socorros. Tamb\u00e9m, para que a feira ocorra de forma tranquila e segura, o programa \u201cEstou Aqui\u201d da PSP estar\u00e1 presente para que possa obter uma pulseira identificativa para crian\u00e7as, dos 2 aos 15 anos. Em caso de emerg\u00eancia, o menor poder\u00e1 recorrer a um adulto que, atrav\u00e9s da pulseira, conseguir\u00e1 ajudar na localiza\u00e7\u00e3o e identifica\u00e7\u00e3o, garantindo a sua seguran\u00e7a.<\/p>\n<p>At\u00e9 ao dia 7 de julho, a cidade estar\u00e1 em festa, oferecendo um leque de experi\u00eancias \u00fanicas para todos os que a visitarem. Venha celebrar connosco e fa\u00e7a parte desta hist\u00f3ria!<\/p>\n<p>Para mais informa\u00e7\u00f5es sobre a Feira de S\u00e3o Pedro, consulte o site oficial em www.feiradesaopedro.pt ou siga as nossas redes sociais.<\/p>\n<p>A Feira de S\u00e3o Pedro \u00e9 uma organiza\u00e7\u00e3o da C\u00e2mara Municipal de Torres Vedras e da empresa municipal Promotorres.<\/p>\n","protected":false},"excerpt":{"rendered":"<p>Est\u00e1 inaugurada a t\u00e3o aguardada Feira de S\u00e3o Pedro, um dos eventos mais emblem\u00e1ticos e tradicionais de Torres Vedras, que \u00e9 considerada a maior mostra agroindustrial e comercial da regi\u00e3o Oeste, desde o dia 27 de junho at\u00e9 ao dia 7 de julho. A cerim\u00f3nia de abertura contou com as interven\u00e7\u00f5es do Secret\u00e1rio de Estado [&hellip;]<\/p>\n","protected":false},"author":2,"featured_media":35759,"comment_status":"open","ping_status":"open","sticky":false,"template":"","format":"standard","meta":{"footnotes":""},"categories":[7,11],"tags":[],"class_list":["post-35756","post","type-post","status-publish","format-standard","has-post-thumbnail","hentry","category-economia","category-sociedade"],"_links":{"self":[{"href":"https:\/\/tintafresca.net\/index.php\/wp-json\/wp\/v2\/posts\/35756","targetHints":{"allow":["GET"]}}],"collection":[{"href":"https:\/\/tintafresca.net\/index.php\/wp-json\/wp\/v2\/posts"}],"about":[{"href":"https:\/\/tintafresca.net\/index.php\/wp-json\/wp\/v2\/types\/post"}],"author":[{"embeddable":true,"href":"https:\/\/tintafresca.net\/index.php\/wp-json\/wp\/v2\/users\/2"}],"replies":[{"embeddable":true,"href":"https:\/\/tintafresca.net\/index.php\/wp-json\/wp\/v2\/comments?post=35756"}],"version-history":[{"count":2,"href":"https:\/\/tintafresca.net\/index.php\/wp-json\/wp\/v2\/posts\/35756\/revisions"}],"predecessor-version":[{"id":35760,"href":"https:\/\/tintafresca.net\/index.php\/wp-json\/wp\/v2\/posts\/35756\/revisions\/35760"}],"wp:featuredmedia":[{"embeddable":true,"href":"https:\/\/tintafresca.net\/index.php\/wp-json\/wp\/v2\/media\/35759"}],"wp:attachment":[{"href":"https:\/\/tintafresca.net\/index.php\/wp-json\/wp\/v2\/media?parent=35756"}],"wp:term":[{"taxonomy":"category","embeddable":true,"href":"https:\/\/tintafresca.net\/index.php\/wp-json\/wp\/v2\/categories?post=35756"},{"taxonomy":"post_tag","embeddable":true,"href":"https:\/\/tintafresca.net\/index.php\/wp-json\/wp\/v2\/tags?post=35756"}],"curies":[{"name":"wp","href":"https:\/\/api.w.org\/{rel}","templated":true}]}}