{"id":35777,"date":"2024-06-29T19:08:59","date_gmt":"2024-06-29T19:08:59","guid":{"rendered":"https:\/\/tintafresca.net\/?p=35777"},"modified":"2024-07-01T09:41:57","modified_gmt":"2024-07-01T09:41:57","slug":"concelho-de-peniche-vai-receber-centrais-solares-em-serra-del-rei-e-atouguia-da-baleia","status":"publish","type":"post","link":"https:\/\/tintafresca.net\/index.php\/2024\/06\/29\/concelho-de-peniche-vai-receber-centrais-solares-em-serra-del-rei-e-atouguia-da-baleia\/","title":{"rendered":"Concelho de Peniche vai ter duas centrais solares em Serra D\u2019El-Rei e Atouguia da Baleia"},"content":{"rendered":"<div id=\"attachment_24423\" style=\"width: 510px\" class=\"wp-caption alignleft\"><img loading=\"lazy\" decoding=\"async\" aria-describedby=\"caption-attachment-24423\" class=\"wp-image-24423 size-full\" src=\"https:\/\/tintafresca.net\/wp-content\/uploads\/2023\/02\/Paineis_solares10.jpg\" alt=\"\" width=\"500\" height=\"375\" srcset=\"https:\/\/tintafresca.net\/wp-content\/uploads\/2023\/02\/Paineis_solares10.jpg 500w, https:\/\/tintafresca.net\/wp-content\/uploads\/2023\/02\/Paineis_solares10-300x225.jpg 300w\" sizes=\"auto, (max-width: 500px) 100vw, 500px\" \/><p id=\"caption-attachment-24423\" class=\"wp-caption-text\">Pain\u00e9is solares<\/p><\/div>\n<p>Recentemente foram apresentados dois projetos de centrais fotovoltaicas para o concelho de Peniche. O primeiro com pot\u00eancia de 17,9MW e localiza\u00e7\u00e3o na freguesia de Serra D\u2019El-Rei, no Planalto das Cesaredas, ocupando uma \u00e1rea de 36 hectares, e contemplando aproximadamente 28 mil m\u00f3dulos fotovoltaicos e uma produ\u00e7\u00e3o de 26GW\/h por ano, que esteve em consulta p\u00fablica, no in\u00edcio de 2023.<\/p>\n<p>Um segundo, com pot\u00eancia de 8MW, localizado na freguesia de Atouguia da Baleia, junto a Porto de Lobos, numa \u00e1rea de 13 hectares com cerca de 18 mil m\u00f3dulos fotovoltaicos que v\u00e3o produzir 16 GW\/h por ano, o equivalente ao consumo de quase oito mil habita\u00e7\u00f5es.<\/p>\n<p>Segundo a Arm\u00e9ria \u2013 Movimento Ambientalista de Peniche, s\u00e3o projetos diferenciados nos seus impactos. \u201cA central das Cesaredas representa claramente uma amea\u00e7a ao sens\u00edvel e valioso patrim\u00f3nio natural e cultural do planalto, tendo tido a Arm\u00e9ria a oportunidade de se manifestar em oposi\u00e7\u00e3o. Quanto \u00e0 central em Atouguia da Baleia, as quest\u00f5es ambientais ser\u00e3o menos relevantes, mas colocam-se d\u00favidas no que concerne \u00e0 localiza\u00e7\u00e3o e enquadramento paisag\u00edstico\u201d, defende.<\/p>\n<p>A Arm\u00e9ria reconhece a extrema import\u00e2ncia das energias renov\u00e1veis e do combate \u00e0s altera\u00e7\u00f5es clim\u00e1ticas, no entanto, considera que qualquer projeto de constru\u00e7\u00e3o de uma central fotovoltaica ter\u00e1 obrigatoriamente de passar por um processo devidamente esclarecedor e transparente.<\/p>\n<p>A associa\u00e7\u00e3o ambientalista nota que, em devido tempo, a Arm\u00e9ria tentou promover a discuss\u00e3o em torno do primeiro projeto, mas o respetivo promotor n\u00e3o se disponibilizou para o efeito. Em alternativa a Arm\u00e9ria promoveu o debate com o Prof. Dr. Francisco Ferreira, da associa\u00e7\u00e3o Zero, onde foi abordado o \u201cestado da arte\u201d dos v\u00e1rios tipos de energia sustent\u00e1vel e quais os prov\u00e1veis desenvolvimentos futuros visando a independ\u00eancia dos combust\u00edveis f\u00f3sseis. Foi tamb\u00e9m encarada a quest\u00e3o da press\u00e3o e dos danos cada vez mais not\u00f3rios que alguns desses projetos come\u00e7am a incutir no patrim\u00f3nio e paisagens naturais e mesmo em algumas atividades econ\u00f3micas, e como encontrar o necess\u00e1rio equil\u00edbrio.<\/p>\n<p>O ideal, segundo a Arm\u00e9ria, seria que a autarquia definisse previamente os locais do concelho pass\u00edveis de constru\u00e7\u00e3o deste tipo de estruturas e as \u00e1reas a alocar, atrav\u00e9s de um processo de discuss\u00e3o p\u00fablica, de forma a evitar a sobrecarga num territ\u00f3rio de \u00e1rea reduzida. Tamb\u00e9m as contrapartidas normalmente associadas a este tipo de investimentos dever\u00e3o ser do conhecimento p\u00fablico, nomeadamente nos benef\u00edcios que aportam aos habitantes do concelho.<\/p>\n<p>O Movimento Ambientalista de Peniche manifesta a convic\u00e7\u00e3o que uma discuss\u00e3o mais aprofundada e envolvente deste tema permitiria encontrar zonas no concelho em que as perdas ambientais e paisag\u00edsticas poderiam ser compensadas pelos ganhos em sustentabilidade.<\/p>\n<p><strong>Fonte: Arm\u00e9ria<\/strong><\/p>\n","protected":false},"excerpt":{"rendered":"<p>Recentemente foram apresentados dois projetos de centrais fotovoltaicas para o concelho de Peniche. O primeiro com pot\u00eancia de 17,9MW e localiza\u00e7\u00e3o na freguesia de Serra D\u2019El-Rei, no Planalto das Cesaredas, ocupando uma \u00e1rea de 36 hectares, e contemplando aproximadamente 28 mil m\u00f3dulos fotovoltaicos e uma produ\u00e7\u00e3o de 26GW\/h por ano, que esteve em consulta p\u00fablica, [&hellip;]<\/p>\n","protected":false},"author":2,"featured_media":35780,"comment_status":"open","ping_status":"open","sticky":false,"template":"","format":"standard","meta":{"footnotes":""},"categories":[9,7],"tags":[],"class_list":["post-35777","post","type-post","status-publish","format-standard","has-post-thumbnail","hentry","category-ambiente","category-economia"],"_links":{"self":[{"href":"https:\/\/tintafresca.net\/index.php\/wp-json\/wp\/v2\/posts\/35777","targetHints":{"allow":["GET"]}}],"collection":[{"href":"https:\/\/tintafresca.net\/index.php\/wp-json\/wp\/v2\/posts"}],"about":[{"href":"https:\/\/tintafresca.net\/index.php\/wp-json\/wp\/v2\/types\/post"}],"author":[{"embeddable":true,"href":"https:\/\/tintafresca.net\/index.php\/wp-json\/wp\/v2\/users\/2"}],"replies":[{"embeddable":true,"href":"https:\/\/tintafresca.net\/index.php\/wp-json\/wp\/v2\/comments?post=35777"}],"version-history":[{"count":7,"href":"https:\/\/tintafresca.net\/index.php\/wp-json\/wp\/v2\/posts\/35777\/revisions"}],"predecessor-version":[{"id":35815,"href":"https:\/\/tintafresca.net\/index.php\/wp-json\/wp\/v2\/posts\/35777\/revisions\/35815"}],"wp:featuredmedia":[{"embeddable":true,"href":"https:\/\/tintafresca.net\/index.php\/wp-json\/wp\/v2\/media\/35780"}],"wp:attachment":[{"href":"https:\/\/tintafresca.net\/index.php\/wp-json\/wp\/v2\/media?parent=35777"}],"wp:term":[{"taxonomy":"category","embeddable":true,"href":"https:\/\/tintafresca.net\/index.php\/wp-json\/wp\/v2\/categories?post=35777"},{"taxonomy":"post_tag","embeddable":true,"href":"https:\/\/tintafresca.net\/index.php\/wp-json\/wp\/v2\/tags?post=35777"}],"curies":[{"name":"wp","href":"https:\/\/api.w.org\/{rel}","templated":true}]}}