{"id":35901,"date":"2024-07-08T18:41:33","date_gmt":"2024-07-08T18:41:33","guid":{"rendered":"https:\/\/tintafresca.net\/?p=35901"},"modified":"2024-07-08T23:27:37","modified_gmt":"2024-07-08T23:27:37","slug":"instituto-politecnico-de-santarem-apresentou-a-universidade-europeia-ace2eu","status":"publish","type":"post","link":"https:\/\/tintafresca.net\/index.php\/2024\/07\/08\/instituto-politecnico-de-santarem-apresentou-a-universidade-europeia-ace2eu\/","title":{"rendered":"Instituto Polit\u00e9cnico de Santar\u00e9m apresentou a Universidade Europeia ACE2EU"},"content":{"rendered":"<div id=\"attachment_35903\" style=\"width: 396px\" class=\"wp-caption alignleft\"><img loading=\"lazy\" decoding=\"async\" aria-describedby=\"caption-attachment-35903\" class=\"wp-image-35903 size-full\" src=\"https:\/\/tintafresca.net\/wp-content\/uploads\/2024\/07\/IPS_Maria_Potes_Barbas.jpeg\" alt=\"\" width=\"386\" height=\"386\" srcset=\"https:\/\/tintafresca.net\/wp-content\/uploads\/2024\/07\/IPS_Maria_Potes_Barbas.jpeg 386w, https:\/\/tintafresca.net\/wp-content\/uploads\/2024\/07\/IPS_Maria_Potes_Barbas-300x300.jpeg 300w, https:\/\/tintafresca.net\/wp-content\/uploads\/2024\/07\/IPS_Maria_Potes_Barbas-150x150.jpeg 150w\" sizes=\"auto, (max-width: 386px) 100vw, 386px\" \/><p id=\"caption-attachment-35903\" class=\"wp-caption-text\">Maria Potes Barbas<\/p><\/div>\n<p>A NERSANT &#8211; Associa\u00e7\u00e3o Empresarial da Regi\u00e3o de Santar\u00e9m esteve presente no dia 5 de julho na Escola Superior de Educa\u00e7\u00e3o de Santar\u00e9m do Instituto Polit\u00e9cnico de Santar\u00e9m para a apresenta\u00e7\u00e3o da Universidade Europeia ACE2EU.<\/p>\n<p>A Applied Connected, Entrepreneurial and Engaged European University (ACE2EU) tem como miss\u00e3o preparar alunos, funcion\u00e1rios, pesquisadores e partes interessadas externas com conhecimentos, habilidades e compet\u00eancias para enfrentar desafios futuros, promovendo uma transforma\u00e7\u00e3o social sustent\u00e1vel. Para isso, utilizam a abordagem ACE2EU, colaborando com partes interessadas externas para criar oportunidades de aprendizagem conjuntas e inovadoras em educa\u00e7\u00e3o, pesquisa, inova\u00e7\u00e3o e servi\u00e7o \u00e0 sociedade. Essas oportunidades s\u00e3o desenvolvidas por equipes multidisciplinares europeias, compostas por alunos, funcion\u00e1rios, pesquisadores e partes interessadas.<\/p>\n<p>A Universidade Europeia abrange 9 pa\u00edses e inclui Universidades de Investiga\u00e7\u00e3o, Ci\u00eancias Aplicadas, Medicina, Polit\u00e9cnicas e Cultura e Artes, acolhendo diferentes regi\u00f5es da Europa, incluindo os Balc\u00e3s: Polit\u00e9cnico de Santar\u00e9m (Portugal), Carinthia University of Applied Sciences (\u00c1ustria), Technishe Hochschule Inglostadt (Alemanha), University Francisco de Vitoria (Espanha), Latvian Academy of Culture (Let\u00f3nia), Kaunas University of Technology (Litu\u00e2nia), , Goce Delcev University (Maced\u00f3nia do Norte), Medical University of Gdansk (Pol\u00f3nia) e University Constantin Br\u00e2ncusi T\u00e2rgu \u2013 Jiu (Rom\u00e9nia).<\/p>\n<p>A sess\u00e3o contou com a presen\u00e7a de representantes da Universidade Europeia ACE2EU, docentes, investigadores, estudantes e outros stakeholders do setor educativo. Durante o evento, foram apresentados os objetivos, benef\u00edcios e oportunidades oferecidos por esta colabora\u00e7\u00e3o internacional.<\/p>\n<p>O presidente do Instituto Polit\u00e9cnico de Santar\u00e9m, Jo\u00e3o Mout\u00e3o, abriu a sess\u00e3o destacando a import\u00e2ncia desta parceria para a institui\u00e7\u00e3o e para a regi\u00e3o. Seguiu-se uma apresenta\u00e7\u00e3o detalhada do projeto ACE2EU, conduzida pelo Coordenadora do Projeto, Maria Potes Barbas.<\/p>\n<p>A sess\u00e3o incluiu tamb\u00e9m uma mesa-redonda, onde os participantes tiveram a oportunidade de colocar quest\u00f5es e debater ideias sobre o futuro da coopera\u00e7\u00e3o acad\u00e9mica na Europa. Este evento foi uma oportunidade \u00fanica para estudantes, docentes e investigadores se envolverem num projeto que promete enriquecer a educa\u00e7\u00e3o superior na Europa e fortalecer as rela\u00e7\u00f5es entre as institui\u00e7\u00f5es participantes.<\/p>\n<p><strong>\u00a0 \u00a0 \u00a0Fonte: Nersant<\/strong><\/p>\n","protected":false},"excerpt":{"rendered":"<p>A NERSANT &#8211; Associa\u00e7\u00e3o Empresarial da Regi\u00e3o de Santar\u00e9m esteve presente no dia 5 de julho na Escola Superior de Educa\u00e7\u00e3o de Santar\u00e9m do Instituto Polit\u00e9cnico de Santar\u00e9m para a apresenta\u00e7\u00e3o da Universidade Europeia ACE2EU. A Applied Connected, Entrepreneurial and Engaged European University (ACE2EU) tem como miss\u00e3o preparar alunos, funcion\u00e1rios, pesquisadores e partes interessadas externas [&hellip;]<\/p>\n","protected":false},"author":2,"featured_media":35904,"comment_status":"open","ping_status":"open","sticky":false,"template":"","format":"standard","meta":{"footnotes":""},"categories":[14],"tags":[],"class_list":["post-35901","post","type-post","status-publish","format-standard","has-post-thumbnail","hentry","category-educacao"],"_links":{"self":[{"href":"https:\/\/tintafresca.net\/index.php\/wp-json\/wp\/v2\/posts\/35901","targetHints":{"allow":["GET"]}}],"collection":[{"href":"https:\/\/tintafresca.net\/index.php\/wp-json\/wp\/v2\/posts"}],"about":[{"href":"https:\/\/tintafresca.net\/index.php\/wp-json\/wp\/v2\/types\/post"}],"author":[{"embeddable":true,"href":"https:\/\/tintafresca.net\/index.php\/wp-json\/wp\/v2\/users\/2"}],"replies":[{"embeddable":true,"href":"https:\/\/tintafresca.net\/index.php\/wp-json\/wp\/v2\/comments?post=35901"}],"version-history":[{"count":2,"href":"https:\/\/tintafresca.net\/index.php\/wp-json\/wp\/v2\/posts\/35901\/revisions"}],"predecessor-version":[{"id":35905,"href":"https:\/\/tintafresca.net\/index.php\/wp-json\/wp\/v2\/posts\/35901\/revisions\/35905"}],"wp:featuredmedia":[{"embeddable":true,"href":"https:\/\/tintafresca.net\/index.php\/wp-json\/wp\/v2\/media\/35904"}],"wp:attachment":[{"href":"https:\/\/tintafresca.net\/index.php\/wp-json\/wp\/v2\/media?parent=35901"}],"wp:term":[{"taxonomy":"category","embeddable":true,"href":"https:\/\/tintafresca.net\/index.php\/wp-json\/wp\/v2\/categories?post=35901"},{"taxonomy":"post_tag","embeddable":true,"href":"https:\/\/tintafresca.net\/index.php\/wp-json\/wp\/v2\/tags?post=35901"}],"curies":[{"name":"wp","href":"https:\/\/api.w.org\/{rel}","templated":true}]}}