{"id":35916,"date":"2024-07-09T17:16:33","date_gmt":"2024-07-09T17:16:33","guid":{"rendered":"https:\/\/tintafresca.net\/?p=35916"},"modified":"2024-07-10T18:07:33","modified_gmt":"2024-07-10T18:07:33","slug":"camara-municipal-aprova-concurso-para-construcao-do-novo-centro-de-saude-do-cartaxo","status":"publish","type":"post","link":"https:\/\/tintafresca.net\/index.php\/2024\/07\/09\/camara-municipal-aprova-concurso-para-construcao-do-novo-centro-de-saude-do-cartaxo\/","title":{"rendered":"C\u00e2mara Municipal do Cartaxo aprova concurso para constru\u00e7\u00e3o do novo Centro de Sa\u00fade"},"content":{"rendered":"<div id=\"attachment_35918\" style=\"width: 510px\" class=\"wp-caption alignleft\"><img loading=\"lazy\" decoding=\"async\" aria-describedby=\"caption-attachment-35918\" class=\"wp-image-35918 size-full\" src=\"https:\/\/tintafresca.net\/wp-content\/uploads\/2024\/07\/Cartaxo_Centro_Saude10.jpg\" alt=\"\" width=\"500\" height=\"375\" srcset=\"https:\/\/tintafresca.net\/wp-content\/uploads\/2024\/07\/Cartaxo_Centro_Saude10.jpg 500w, https:\/\/tintafresca.net\/wp-content\/uploads\/2024\/07\/Cartaxo_Centro_Saude10-300x225.jpg 300w\" sizes=\"auto, (max-width: 500px) 100vw, 500px\" \/><p id=\"caption-attachment-35918\" class=\"wp-caption-text\">Novo Centro de Sa\u00fade do Cartaxo<\/p><\/div>\n<p>O presidente da C\u00e2mara Municipal do Cartaxo, Jo\u00e3o ferreira Heitor, levou \u00e0 reuni\u00e3o do executivo de 4 de julho, a proposta de abertura de concurso p\u00fablico para a Empreitada de Constru\u00e7\u00e3o da Unidade de Sa\u00fade do Cartaxo \u2013 novo Centro de Sa\u00fade do Cartaxo \u2013, que foi aprovada por unanimidade. A obra tem financiamento assegurado e dever\u00e1 estar conclu\u00edda at\u00e9 ao segundo semestre de 2026. Ficar\u00e1 localizada nos terrenos onde, atualmente, se situa o parque de pesados da cidade do Cartaxo e dever\u00e1 ser financiada a 100% pela administra\u00e7\u00e3o central.<\/p>\n<p>Jo\u00e3o Ferreira Heitor destacou o \u201csalto qualitativo para a presta\u00e7\u00e3o de cuidados de sa\u00fade no nosso concelho, que esta unidade de sa\u00fade representa\u201d.<\/p>\n<p>O valor base do concurso \u00e9 de 3.009.449,37 \u20ac \u2013 sendo o contrato de financiamento j\u00e1 aprovado com a administra\u00e7\u00e3o central de 3.069.616,00 \u20ac \u2013 ou seja, a obra poder\u00e1 ser financiada a 100% se todos os pressupostos se mantiverem.<\/p>\n<p>O presidente da C\u00e2mara Municipal do Cartaxo destacou que o executivo, desde a sua tomada de posse, \u201cinsistiu e persistiu para que este dia, no qual apresentamos uma proposta real, concreta e exequ\u00edvel, fosse poss\u00edvel\u201d, afirmando que \u201cquando cheg\u00e1mos n\u00e3o havia uma linha escrita em documento nenhum. N\u00e3o havia, fosse o que fosse, de concreto sobre a inten\u00e7\u00e3o de construir este centro de sa\u00fade. O que havia era uma promessa e o que tivemos de fazer, foi trabalhar muito, com as entidades competentes e na elabora\u00e7\u00e3o do projeto, para conquistarmos o financiamento e ultrapassar muitos obst\u00e1culos\u201d.<\/p>\n<p>O autarca agradeceu a todas as pessoas, todos os t\u00e9cnicos municipais, \u201ccujo empenho possibilitou a assinatura do contrato de financiamento em junho e a aprova\u00e7\u00e3o da abertura do concurso p\u00fablico quinze dias depois\u201d, referindo que o esfor\u00e7o do executivo foi conduzido de modo estrat\u00e9gico em duas frentes \u2013 por um lado junto dos decisores para garantir que a constru\u00e7\u00e3o da Unidade de Sa\u00fade do Cartaxo era inclu\u00edda no PRR (Plano de Recupera\u00e7\u00e3o e Resili\u00eancia) e, por outro lado, na prepara\u00e7\u00e3o exaustiva das pe\u00e7as t\u00e9cnicas que permitissem ter um projeto para obra, no menor tempo poss\u00edvel \u2013 o que permitiu ter apenas duas semanas entre a assinatura do financiamento e o lan\u00e7amento do concurso p\u00fablico.<\/p>\n<p>A obra da nova unidade de sa\u00fade poder\u00e1 iniciar-se ainda este ano, mas a obrigatoriedade de cumprir todos os prazos legais de um concurso p\u00fablico e o facto da adjudica\u00e7\u00e3o estar sujeita a visto do Tribunal de Contas, podem levar a que o in\u00edcio da obra ocorra j\u00e1 em 2025.<\/p>\n","protected":false},"excerpt":{"rendered":"<p>O presidente da C\u00e2mara Municipal do Cartaxo, Jo\u00e3o ferreira Heitor, levou \u00e0 reuni\u00e3o do executivo de 4 de julho, a proposta de abertura de concurso p\u00fablico para a Empreitada de Constru\u00e7\u00e3o da Unidade de Sa\u00fade do Cartaxo \u2013 novo Centro de Sa\u00fade do Cartaxo \u2013, que foi aprovada por unanimidade. A obra tem financiamento assegurado [&hellip;]<\/p>\n","protected":false},"author":2,"featured_media":35919,"comment_status":"open","ping_status":"open","sticky":false,"template":"","format":"standard","meta":{"footnotes":""},"categories":[6],"tags":[],"class_list":["post-35916","post","type-post","status-publish","format-standard","has-post-thumbnail","hentry","category-saude"],"_links":{"self":[{"href":"https:\/\/tintafresca.net\/index.php\/wp-json\/wp\/v2\/posts\/35916","targetHints":{"allow":["GET"]}}],"collection":[{"href":"https:\/\/tintafresca.net\/index.php\/wp-json\/wp\/v2\/posts"}],"about":[{"href":"https:\/\/tintafresca.net\/index.php\/wp-json\/wp\/v2\/types\/post"}],"author":[{"embeddable":true,"href":"https:\/\/tintafresca.net\/index.php\/wp-json\/wp\/v2\/users\/2"}],"replies":[{"embeddable":true,"href":"https:\/\/tintafresca.net\/index.php\/wp-json\/wp\/v2\/comments?post=35916"}],"version-history":[{"count":4,"href":"https:\/\/tintafresca.net\/index.php\/wp-json\/wp\/v2\/posts\/35916\/revisions"}],"predecessor-version":[{"id":35922,"href":"https:\/\/tintafresca.net\/index.php\/wp-json\/wp\/v2\/posts\/35916\/revisions\/35922"}],"wp:featuredmedia":[{"embeddable":true,"href":"https:\/\/tintafresca.net\/index.php\/wp-json\/wp\/v2\/media\/35919"}],"wp:attachment":[{"href":"https:\/\/tintafresca.net\/index.php\/wp-json\/wp\/v2\/media?parent=35916"}],"wp:term":[{"taxonomy":"category","embeddable":true,"href":"https:\/\/tintafresca.net\/index.php\/wp-json\/wp\/v2\/categories?post=35916"},{"taxonomy":"post_tag","embeddable":true,"href":"https:\/\/tintafresca.net\/index.php\/wp-json\/wp\/v2\/tags?post=35916"}],"curies":[{"name":"wp","href":"https:\/\/api.w.org\/{rel}","templated":true}]}}