{"id":3597,"date":"2021-04-27T18:50:43","date_gmt":"2021-04-27T18:50:43","guid":{"rendered":"https:\/\/tintafresca.net\/?p=3597"},"modified":"2021-04-27T18:50:43","modified_gmt":"2021-04-27T18:50:43","slug":"centro-de-vacinacao-do-cartaxo-ja-administrou-7450-vacinas-contra-a-covid-19","status":"publish","type":"post","link":"https:\/\/tintafresca.net\/index.php\/2021\/04\/27\/centro-de-vacinacao-do-cartaxo-ja-administrou-7450-vacinas-contra-a-covid-19\/","title":{"rendered":"Centro de Vacina\u00e7\u00e3o do Cartaxo j\u00e1 administrou 7450 vacinas contra a COVID-19"},"content":{"rendered":"<div id=\"attachment_3599\" style=\"width: 510px\" class=\"wp-caption alignleft\"><img loading=\"lazy\" decoding=\"async\" aria-describedby=\"caption-attachment-3599\" class=\"wp-image-3599 size-full\" src=\"https:\/\/tintafresca.net\/wp-content\/uploads\/2021\/04\/Cartaxo_Vacinacao20.jpg\" alt=\"\" width=\"500\" height=\"333\" \/><p id=\"caption-attachment-3599\" class=\"wp-caption-text\">Centro de Vacina\u00e7\u00e3o do Cartaxo<\/p><\/div>\n<p>As equipas da \u00e1rea da sa\u00fade, prote\u00e7\u00e3o civil municipal, bombeiros municipais e trabalhadores de outras \u00e1reas de servi\u00e7os da C\u00e2mara Municipal que asseguram o Centro de Vacina\u00e7\u00e3o do Cartaxo, ultrapassaram na sexta-feira, dia 23 de abril, as 7450 vacinas administradas \u00e0 popula\u00e7\u00e3o.<\/p>\n<p>Das 7450 vacinas administradas, 4908 s\u00e3o primeiras doses e 2542 s\u00e3o segundas doses. Nesta fase, est\u00e3o a ser vacinadas pessoas dos 65 aos 79 anos de idade.<\/p>\n<p>Para al\u00e9m da popula\u00e7\u00e3o que integra a fase de vacina\u00e7\u00e3o atual, o Centro de Vacina\u00e7\u00e3o do Cartaxo est\u00e1 tamb\u00e9m a administrar vacinas a pessoas que se encontram acamadas &#8211; para o que criou uma equipa dedicada que vai ao domic\u00edlio do utente (estas visitas s\u00e3o sempre agendadas previamente).<\/p>\n<p>Desde o dia 23 de abril, est\u00e1 tamb\u00e9m dispon\u00edvel o portal de agendamento. As pessoas com 65 ou mais anos de idade podem agendar a data na qual v\u00e3o receber a vacina contra a Covid-19 \u2013 <a href=\"https:\/\/bit.ly\/3tJtnJy?fbclid=IwAR1V9BQmqpWYGI5u2orMNerQYCMbFAXqE92Muobuc-XqFYoj-r4UNgiUIjM\">https:\/\/bit.ly\/3tJtnJy<\/a> \u2013 o portal apenas permite o agendamento da primeira inocula\u00e7\u00e3o da vacina.<\/p>\n<p>No portal de agendamento, os interessados devem preencher os seus dados, receber\u00e3o depois uma mensagem SMS no telem\u00f3vel para confirma\u00e7\u00e3o do dia, hora e local da vacina\u00e7\u00e3o. \u00c9 necess\u00e1rio responder a esta mensagem com a palavra SIM &#8211; sem esta resposta o agendamento n\u00e3o fica confirmado.<\/p>\n<p>Para qualquer d\u00favida deve ser contactada a respetiva unidade de sa\u00fade ou a linha direta do Centro de Vacina\u00e7\u00e3o do Cartaxo:<\/p>\n<p>\u2714 Centro de Vacina\u00e7\u00e3o \u2013 243 700 255 | 963 967 936<br \/>\n\u2714 USF D. Sancho I \u2013 243 700 810<br \/>\n\u2714 USF Cartaxo Terra Viva \u2013 243 700 658<br \/>\n\u2714 UCSP Cartaxo &#8211; 243 700 666<\/p>\n<p>A C\u00e2mara Municipal apela aos utentes que possam n\u00e3o ter a sua informa\u00e7\u00e3o de contacto atualizada, que o fa\u00e7am junto da unidade de sa\u00fade em que estiverem inscritos.<\/p>\n<p><strong>\u00a0 \u00a0 Fonte: GIC|CMC<\/strong><\/p>\n<p>&nbsp;<\/p>\n","protected":false},"excerpt":{"rendered":"<p>As equipas da \u00e1rea da sa\u00fade, prote\u00e7\u00e3o civil municipal, bombeiros municipais e trabalhadores de outras \u00e1reas de servi\u00e7os da C\u00e2mara Municipal que asseguram o Centro de Vacina\u00e7\u00e3o do Cartaxo, ultrapassaram na sexta-feira, dia 23 de abril, as 7450 vacinas administradas \u00e0 popula\u00e7\u00e3o. Das 7450 vacinas administradas, 4908 s\u00e3o primeiras doses e 2542 s\u00e3o segundas doses. [&hellip;]<\/p>\n","protected":false},"author":2,"featured_media":3600,"comment_status":"open","ping_status":"open","sticky":false,"template":"","format":"standard","meta":{"footnotes":""},"categories":[6],"tags":[],"class_list":["post-3597","post","type-post","status-publish","format-standard","has-post-thumbnail","hentry","category-saude"],"_links":{"self":[{"href":"https:\/\/tintafresca.net\/index.php\/wp-json\/wp\/v2\/posts\/3597","targetHints":{"allow":["GET"]}}],"collection":[{"href":"https:\/\/tintafresca.net\/index.php\/wp-json\/wp\/v2\/posts"}],"about":[{"href":"https:\/\/tintafresca.net\/index.php\/wp-json\/wp\/v2\/types\/post"}],"author":[{"embeddable":true,"href":"https:\/\/tintafresca.net\/index.php\/wp-json\/wp\/v2\/users\/2"}],"replies":[{"embeddable":true,"href":"https:\/\/tintafresca.net\/index.php\/wp-json\/wp\/v2\/comments?post=3597"}],"version-history":[{"count":2,"href":"https:\/\/tintafresca.net\/index.php\/wp-json\/wp\/v2\/posts\/3597\/revisions"}],"predecessor-version":[{"id":3601,"href":"https:\/\/tintafresca.net\/index.php\/wp-json\/wp\/v2\/posts\/3597\/revisions\/3601"}],"wp:featuredmedia":[{"embeddable":true,"href":"https:\/\/tintafresca.net\/index.php\/wp-json\/wp\/v2\/media\/3600"}],"wp:attachment":[{"href":"https:\/\/tintafresca.net\/index.php\/wp-json\/wp\/v2\/media?parent=3597"}],"wp:term":[{"taxonomy":"category","embeddable":true,"href":"https:\/\/tintafresca.net\/index.php\/wp-json\/wp\/v2\/categories?post=3597"},{"taxonomy":"post_tag","embeddable":true,"href":"https:\/\/tintafresca.net\/index.php\/wp-json\/wp\/v2\/tags?post=3597"}],"curies":[{"name":"wp","href":"https:\/\/api.w.org\/{rel}","templated":true}]}}