{"id":3617,"date":"2021-04-28T10:44:21","date_gmt":"2021-04-28T10:44:21","guid":{"rendered":"https:\/\/tintafresca.net\/?p=3617"},"modified":"2021-04-28T14:15:34","modified_gmt":"2021-04-28T14:15:34","slug":"secretario-de-estado-antonio-sales-inaugura-novo-polo-de-saude-do-lourical","status":"publish","type":"post","link":"https:\/\/tintafresca.net\/index.php\/2021\/04\/28\/secretario-de-estado-antonio-sales-inaugura-novo-polo-de-saude-do-lourical\/","title":{"rendered":"Secret\u00e1rio de Estado Ant\u00f3nio Sales inaugura novo polo de Sa\u00fade do Louri\u00e7al"},"content":{"rendered":"<div id=\"attachment_3619\" style=\"width: 510px\" class=\"wp-caption alignleft\"><img loading=\"lazy\" decoding=\"async\" aria-describedby=\"caption-attachment-3619\" class=\"wp-image-3619 size-full\" src=\"https:\/\/tintafresca.net\/wp-content\/uploads\/2021\/04\/Pombal_Polo-Saude-Lourical10.jpg\" alt=\"\" width=\"500\" height=\"339\" \/><p id=\"caption-attachment-3619\" class=\"wp-caption-text\">Polo do Louri\u00e7al da Unidade de Cuidados de Sa\u00fade Personalizados Vale do Arunca<\/p><\/div>\n<p>O secret\u00e1rio de Estado Adjunto e da Sa\u00fade, Ant\u00f3nio Lacerda Sales, inaugura esta sexta-feira, 30 de abril, \u00e0s 16h00, as novas instala\u00e7\u00f5es do polo do Louri\u00e7al da Unidade de Cuidados de Sa\u00fade Personalizados Vale do Arunca. Representando um investimento municipal de 630 mil euros, o edif\u00edcio resulta da adapta\u00e7\u00e3o das antigas instala\u00e7\u00f5es do Jardim de Inf\u00e2ncia do Louri\u00e7al e respeita os espa\u00e7os e as \u00e1reas exigidas no programa funcional fornecido pela Administra\u00e7\u00e3o Regional de Sa\u00fade do Centro (ARSC).<\/p>\n<p>Nomeadamente quanto \u00e0 sala de atendimento ao p\u00fablico, sala de enfermagem, gabinetes m\u00e9dicos, zonas administrativas, zonas de apoio e zonas de espera e atendimento personalizados. Por outro lado, o novo mobili\u00e1rio, equipamento m\u00e9dico e inform\u00e1tico instalado nas novas instala\u00e7\u00f5es foi adquirido no \u00e2mbito de uma candidatura ao Programa Operacional Centro 2020, numa coopera\u00e7\u00e3o entre o Munic\u00edpio de Pombal e ARSC e de acordo com as orienta\u00e7\u00f5es da Administra\u00e7\u00e3o Central do Sistema de Sa\u00fade.<\/p>\n<p>Trata-se de um investimento total a rondar os 126 mil euros, em que a ARSC suportar\u00e1 a contrapartida financeira nacional do investimento, correspondente a 15% do investimento eleg\u00edvel e \u00e0 despesa ineleg\u00edvel, at\u00e9 ao valor limite de cerca de 19 mil euros.<\/p>\n<p>Culminando uma ambi\u00e7\u00e3o antiga da Freguesia do Louri\u00e7al e da sua popula\u00e7\u00e3o, o edif\u00edcio agora disponibilizado \u00e0 Administra\u00e7\u00e3o Regional de Sa\u00fade do Centro pelo Munic\u00edpio de Pombal, oferece melhores condi\u00e7\u00f5es para os utentes e para os profissionais que ali exercer\u00e3o fun\u00e7\u00f5es, prestando os cuidados de sa\u00fade prim\u00e1rios numa estrutura digna, moderna e acess\u00edvel, procurando dar resposta a todas as necessidades.<\/p>\n","protected":false},"excerpt":{"rendered":"<p>O secret\u00e1rio de Estado Adjunto e da Sa\u00fade, Ant\u00f3nio Lacerda Sales, inaugura esta sexta-feira, 30 de abril, \u00e0s 16h00, as novas instala\u00e7\u00f5es do polo do Louri\u00e7al da Unidade de Cuidados de Sa\u00fade Personalizados Vale do Arunca. Representando um investimento municipal de 630 mil euros, o edif\u00edcio resulta da adapta\u00e7\u00e3o das antigas instala\u00e7\u00f5es do Jardim de [&hellip;]<\/p>\n","protected":false},"author":2,"featured_media":3628,"comment_status":"open","ping_status":"open","sticky":false,"template":"","format":"standard","meta":{"footnotes":""},"categories":[6],"tags":[],"class_list":["post-3617","post","type-post","status-publish","format-standard","has-post-thumbnail","hentry","category-saude"],"_links":{"self":[{"href":"https:\/\/tintafresca.net\/index.php\/wp-json\/wp\/v2\/posts\/3617","targetHints":{"allow":["GET"]}}],"collection":[{"href":"https:\/\/tintafresca.net\/index.php\/wp-json\/wp\/v2\/posts"}],"about":[{"href":"https:\/\/tintafresca.net\/index.php\/wp-json\/wp\/v2\/types\/post"}],"author":[{"embeddable":true,"href":"https:\/\/tintafresca.net\/index.php\/wp-json\/wp\/v2\/users\/2"}],"replies":[{"embeddable":true,"href":"https:\/\/tintafresca.net\/index.php\/wp-json\/wp\/v2\/comments?post=3617"}],"version-history":[{"count":2,"href":"https:\/\/tintafresca.net\/index.php\/wp-json\/wp\/v2\/posts\/3617\/revisions"}],"predecessor-version":[{"id":3621,"href":"https:\/\/tintafresca.net\/index.php\/wp-json\/wp\/v2\/posts\/3617\/revisions\/3621"}],"wp:featuredmedia":[{"embeddable":true,"href":"https:\/\/tintafresca.net\/index.php\/wp-json\/wp\/v2\/media\/3628"}],"wp:attachment":[{"href":"https:\/\/tintafresca.net\/index.php\/wp-json\/wp\/v2\/media?parent=3617"}],"wp:term":[{"taxonomy":"category","embeddable":true,"href":"https:\/\/tintafresca.net\/index.php\/wp-json\/wp\/v2\/categories?post=3617"},{"taxonomy":"post_tag","embeddable":true,"href":"https:\/\/tintafresca.net\/index.php\/wp-json\/wp\/v2\/tags?post=3617"}],"curies":[{"name":"wp","href":"https:\/\/api.w.org\/{rel}","templated":true}]}}