{"id":36309,"date":"2024-08-06T21:30:46","date_gmt":"2024-08-06T21:30:46","guid":{"rendered":"https:\/\/tintafresca.net\/?p=36309"},"modified":"2024-08-06T21:33:15","modified_gmt":"2024-08-06T21:33:15","slug":"uls-regiao-de-leiria-fecho-do-servico-de-urgencia-ginecologica-obstetrica-foi-melhor-opcao","status":"publish","type":"post","link":"https:\/\/tintafresca.net\/index.php\/2024\/08\/06\/uls-regiao-de-leiria-fecho-do-servico-de-urgencia-ginecologica-obstetrica-foi-melhor-opcao\/","title":{"rendered":"ULS da Regi\u00e3o de Leiria: fecho da Urg\u00eancia Ginecol\u00f3gica\/Obst\u00e9trica foi a melhor op\u00e7\u00e3o"},"content":{"rendered":"<div id=\"attachment_29403\" style=\"width: 510px\" class=\"wp-caption alignleft\"><img loading=\"lazy\" decoding=\"async\" aria-describedby=\"caption-attachment-29403\" class=\"wp-image-29403 size-full\" src=\"https:\/\/tintafresca.net\/wp-content\/uploads\/2023\/08\/CHL_Nova-sala-no-Bloco-de-Partos_20.jpg\" alt=\"\" width=\"500\" height=\"333\" srcset=\"https:\/\/tintafresca.net\/wp-content\/uploads\/2023\/08\/CHL_Nova-sala-no-Bloco-de-Partos_20.jpg 500w, https:\/\/tintafresca.net\/wp-content\/uploads\/2023\/08\/CHL_Nova-sala-no-Bloco-de-Partos_20-300x200.jpg 300w\" sizes=\"auto, (max-width: 500px) 100vw, 500px\" \/><p id=\"caption-attachment-29403\" class=\"wp-caption-text\">Sala do Bloco de Partos<\/p><\/div>\n<p>O encerramento do Servi\u00e7o de Urg\u00eancia Ginecol\u00f3gica\/Obst\u00e9trica da Unidade Local de Sa\u00fade da Regi\u00e3o de Leiria (ULSRL) entre as 9h00 do dia 2 de agosto e as 9h00 do dia 19 de agosto foi programado h\u00e1 mais de um m\u00eas, tendo sido devidamente articulado com o Minist\u00e9rio da Sa\u00fade e as demais unidades de sa\u00fade envolvidas no apoio \u00e0 presta\u00e7\u00e3o de cuidados. Segundo o Conselho de Administra\u00e7\u00e3o da ULS, este planeamento temporal foi o mais adequado para garantir \u00e0 popula\u00e7\u00e3o da ULSRL uma resposta mais consistente na \u00e1rea da Ginecologia\/Obstetr\u00edcia at\u00e9 ao final do presente ano.<\/p>\n<p>As situa\u00e7\u00f5es de urg\u00eancia s\u00e3o referenciadas para a ULS de Coimbra e os encaminhamentos t\u00eam decorrido dentro da normalidade e a funcionar como previsto.<\/p>\n<p>A escolha do Centro Materno e Infantil do Norte para os partos programados foi \u201ca melhor solu\u00e7\u00e3o encontrada em conjunto com a Dire\u00e7\u00e3o Executiva do SNS, na medida em que n\u00e3o havia resposta p\u00fablica nem privada na zona centro do pa\u00eds. O transporte das gr\u00e1vidas com partos programados \u00e9 assegurado pela ULSRL.\u201d<\/p>\n<p>At\u00e9 ao momento j\u00e1 foram realizados quatro partos programados e as parturientes e suas fam\u00edlias est\u00e3o satisfeitas, incluindo com as condi\u00e7\u00f5es de alojamento para o\/a acompanhante de cada gr\u00e1vida. A ULSRL compreende o impacto emocional que a quest\u00e3o da dist\u00e2ncia geogr\u00e1fica pode ter nos futuros pais, mas esta foi a proposta mais adequada para um parto com seguran\u00e7a e dignidade.<\/p>\n<p>Apesar do encerramento do Servi\u00e7o de Urg\u00eancia Ginecol\u00f3gica\/Obst\u00e9trica no referido per\u00edodo, a ULSRL continua a garantir toda a atividade assistencial programada na \u00e1rea da Ginecologia\/Obstetr\u00edcia, pelo que o acompanhamento e os cuidados prestados \u00e0s gr\u00e1vidas e utentes no \u00e2mbito da consulta externa e das cirurgias de Ginecologia, n\u00e3o s\u00e3o afetados por esta conting\u00eancia, estando assegurada a capacidade de resposta nestas \u00e1reas.<\/p>\n<p>A ULSRL alerta todas as utentes e gr\u00e1vidas da sua \u00e1rea de influ\u00eancia para ligarem previamente para a Linha SNS Gr\u00e1vida \u2013 808 24 24 24, para serem encaminhadas, antes de se deslocarem para qualquer unidade\u00a0de\u00a0sa\u00fade. \u00c9 atrav\u00e9s desta linha que receber\u00e3o todo o apoio especializado e encaminhamento para a unidade mais apropriada, acionando, se necess\u00e1rio, o transporte em viatura m\u00e9dica at\u00e9 \u00e0 unidade hospitalar mais pr\u00f3xima. Em situa\u00e7\u00f5es de emerg\u00eancia, o contacto dever\u00e1 ser realizado diretamente para o 112.<\/p>\n<p><strong>\u00a0 \u00a0 \u00a0 <\/strong><strong>Fonte: Midlandcom<\/strong><\/p>\n","protected":false},"excerpt":{"rendered":"<p>O encerramento do Servi\u00e7o de Urg\u00eancia Ginecol\u00f3gica\/Obst\u00e9trica da Unidade Local de Sa\u00fade da Regi\u00e3o de Leiria (ULSRL) entre as 9h00 do dia 2 de agosto e as 9h00 do dia 19 de agosto foi programado h\u00e1 mais de um m\u00eas, tendo sido devidamente articulado com o Minist\u00e9rio da Sa\u00fade e as demais unidades de sa\u00fade [&hellip;]<\/p>\n","protected":false},"author":2,"featured_media":27865,"comment_status":"open","ping_status":"open","sticky":false,"template":"","format":"standard","meta":{"footnotes":""},"categories":[6],"tags":[],"class_list":["post-36309","post","type-post","status-publish","format-standard","has-post-thumbnail","hentry","category-saude"],"_links":{"self":[{"href":"https:\/\/tintafresca.net\/index.php\/wp-json\/wp\/v2\/posts\/36309","targetHints":{"allow":["GET"]}}],"collection":[{"href":"https:\/\/tintafresca.net\/index.php\/wp-json\/wp\/v2\/posts"}],"about":[{"href":"https:\/\/tintafresca.net\/index.php\/wp-json\/wp\/v2\/types\/post"}],"author":[{"embeddable":true,"href":"https:\/\/tintafresca.net\/index.php\/wp-json\/wp\/v2\/users\/2"}],"replies":[{"embeddable":true,"href":"https:\/\/tintafresca.net\/index.php\/wp-json\/wp\/v2\/comments?post=36309"}],"version-history":[{"count":4,"href":"https:\/\/tintafresca.net\/index.php\/wp-json\/wp\/v2\/posts\/36309\/revisions"}],"predecessor-version":[{"id":36313,"href":"https:\/\/tintafresca.net\/index.php\/wp-json\/wp\/v2\/posts\/36309\/revisions\/36313"}],"wp:featuredmedia":[{"embeddable":true,"href":"https:\/\/tintafresca.net\/index.php\/wp-json\/wp\/v2\/media\/27865"}],"wp:attachment":[{"href":"https:\/\/tintafresca.net\/index.php\/wp-json\/wp\/v2\/media?parent=36309"}],"wp:term":[{"taxonomy":"category","embeddable":true,"href":"https:\/\/tintafresca.net\/index.php\/wp-json\/wp\/v2\/categories?post=36309"},{"taxonomy":"post_tag","embeddable":true,"href":"https:\/\/tintafresca.net\/index.php\/wp-json\/wp\/v2\/tags?post=36309"}],"curies":[{"name":"wp","href":"https:\/\/api.w.org\/{rel}","templated":true}]}}