{"id":3648,"date":"2021-04-29T17:31:34","date_gmt":"2021-04-29T17:31:34","guid":{"rendered":"https:\/\/tintafresca.net\/?p=3648"},"modified":"2021-04-29T17:31:34","modified_gmt":"2021-04-29T17:31:34","slug":"torres-vedras-e-peniche-no-podio-da-regiao-centro-com-mais-praias-com-bandeiras-azuis","status":"publish","type":"post","link":"https:\/\/tintafresca.net\/index.php\/2021\/04\/29\/torres-vedras-e-peniche-no-podio-da-regiao-centro-com-mais-praias-com-bandeiras-azuis\/","title":{"rendered":"Torres Vedras e Peniche no p\u00f3dio da regi\u00e3o Centro com mais praias com bandeiras azuis"},"content":{"rendered":"<div id=\"attachment_3650\" style=\"width: 510px\" class=\"wp-caption alignleft\"><img loading=\"lazy\" decoding=\"async\" aria-describedby=\"caption-attachment-3650\" class=\"wp-image-3650 size-full\" src=\"https:\/\/tintafresca.net\/wp-content\/uploads\/2021\/04\/TCP_Praia10.jpg\" alt=\"\" width=\"500\" height=\"333\" \/><p id=\"caption-attachment-3650\" class=\"wp-caption-text\">Regi\u00e3o Centro tem 1\/5 das praias de todo o Pa\u00eds<\/p><\/div>\n<p>As praias do Centro de Portugal ganharam este ano mais quatro bandeiras azuis em rela\u00e7\u00e3o a 2020, de acordo com a lista esta sexta-feira, dia 29 de abril, divulgada pela Associa\u00e7\u00e3o Bandeira Azul da Europa (ABAE). Entre as 399 praias, marinas e embarca\u00e7\u00f5es de ecoturismo que v\u00e3o poder exibir a bandeira azul nesta \u00e9poca balnear, h\u00e1 89 da regi\u00e3o Centro de Portugal: 60 praias costeiras (mais 3 que em 2020), 27 interiores (mais uma que no ano passado) e ainda duas embarca\u00e7\u00f5es de ecoturismo. Um sinal claro de que as \u00e1guas balneares da regi\u00e3o s\u00e3o uma refer\u00eancia de qualidade e de seguran\u00e7a.<\/p>\n<p>Nas praias costeiras, Torres Vedras, com 12, Figueira da Foz, com 10, Peniche, com 7, e Ovar, com 5, s\u00e3o os munic\u00edpios da regi\u00e3o Centro com mais praias contempladas. A Praia de Mira merece uma refer\u00eancia muito especial, uma vez que recebe a Bandeira Azul pelo 35.\u00ba ano consecutivo. Esta praia do Centro de Portugal \u00e9 a \u00fanica zona balnear do mundo com Bandeira Azul desde a sua cria\u00e7\u00e3o, em 1987.<\/p>\n<p>Um quinto das praias galardoadas no pa\u00eds est\u00e3o no Centro de Portugal, sendo de destacar o predom\u00ednio da regi\u00e3o nas praias interiores: de facto, mais de metade (27 em 42) das praias fluviais distinguidas com bandeira azul situam-se na maior regi\u00e3o de turismo do pa\u00eds.<\/p>\n<p>S\u00e3o as seguintes as zonas balneares da regi\u00e3o de Turismo Centro de Portugal distinguidas com Bandeira Azul em 2020:<\/p>\n<p><strong>Praias costeiras (60):<\/strong><\/p>\n<ul>\n<li>Cortega\u00e7a, Esmoriz, Furadouro, S\u00e3o Pedro da Maceda e Torr\u00e3o do Lameiro\/Marreta (Ovar);<\/li>\n<li>Bico, Monte Branco e Torreira (Murtosa);<\/li>\n<li>S\u00e3o Jacinto (Aveiro);<\/li>\n<li>Barra e Costa Nova (\u00cdlhavo);<\/li>\n<li>Are\u00e3o e Vagueira (Vagos);<\/li>\n<li>Po\u00e7o da Cruz e Praia de Mira (Mira);<\/li>\n<li>Praia da Tocha (Cantanhede);<\/li>\n<li>Buarcos, Cabo Mondego, Costa de Lavos, Cova Gala, Cova Gala-Hospital, Figueira da Foz-Rel\u00f3gio, Leirosa, Murtinheira, Quiaios e Tamargueira (Figueira da Foz);<\/li>\n<li>Osso da Baleia (Pombal);<\/li>\n<li>Pedrog\u00e3o Centro e Pedrog\u00e3o Sul (Leiria);<\/li>\n<li>Paredes de Vit\u00f3ria e S\u00e3o Martinho do Porto (Alcoba\u00e7a);<\/li>\n<li>Nazar\u00e9 e Salgado (Nazar\u00e9);<\/li>\n<li>Foz do Arelho-Lagoa e Praia do Mar (Caldas da Rainha);<\/li>\n<li>Bom Sucesso e Rei Corti\u00e7o (\u00d3bidos);<\/li>\n<li>Baleal Norte, Baleal Sul, Consola\u00e7\u00e3o, Cova da Alfarroba, Gamb\u00f4a, Med\u00e3o-Supertubos e S. Bernardino (Peniche);<\/li>\n<li>Areia Branca, Areia Branca-Foz, Areia Sul e Porto Dinheiro (Lourinh\u00e3);<\/li>\n<li>Azul, Centro, F\u00edsica, Formosa, Foz do Sizandro-Mar, Mirante, Navio, Pis\u00e3o, Porto Novo, Santa Helena, Santa Rita Norte e Santa Rita Sul (Torres Vedras).<\/li>\n<\/ul>\n<p><strong>Praias interiores (27):<\/strong><\/p>\n<p>Quinta do Barco (Sever do Vouga); Aldeia Vi\u00e7osa e Valhelhas (Guarda); Lapa dos Dinheiros e Loriga (Seia); Palheiros-Zorro e Rebolim (Coimbra); Reconquinho e Vimieiro (Penacova); Bogueira e Senhora da Piedade (Lous\u00e3); Peneda e Alvares (G\u00f3is); C\u00f4ja, Peneda Cascalheira-Secarias e Pi\u00f3d\u00e3o (Arganil); Alv\u00f4co das V\u00e1rzeas (Oliveira do Hospital); Lou\u00e7ainha (Penela); Janeiro de Baixo, Pessegueiro e Santa Luzia (Pampilhosa da Serra); A\u00e7ude do Pinto (Oleiros); Agroal (Our\u00e9m); Bostelim (Vila de Rei); Carvoeiro (Ma\u00e7\u00e3o); Aldeia do Mato e Fontes (Abrantes).<\/p>\n<p><strong>Embarca\u00e7\u00f5es de ecoturismo (2):<\/strong><\/p>\n<p>Argus e Bennu (Nazar\u00e9).<\/p>\n<p><strong>Sobre o Turismo Centro de Portugal<\/strong><\/p>\n<p>O Turismo Centro de Portugal \u00e9 a entidade que estrutura e promove o turismo na Regi\u00e3o Centro do pa\u00eds. Esta \u00e9 a maior e mais diversificada \u00e1rea tur\u00edstica nacional, abrangendo 100 munic\u00edpios, e tem registado um intenso crescimento da procura interna e externa. \u00c9 a regi\u00e3o a escolher para quem pretende experi\u00eancias diversificadas, pois concilia locais Patrim\u00f3nio da Humanidade com a melhor costa de surf da Europa, termas e spas id\u00edlicos, locais de culto de import\u00e2ncia mundial e as mais belas aldeias.<\/p>\n<p><strong> Fonte: TCP e AdC<\/strong><\/p>\n","protected":false},"excerpt":{"rendered":"<p>As praias do Centro de Portugal ganharam este ano mais quatro bandeiras azuis em rela\u00e7\u00e3o a 2020, de acordo com a lista esta sexta-feira, dia 29 de abril, divulgada pela Associa\u00e7\u00e3o Bandeira Azul da Europa (ABAE). Entre as 399 praias, marinas e embarca\u00e7\u00f5es de ecoturismo que v\u00e3o poder exibir a bandeira azul nesta \u00e9poca balnear, [&hellip;]<\/p>\n","protected":false},"author":2,"featured_media":3651,"comment_status":"open","ping_status":"open","sticky":false,"template":"","format":"standard","meta":{"footnotes":""},"categories":[9,7],"tags":[],"class_list":["post-3648","post","type-post","status-publish","format-standard","has-post-thumbnail","hentry","category-ambiente","category-economia"],"_links":{"self":[{"href":"https:\/\/tintafresca.net\/index.php\/wp-json\/wp\/v2\/posts\/3648","targetHints":{"allow":["GET"]}}],"collection":[{"href":"https:\/\/tintafresca.net\/index.php\/wp-json\/wp\/v2\/posts"}],"about":[{"href":"https:\/\/tintafresca.net\/index.php\/wp-json\/wp\/v2\/types\/post"}],"author":[{"embeddable":true,"href":"https:\/\/tintafresca.net\/index.php\/wp-json\/wp\/v2\/users\/2"}],"replies":[{"embeddable":true,"href":"https:\/\/tintafresca.net\/index.php\/wp-json\/wp\/v2\/comments?post=3648"}],"version-history":[{"count":2,"href":"https:\/\/tintafresca.net\/index.php\/wp-json\/wp\/v2\/posts\/3648\/revisions"}],"predecessor-version":[{"id":3652,"href":"https:\/\/tintafresca.net\/index.php\/wp-json\/wp\/v2\/posts\/3648\/revisions\/3652"}],"wp:featuredmedia":[{"embeddable":true,"href":"https:\/\/tintafresca.net\/index.php\/wp-json\/wp\/v2\/media\/3651"}],"wp:attachment":[{"href":"https:\/\/tintafresca.net\/index.php\/wp-json\/wp\/v2\/media?parent=3648"}],"wp:term":[{"taxonomy":"category","embeddable":true,"href":"https:\/\/tintafresca.net\/index.php\/wp-json\/wp\/v2\/categories?post=3648"},{"taxonomy":"post_tag","embeddable":true,"href":"https:\/\/tintafresca.net\/index.php\/wp-json\/wp\/v2\/tags?post=3648"}],"curies":[{"name":"wp","href":"https:\/\/api.w.org\/{rel}","templated":true}]}}