{"id":36492,"date":"2024-08-21T21:12:51","date_gmt":"2024-08-21T21:12:51","guid":{"rendered":"https:\/\/tintafresca.net\/?p=36492"},"modified":"2024-08-22T20:31:22","modified_gmt":"2024-08-22T20:31:22","slug":"camara-de-tomar-atribui-nome-de-patricia-sampaio-ao-pavilhao-municipal","status":"publish","type":"post","link":"https:\/\/tintafresca.net\/index.php\/2024\/08\/21\/camara-de-tomar-atribui-nome-de-patricia-sampaio-ao-pavilhao-municipal\/","title":{"rendered":"C\u00e2mara de Tomar atribui nome de Patr\u00edcia Sampaio ao Pavilh\u00e3o Municipal"},"content":{"rendered":"<div id=\"attachment_36267\" style=\"width: 510px\" class=\"wp-caption alignleft\"><img loading=\"lazy\" decoding=\"async\" aria-describedby=\"caption-attachment-36267\" class=\"wp-image-36267 size-full\" src=\"https:\/\/tintafresca.net\/wp-content\/uploads\/2024\/08\/Tomar_Rececao-a-Patricia-Sampaio10.jpg\" alt=\"\" width=\"500\" height=\"238\" srcset=\"https:\/\/tintafresca.net\/wp-content\/uploads\/2024\/08\/Tomar_Rececao-a-Patricia-Sampaio10.jpg 500w, https:\/\/tintafresca.net\/wp-content\/uploads\/2024\/08\/Tomar_Rececao-a-Patricia-Sampaio10-300x143.jpg 300w\" sizes=\"auto, (max-width: 500px) 100vw, 500px\" \/><p id=\"caption-attachment-36267\" class=\"wp-caption-text\">Patr\u00edcia Sampaio<\/p><\/div>\n<p>A C\u00e2mara Municipal de Tomar deliberou, por unanimidade, no dia 19 de agosto, atribuir o nome de Patr\u00edcia Sampaio ao at\u00e9 agora designado por Pavilh\u00e3o Municipal Cidade de Tomar. A iniciativa surge como homenagem \u00e0 judoca, que conseguiu o maior feito de sempre do desporto tomarense ao conquistar a medalha de bronze na categoria -78 kg dos Jogos Ol\u00edmpicos de Paris.<\/p>\n<p>O Munic\u00edpio j\u00e1 antes homenageara a atleta com a\u00a0atribui\u00e7\u00e3o da Medalha Municipal de Valor Desportivo, em 2019 e a Medalha de Honra do Munic\u00edpio, em 2020, sendo at\u00e9 hoje a \u00fanica personalidade duas vezes distinguida nas cerim\u00f3nias comemorativas do Dia de Tomar.<\/p>\n<p>Nascida nesta cidade em 1999,\u00a0Patr\u00edcia Sampaio desde cedo descobriu no judo o grande objetivo da sua vida, \u00e0 medida que acompanhava o percurso do irm\u00e3o mais velho, Igor, que era atleta na Sociedade Filarm\u00f3nica Gualdim Pais. Nenhum deles sabia ainda que tamb\u00e9m ela percorreria os mesmos passos no tatami, e viria ele pr\u00f3prio a ser seu treinador.<\/p>\n<p>Mas quando Patr\u00edcia iniciou a pr\u00e1tica da modalidade, come\u00e7ou a intuir-se a sua grande qualidade e determina\u00e7\u00e3o, que lhe foram dando t\u00edtulos nacionais nas diversas categoriais. Enquanto j\u00fanior, foi bicampe\u00e3 europeia e medalha de bronze nos mundiais. Conquistaria igualmente o t\u00edtulo europeu de sub-23.<\/p>\n<p>A pandemia e algumas les\u00f5es tornaram mais dif\u00edcil o seu percurso nos anos em que iniciou a carreira s\u00e9nior. Ainda assim foi uma das representantes portuguesas nos Jogos Ol\u00edmpicos de T\u00f3quio.<\/p>\n<p>Resiliente e determinada, regressou aos Jogos em 2024, em Paris, com uma vontade de vencer que s\u00f3 esbarrou naquela que viria a ser a campe\u00e3 ol\u00edmpica. Com uma atitude quase felina, conquistou a medalha de bronze e tornou-se um dos \u00edcones da delega\u00e7\u00e3o portuguesa. A seguir, conquistou os portugueses com a sua enorme simpatia. E ainda teve direito a ser porta-estandarte de Portugal na cerim\u00f3nia de encerramento.<\/p>\n<p><strong>\u00a0 \u00a0 \u00a0Fonte: GCI|CMT<\/strong><\/p>\n","protected":false},"excerpt":{"rendered":"<p>A C\u00e2mara Municipal de Tomar deliberou, por unanimidade, no dia 19 de agosto, atribuir o nome de Patr\u00edcia Sampaio ao at\u00e9 agora designado por Pavilh\u00e3o Municipal Cidade de Tomar. A iniciativa surge como homenagem \u00e0 judoca, que conseguiu o maior feito de sempre do desporto tomarense ao conquistar a medalha de bronze na categoria -78 [&hellip;]<\/p>\n","protected":false},"author":2,"featured_media":36268,"comment_status":"open","ping_status":"open","sticky":false,"template":"","format":"standard","meta":{"footnotes":""},"categories":[13],"tags":[],"class_list":["post-36492","post","type-post","status-publish","format-standard","has-post-thumbnail","hentry","category-desporto"],"_links":{"self":[{"href":"https:\/\/tintafresca.net\/index.php\/wp-json\/wp\/v2\/posts\/36492","targetHints":{"allow":["GET"]}}],"collection":[{"href":"https:\/\/tintafresca.net\/index.php\/wp-json\/wp\/v2\/posts"}],"about":[{"href":"https:\/\/tintafresca.net\/index.php\/wp-json\/wp\/v2\/types\/post"}],"author":[{"embeddable":true,"href":"https:\/\/tintafresca.net\/index.php\/wp-json\/wp\/v2\/users\/2"}],"replies":[{"embeddable":true,"href":"https:\/\/tintafresca.net\/index.php\/wp-json\/wp\/v2\/comments?post=36492"}],"version-history":[{"count":5,"href":"https:\/\/tintafresca.net\/index.php\/wp-json\/wp\/v2\/posts\/36492\/revisions"}],"predecessor-version":[{"id":36497,"href":"https:\/\/tintafresca.net\/index.php\/wp-json\/wp\/v2\/posts\/36492\/revisions\/36497"}],"wp:featuredmedia":[{"embeddable":true,"href":"https:\/\/tintafresca.net\/index.php\/wp-json\/wp\/v2\/media\/36268"}],"wp:attachment":[{"href":"https:\/\/tintafresca.net\/index.php\/wp-json\/wp\/v2\/media?parent=36492"}],"wp:term":[{"taxonomy":"category","embeddable":true,"href":"https:\/\/tintafresca.net\/index.php\/wp-json\/wp\/v2\/categories?post=36492"},{"taxonomy":"post_tag","embeddable":true,"href":"https:\/\/tintafresca.net\/index.php\/wp-json\/wp\/v2\/tags?post=36492"}],"curies":[{"name":"wp","href":"https:\/\/api.w.org\/{rel}","templated":true}]}}