{"id":36581,"date":"2024-08-29T22:26:52","date_gmt":"2024-08-29T22:26:52","guid":{"rendered":"https:\/\/tintafresca.net\/?p=36581"},"modified":"2024-08-29T22:50:56","modified_gmt":"2024-08-29T22:50:56","slug":"campo-de-golfe-de-obidos-ja-e-regado-com-agua-reciclada-da-fabrica-de-agua-do-casalito","status":"publish","type":"post","link":"https:\/\/tintafresca.net\/index.php\/2024\/08\/29\/campo-de-golfe-de-obidos-ja-e-regado-com-agua-reciclada-da-fabrica-de-agua-do-casalito\/","title":{"rendered":"Campo de golfe de \u00d3bidos j\u00e1 \u00e9 regado com \u00e1gua reciclada da F\u00e1brica de \u00c1gua do Casalito"},"content":{"rendered":"<div id=\"attachment_36583\" style=\"width: 510px\" class=\"wp-caption alignleft\"><img loading=\"lazy\" decoding=\"async\" aria-describedby=\"caption-attachment-36583\" class=\"wp-image-36583 size-full\" src=\"https:\/\/tintafresca.net\/wp-content\/uploads\/2024\/08\/Obidos_Rega-campo-de-golfe20.jpg\" alt=\"\" width=\"500\" height=\"333\" srcset=\"https:\/\/tintafresca.net\/wp-content\/uploads\/2024\/08\/Obidos_Rega-campo-de-golfe20.jpg 500w, https:\/\/tintafresca.net\/wp-content\/uploads\/2024\/08\/Obidos_Rega-campo-de-golfe20-300x200.jpg 300w\" sizes=\"auto, (max-width: 500px) 100vw, 500px\" \/><p id=\"caption-attachment-36583\" class=\"wp-caption-text\">Filipe Daniel e Carmona Rodrigues (Foto: N\u00e9lson Lan\u00e7a\/CMO)<\/p><\/div>\n<p>A partir desta quarta-feira, dia 28 de agosto, 21 hectares do campo do West Cliffs Ocean and Golf Resort, em \u00d3bidos, passaram a ser regados com \u00e1gua reciclada, oriunda da F\u00e1brica de \u00c1gua do Casalito, em resultado de uma parceria entre a \u00c1guas do Tejo Atl\u00e2ntico e a Priority Goal, propriet\u00e1ria daquele empreendimento.<\/p>\n<p>Este projeto, licenciado pela Ag\u00eancia Portuguesa de Ambiente e pioneiro a n\u00edvel nacional, permitir\u00e1 utilizar diariamente cerca de 570 metros c\u00fabicos de \u00e1gua na rega do campo de golfe. Esta \u00e9 uma solu\u00e7\u00e3o sustent\u00e1vel, alinhada com a estrat\u00e9gia da economia circular, que contribui para uma gest\u00e3o mais eficiente e sustent\u00e1vel dos recursos h\u00eddricos.<\/p>\n<p>O presidente do munic\u00edpio de \u00d3bidos aplaudiu a iniciativa e reiterou a vontade de ver concretizado o projeto do Centro Valoriza\u00e7\u00e3o de Lamas da Charneca, que envolve v\u00e1rios munic\u00edpios e permitir\u00e1 a produ\u00e7\u00e3o de um composto org\u00e2nico, com grande valor econ\u00f3mico e ambiental.<\/p>\n<div id=\"attachment_36584\" style=\"width: 510px\" class=\"wp-caption alignleft\"><img loading=\"lazy\" decoding=\"async\" aria-describedby=\"caption-attachment-36584\" class=\"wp-image-36584 size-full\" src=\"https:\/\/tintafresca.net\/wp-content\/uploads\/2024\/08\/Obidos_Rega-campo-de-golfe30.jpg\" alt=\"\" width=\"500\" height=\"333\" srcset=\"https:\/\/tintafresca.net\/wp-content\/uploads\/2024\/08\/Obidos_Rega-campo-de-golfe30.jpg 500w, https:\/\/tintafresca.net\/wp-content\/uploads\/2024\/08\/Obidos_Rega-campo-de-golfe30-300x200.jpg 300w\" sizes=\"auto, (max-width: 500px) 100vw, 500px\" \/><p id=\"caption-attachment-36584\" class=\"wp-caption-text\">Campo de Golfe regado com \u00e1gua reciclada\u00a0(Foto: N\u00e9lson Lan\u00e7a\/CMO)<\/p><\/div>\n<p>\u201cA \u00e1gua \u00e9 um recurso escasso e em \u00d3bidos, al\u00e9m da ativa\u00e7\u00e3o do territ\u00f3rio e da marca, temos antecipado um conjunto de cen\u00e1rios, pois gostamos de estar um passo \u00e0 frente. Resolvida esta quest\u00e3o da rega com \u00e1gua reciclada, temos dois problemas, com as lamas das ETAR e os biorres\u00edduos, que queremos transformar numa oportunidade\u201d, referiu Filipe Daniel antes da assinatura do contrato para a rega +sustent\u00e1vel do West Cliffs Ocean and Golf Resort.<\/p>\n<p>Presente na cerim\u00f3nia, Carmona Rodrigues, presidente do Conselho de Administra\u00e7\u00e3o da \u00c1guas de Portugal, destacou o papel da autarquia neste processo. \u201cFelicito a C\u00e2mara de \u00d3bidos por este pioneirismo. O ambiente agradece e a sociedade tamb\u00e9m\u201d, declarou o antigo ministro e ex-presidente da C\u00e2mara Municipal de Lisboa.<\/p>\n<p><strong>\u00a0 \u00a0 \u00a0Fonte: JP|GCI|CMO<\/strong><\/p>\n","protected":false},"excerpt":{"rendered":"<p>A partir desta quarta-feira, dia 28 de agosto, 21 hectares do campo do West Cliffs Ocean and Golf Resort, em \u00d3bidos, passaram a ser regados com \u00e1gua reciclada, oriunda da F\u00e1brica de \u00c1gua do Casalito, em resultado de uma parceria entre a \u00c1guas do Tejo Atl\u00e2ntico e a Priority Goal, propriet\u00e1ria daquele empreendimento. Este projeto, [&hellip;]<\/p>\n","protected":false},"author":2,"featured_media":36585,"comment_status":"open","ping_status":"open","sticky":false,"template":"","format":"standard","meta":{"footnotes":""},"categories":[9,7],"tags":[],"class_list":["post-36581","post","type-post","status-publish","format-standard","has-post-thumbnail","hentry","category-ambiente","category-economia"],"_links":{"self":[{"href":"https:\/\/tintafresca.net\/index.php\/wp-json\/wp\/v2\/posts\/36581","targetHints":{"allow":["GET"]}}],"collection":[{"href":"https:\/\/tintafresca.net\/index.php\/wp-json\/wp\/v2\/posts"}],"about":[{"href":"https:\/\/tintafresca.net\/index.php\/wp-json\/wp\/v2\/types\/post"}],"author":[{"embeddable":true,"href":"https:\/\/tintafresca.net\/index.php\/wp-json\/wp\/v2\/users\/2"}],"replies":[{"embeddable":true,"href":"https:\/\/tintafresca.net\/index.php\/wp-json\/wp\/v2\/comments?post=36581"}],"version-history":[{"count":2,"href":"https:\/\/tintafresca.net\/index.php\/wp-json\/wp\/v2\/posts\/36581\/revisions"}],"predecessor-version":[{"id":36586,"href":"https:\/\/tintafresca.net\/index.php\/wp-json\/wp\/v2\/posts\/36581\/revisions\/36586"}],"wp:featuredmedia":[{"embeddable":true,"href":"https:\/\/tintafresca.net\/index.php\/wp-json\/wp\/v2\/media\/36585"}],"wp:attachment":[{"href":"https:\/\/tintafresca.net\/index.php\/wp-json\/wp\/v2\/media?parent=36581"}],"wp:term":[{"taxonomy":"category","embeddable":true,"href":"https:\/\/tintafresca.net\/index.php\/wp-json\/wp\/v2\/categories?post=36581"},{"taxonomy":"post_tag","embeddable":true,"href":"https:\/\/tintafresca.net\/index.php\/wp-json\/wp\/v2\/tags?post=36581"}],"curies":[{"name":"wp","href":"https:\/\/api.w.org\/{rel}","templated":true}]}}