{"id":36601,"date":"2024-08-31T22:33:59","date_gmt":"2024-08-31T22:33:59","guid":{"rendered":"https:\/\/tintafresca.net\/?p=36601"},"modified":"2024-08-31T22:36:38","modified_gmt":"2024-08-31T22:36:38","slug":"leiria-international-school-lis-inaugura-obras-de-requalificacao-na-marinha-grande","status":"publish","type":"post","link":"https:\/\/tintafresca.net\/index.php\/2024\/08\/31\/leiria-international-school-lis-inaugura-obras-de-requalificacao-na-marinha-grande\/","title":{"rendered":"Leiria International School (LIS) inaugura obras de requalifica\u00e7\u00e3o na Marinha Grande"},"content":{"rendered":"<div id=\"attachment_36603\" style=\"width: 510px\" class=\"wp-caption alignleft\"><img loading=\"lazy\" decoding=\"async\" aria-describedby=\"caption-attachment-36603\" class=\"wp-image-36603 size-full\" src=\"https:\/\/tintafresca.net\/wp-content\/uploads\/2024\/08\/MG_Inauguracao_LIs_31082024_10.jpg\" alt=\"\" width=\"500\" height=\"332\" srcset=\"https:\/\/tintafresca.net\/wp-content\/uploads\/2024\/08\/MG_Inauguracao_LIs_31082024_10.jpg 500w, https:\/\/tintafresca.net\/wp-content\/uploads\/2024\/08\/MG_Inauguracao_LIs_31082024_10-300x199.jpg 300w\" sizes=\"auto, (max-width: 500px) 100vw, 500px\" \/><p id=\"caption-attachment-36603\" class=\"wp-caption-text\">Descerramento da placa inaugurativa<\/p><\/div>\n<p>As obras de requalifica\u00e7\u00e3o do edif\u00edcio do Leiria International School (LIS), localizado na Rua Dom Jo\u00e3o Pereira Ven\u00e2ncio, na Marinha Grande, foram inauguradas na manh\u00e3 deste s\u00e1bado, dia 31 de agosto.<\/p>\n<p>O momento contou com a presen\u00e7a do presidente da C\u00e2mara Municipal da Marinha Grande, Aur\u00e9lio Ferreira; da vereadora da educa\u00e7\u00e3o, Ana Alves Monteiro; do bispo da Diocese de Leiria -F\u00e1tima, Dom Jos\u00e9 Ornelas; dos respons\u00e1veis do Grupo Pragosa, propriet\u00e1rio do estabelecimento de ensino; de outros membros da Diocese; do p\u00e1roco da Marinha Grande, Patr\u00edcio Oliveira; alguns docentes do LIS; entre outros convidados.<\/p>\n<p>O presidente da C\u00e2mara, Aur\u00e9lio Ferreira, confessou que aquele foi &#8220;um dia particularmente emocionante para mim, ao ver este espa\u00e7o no qual estudei, h\u00e1 48 anos, transformado na Leiria International School\u201d. Acrescentou que a nova infraestrutura vai permitir garantir &#8220;uma educa\u00e7\u00e3o de excel\u00eancia, sendo uma refer\u00eancia n\u00e3o apenas na Marinha Grande, como para toda a Regi\u00e3o Centro\u201d.<\/p>\n<div id=\"attachment_36604\" style=\"width: 510px\" class=\"wp-caption alignleft\"><img loading=\"lazy\" decoding=\"async\" aria-describedby=\"caption-attachment-36604\" class=\"wp-image-36604 size-full\" src=\"https:\/\/tintafresca.net\/wp-content\/uploads\/2024\/08\/MG_Inauguracao_LIs_31082024_200.jpg\" alt=\"\" width=\"500\" height=\"332\" srcset=\"https:\/\/tintafresca.net\/wp-content\/uploads\/2024\/08\/MG_Inauguracao_LIs_31082024_200.jpg 500w, https:\/\/tintafresca.net\/wp-content\/uploads\/2024\/08\/MG_Inauguracao_LIs_31082024_200-300x199.jpg 300w\" sizes=\"auto, (max-width: 500px) 100vw, 500px\" \/><p id=\"caption-attachment-36604\" class=\"wp-caption-text\">Membros da comunidade educativa presentes na inaugura\u00e7\u00e3o das obras da LIS<\/p><\/div>\n<p>A vereadora Ana Alves Monteiro salientou que o LIS oferece uma abordagem moderna e internacional do ensino, que prepara os jovens para os desafios globais.<\/p>\n<p>Os respons\u00e1veis do LIS agradeceram ao Munic\u00edpio a colabora\u00e7\u00e3o dada no \u00e2mbito do licenciamento desta requalifica\u00e7\u00e3o e enfatizaram a import\u00e2ncia das melhorias no Campus onde a escola se estabelece, para o compromisso em oferecer uma educa\u00e7\u00e3o de qualidade, distintivo na regi\u00e3o, com o ingl\u00eas como l\u00edngua principal de ensino, incentivando os alunos (do pr\u00e9-escolar ao ensino secund\u00e1rio) a serem agentes de mudan\u00e7a.<\/p>\n<p><strong>\u00a0 \u00a0 \u00a0 Fonte: GCI|CMMG<\/strong><\/p>\n","protected":false},"excerpt":{"rendered":"<p>As obras de requalifica\u00e7\u00e3o do edif\u00edcio do Leiria International School (LIS), localizado na Rua Dom Jo\u00e3o Pereira Ven\u00e2ncio, na Marinha Grande, foram inauguradas na manh\u00e3 deste s\u00e1bado, dia 31 de agosto. O momento contou com a presen\u00e7a do presidente da C\u00e2mara Municipal da Marinha Grande, Aur\u00e9lio Ferreira; da vereadora da educa\u00e7\u00e3o, Ana Alves Monteiro; do [&hellip;]<\/p>\n","protected":false},"author":2,"featured_media":36605,"comment_status":"open","ping_status":"open","sticky":false,"template":"","format":"standard","meta":{"footnotes":""},"categories":[1],"tags":[],"class_list":["post-36601","post","type-post","status-publish","format-standard","has-post-thumbnail","hentry","category-uncategorized"],"_links":{"self":[{"href":"https:\/\/tintafresca.net\/index.php\/wp-json\/wp\/v2\/posts\/36601","targetHints":{"allow":["GET"]}}],"collection":[{"href":"https:\/\/tintafresca.net\/index.php\/wp-json\/wp\/v2\/posts"}],"about":[{"href":"https:\/\/tintafresca.net\/index.php\/wp-json\/wp\/v2\/types\/post"}],"author":[{"embeddable":true,"href":"https:\/\/tintafresca.net\/index.php\/wp-json\/wp\/v2\/users\/2"}],"replies":[{"embeddable":true,"href":"https:\/\/tintafresca.net\/index.php\/wp-json\/wp\/v2\/comments?post=36601"}],"version-history":[{"count":3,"href":"https:\/\/tintafresca.net\/index.php\/wp-json\/wp\/v2\/posts\/36601\/revisions"}],"predecessor-version":[{"id":36607,"href":"https:\/\/tintafresca.net\/index.php\/wp-json\/wp\/v2\/posts\/36601\/revisions\/36607"}],"wp:featuredmedia":[{"embeddable":true,"href":"https:\/\/tintafresca.net\/index.php\/wp-json\/wp\/v2\/media\/36605"}],"wp:attachment":[{"href":"https:\/\/tintafresca.net\/index.php\/wp-json\/wp\/v2\/media?parent=36601"}],"wp:term":[{"taxonomy":"category","embeddable":true,"href":"https:\/\/tintafresca.net\/index.php\/wp-json\/wp\/v2\/categories?post=36601"},{"taxonomy":"post_tag","embeddable":true,"href":"https:\/\/tintafresca.net\/index.php\/wp-json\/wp\/v2\/tags?post=36601"}],"curies":[{"name":"wp","href":"https:\/\/api.w.org\/{rel}","templated":true}]}}