{"id":36692,"date":"2024-09-07T22:43:52","date_gmt":"2024-09-07T22:43:52","guid":{"rendered":"https:\/\/tintafresca.net\/?p=36692"},"modified":"2024-09-07T22:45:41","modified_gmt":"2024-09-07T22:45:41","slug":"secretaria-de-estado-da-gestao-da-saude-visitou-a-uls-do-oeste-e-recebe-autarcas","status":"publish","type":"post","link":"https:\/\/tintafresca.net\/index.php\/2024\/09\/07\/secretaria-de-estado-da-gestao-da-saude-visitou-a-uls-do-oeste-e-recebe-autarcas\/","title":{"rendered":"Secret\u00e1ria de Estado da Gest\u00e3o da Sa\u00fade visita ULS do Oeste e recebe autarcas"},"content":{"rendered":"<div id=\"attachment_36694\" style=\"width: 510px\" class=\"wp-caption alignleft\"><img loading=\"lazy\" decoding=\"async\" aria-describedby=\"caption-attachment-36694\" class=\"wp-image-36694 size-full\" src=\"https:\/\/tintafresca.net\/wp-content\/uploads\/2024\/09\/Oeste_SE_Saude10.jpg\" alt=\"\" width=\"500\" height=\"333\" srcset=\"https:\/\/tintafresca.net\/wp-content\/uploads\/2024\/09\/Oeste_SE_Saude10.jpg 500w, https:\/\/tintafresca.net\/wp-content\/uploads\/2024\/09\/Oeste_SE_Saude10-300x200.jpg 300w\" sizes=\"auto, (max-width: 500px) 100vw, 500px\" \/><p id=\"caption-attachment-36694\" class=\"wp-caption-text\">Cristina Vaz Tom\u00e9 e Elsa Bai\u00e3o<\/p><\/div>\n<p>A secret\u00e1ria de Estado da Gest\u00e3o da Sa\u00fade, Eng.\u00aa Cristina Vaz Tom\u00e9, visitou esta quinta-feira, 5 de setembro, a sede da Unidade Local de Sa\u00fade do Oeste, localizada no Hospital de Caldas da Rainha.<\/p>\n<p>Num primeiro momento foi realizada uma visita ao Servi\u00e7o de Obstetr\u00edcia e Bloco de Partos, onde a secret\u00e1ria de Estado da Gest\u00e3o da Sa\u00fade e a sua equipa contactaram diretamente com os profissionais do Servi\u00e7o, e observaram o resultado das obras de remodela\u00e7\u00e3o recentemente realizadas.<\/p>\n<p>Num segundo momento foi realizada uma reuni\u00e3o de trabalho no Museu do Hospital e das Caldas, com o Conselho de Administra\u00e7\u00e3o da ULS do Oeste, presidido pela Dra. Elsa Bai\u00e3o, e com os presidentes e representantes dos v\u00e1rios munic\u00edpios que fazem parte da \u00e1rea geogr\u00e1fica de influ\u00eancia desta ULS.<\/p>\n<div id=\"attachment_36695\" style=\"width: 510px\" class=\"wp-caption alignleft\"><img loading=\"lazy\" decoding=\"async\" aria-describedby=\"caption-attachment-36695\" class=\"wp-image-36695 size-full\" src=\"https:\/\/tintafresca.net\/wp-content\/uploads\/2024\/09\/Oeste_SE_Saude20.jpg\" alt=\"\" width=\"500\" height=\"333\" srcset=\"https:\/\/tintafresca.net\/wp-content\/uploads\/2024\/09\/Oeste_SE_Saude20.jpg 500w, https:\/\/tintafresca.net\/wp-content\/uploads\/2024\/09\/Oeste_SE_Saude20-300x200.jpg 300w\" sizes=\"auto, (max-width: 500px) 100vw, 500px\" \/><p id=\"caption-attachment-36695\" class=\"wp-caption-text\">Reuni\u00e3o com autarcas da Regi\u00e3o Oeste<\/p><\/div>\n<p>Esta reuni\u00e3o de trabalho teve como principal objetivo dar a conhecer os investimentos que est\u00e3o a ser realizados pela ULS do Oeste no \u00e2mbito dos projetos cofinanciados, e o investimento previsto para o pr\u00f3ximo ano de 2025.<\/p>\n<p>O Conselho de Administra\u00e7\u00e3o da ULS do Oeste considera que esta reuni\u00e3o de trabalho pautou-se pelo di\u00e1logo, respeito e partilha de contributos por parte de todos os intervenientes.<\/p>\n<p>A Unidade Local de Sa\u00fade do Oeste agrega, desde o in\u00edcio de janeiro de 2024, numa \u00fanica entidade o Centro Hospitalar do Oeste, o Agrupamento de Centros de Sa\u00fade (ACES) do Oeste Norte e o Agrupamento de Centros de Sa\u00fade do Oeste Sul, integrando os concelhos de Caldas da Rainha, \u00d3bidos, Bombarral, Peniche, Lourinh\u00e3, Cadaval, Torres Vedras, Sobral Monte Agra\u00e7o. A popula\u00e7\u00e3o residente da \u00e1rea geogr\u00e1fica de influ\u00eancia direta da ULS do Oeste \u00e9 de 235.231 residentes, distribu\u00eddos por aproximadamente 1.348 km\u00b2.<\/p>\n<p><strong>Fonte: GC|ULS|Oeste<\/strong><\/p>\n","protected":false},"excerpt":{"rendered":"<p>A secret\u00e1ria de Estado da Gest\u00e3o da Sa\u00fade, Eng.\u00aa Cristina Vaz Tom\u00e9, visitou esta quinta-feira, 5 de setembro, a sede da Unidade Local de Sa\u00fade do Oeste, localizada no Hospital de Caldas da Rainha. Num primeiro momento foi realizada uma visita ao Servi\u00e7o de Obstetr\u00edcia e Bloco de Partos, onde a secret\u00e1ria de Estado da [&hellip;]<\/p>\n","protected":false},"author":2,"featured_media":36696,"comment_status":"open","ping_status":"open","sticky":false,"template":"","format":"standard","meta":{"footnotes":""},"categories":[6],"tags":[],"class_list":["post-36692","post","type-post","status-publish","format-standard","has-post-thumbnail","hentry","category-saude"],"_links":{"self":[{"href":"https:\/\/tintafresca.net\/index.php\/wp-json\/wp\/v2\/posts\/36692","targetHints":{"allow":["GET"]}}],"collection":[{"href":"https:\/\/tintafresca.net\/index.php\/wp-json\/wp\/v2\/posts"}],"about":[{"href":"https:\/\/tintafresca.net\/index.php\/wp-json\/wp\/v2\/types\/post"}],"author":[{"embeddable":true,"href":"https:\/\/tintafresca.net\/index.php\/wp-json\/wp\/v2\/users\/2"}],"replies":[{"embeddable":true,"href":"https:\/\/tintafresca.net\/index.php\/wp-json\/wp\/v2\/comments?post=36692"}],"version-history":[{"count":3,"href":"https:\/\/tintafresca.net\/index.php\/wp-json\/wp\/v2\/posts\/36692\/revisions"}],"predecessor-version":[{"id":36698,"href":"https:\/\/tintafresca.net\/index.php\/wp-json\/wp\/v2\/posts\/36692\/revisions\/36698"}],"wp:featuredmedia":[{"embeddable":true,"href":"https:\/\/tintafresca.net\/index.php\/wp-json\/wp\/v2\/media\/36696"}],"wp:attachment":[{"href":"https:\/\/tintafresca.net\/index.php\/wp-json\/wp\/v2\/media?parent=36692"}],"wp:term":[{"taxonomy":"category","embeddable":true,"href":"https:\/\/tintafresca.net\/index.php\/wp-json\/wp\/v2\/categories?post=36692"},{"taxonomy":"post_tag","embeddable":true,"href":"https:\/\/tintafresca.net\/index.php\/wp-json\/wp\/v2\/tags?post=36692"}],"curies":[{"name":"wp","href":"https:\/\/api.w.org\/{rel}","templated":true}]}}