{"id":36751,"date":"2024-09-12T18:58:12","date_gmt":"2024-09-12T18:58:12","guid":{"rendered":"https:\/\/tintafresca.net\/?p=36751"},"modified":"2024-09-12T19:12:21","modified_gmt":"2024-09-12T19:12:21","slug":"2o-simposio-de-saude-mental-em-obidos-debate-suicidio-e-discute-estrategias-de-prevencao","status":"publish","type":"post","link":"https:\/\/tintafresca.net\/index.php\/2024\/09\/12\/2o-simposio-de-saude-mental-em-obidos-debate-suicidio-e-discute-estrategias-de-prevencao\/","title":{"rendered":"2\u00ba Simp\u00f3sio de Sa\u00fade Mental em \u00d3bidos debate suic\u00eddio e discute estrat\u00e9gias de preven\u00e7\u00e3o"},"content":{"rendered":"<div id=\"attachment_36753\" style=\"width: 510px\" class=\"wp-caption alignleft\"><img loading=\"lazy\" decoding=\"async\" aria-describedby=\"caption-attachment-36753\" class=\"wp-image-36753 size-full\" src=\"https:\/\/tintafresca.net\/wp-content\/uploads\/2024\/09\/Obidos_2o-Simposio-sobre-Saude-Mental10.jpg\" alt=\"\" width=\"500\" height=\"355\" srcset=\"https:\/\/tintafresca.net\/wp-content\/uploads\/2024\/09\/Obidos_2o-Simposio-sobre-Saude-Mental10.jpg 500w, https:\/\/tintafresca.net\/wp-content\/uploads\/2024\/09\/Obidos_2o-Simposio-sobre-Saude-Mental10-300x213.jpg 300w\" sizes=\"auto, (max-width: 500px) 100vw, 500px\" \/><p id=\"caption-attachment-36753\" class=\"wp-caption-text\">2\u00ba simp\u00f3sio sobre Sa\u00fade Mental arrancou esta ter\u00e7a-feira no Audit\u00f3rio Municipal da Casa da M\u00fasica em \u00d3bidos<\/p><\/div>\n<p>Proporcionar momentos de aprendizagem, debate e reflex\u00e3o, analisando estrat\u00e9gias de preven\u00e7\u00e3o do suic\u00eddio mas tamb\u00e9m de interven\u00e7\u00e3o em comportamentos suicid\u00e1rios, \u00e9 o objetivo do 2\u00ba simp\u00f3sio sobre Sa\u00fade Mental, que arrancou esta ter\u00e7a-feira, 10 de setembro, no Audit\u00f3rio Municipal da Casa da M\u00fasica em \u00d3bidos, e que termina no pr\u00f3ximo dia 14 de setembro, sob o tema \u201cMuralhas, Pontes e Aquedutos\u201d.<\/p>\n<p>Numa iniciativa do Servi\u00e7o de Psicologia do Munic\u00edpio de \u00d3bidos e da Unidade de Cuidados na Comunidade de Caldas da Rainha e \u00d3bidos, este encontro juntou, no Dia Mundial da Preven\u00e7\u00e3o do Suic\u00eddio, dezenas de profissionais de sa\u00fade, de educa\u00e7\u00e3o, e de outras \u00e1reas sociais e humanas, em torno de um tema t\u00e3o atual quanto preocupante, e que exige discuss\u00e3o e conhecimento.<\/p>\n<p>Na sess\u00e3o de abertura do evento, Filipe Daniel, presidente da C\u00e2mara Municipal de \u00d3bidos, refor\u00e7ou a import\u00e2ncia deste segundo simp\u00f3sio, cuja primeira edi\u00e7\u00e3o surgiu por proposta do munic\u00edpio. \u201cSempre consider\u00e1mos que a reflex\u00e3o sobre o tema da Sa\u00fade Mental era importante mas no per\u00edodo p\u00f3s-pandemia, sentimos que os problemas se intensificaram e que a necessidade se impunha\u201d.<\/p>\n<p>\u201cA analogia do tema do simp\u00f3sio ao patrim\u00f3nio edificado de \u00d3bidos &#8211; muralhas, pontes e aquedutos &#8211; pode representar tamb\u00e9m aquilo que \u00e9 a transfer\u00eancia de conhecimento, fundamental para respondermos melhor, enquanto comunidade, a este fen\u00f3meno\u201d. \u201cSentimos que \u00e9 necess\u00e1rio fazer o correto diagn\u00f3stico de situa\u00e7\u00f5es de risco (de suic\u00eddio). \u00c9 uma responsabilidade de todos. N\u00e3o podemos simplesmente ignorar os sinais que nos v\u00e3o sendo transmitidos, devendo atuar em conformidade&#8221;, notou.<\/p>\n<p><strong>O Munic\u00edpio de \u00d3bidos e a promo\u00e7\u00e3o da Sa\u00fade\u00a0Mental<\/strong><\/p>\n<p>Margarida Reis, vereadora com o pelouro da Sa\u00fade e Bem-Estar, explicou que o Munic\u00edpio de \u00d3bidos tem vindo a trabalhar em v\u00e1rias frentes, ao longo dos \u00faltimos anos, em mat\u00e9ria de promo\u00e7\u00e3o da sa\u00fade mental. Um trabalho conjunto, articulado, e que tem envolvido v\u00e1rias equipas de profissionais de diferentes \u00e1reas, assim como entidades e institui\u00e7\u00f5es parceiras.<\/p>\n<p>\u201cEste trabalho que nos junta tem de ser, de facto, muito eficiente e conjunto. Se assim n\u00e3o for, dificilmente avan\u00e7aremos\u201d. No terreno, o munic\u00edpio conta com a interven\u00e7\u00e3o do Servi\u00e7o de Psicologia, com consultas gratuitas, desenvolvendo a\u00e7\u00f5es de interven\u00e7\u00e3o grupal, \u201cum trabalho muito necess\u00e1rio\u201d, salientou a vereadora.<\/p>\n<p>Em paralelo, tem em marcha v\u00e1rios projetos de promo\u00e7\u00e3o da Sa\u00fade Mental &#8211; como \u00e9 o caso do programa \u00d3bidos +Sa\u00fade, do Festival \u00d3bidos +Ativo, ou do Simp\u00f3sio de Sa\u00fade Mental &#8211; para al\u00e9m de um conjunto de pontes que o munic\u00edpio ativou, e que t\u00eam permitido refor\u00e7ar respostas e agir no terreno (Seguran\u00e7a Social, Servi\u00e7o de Coes\u00e3o Social, Dire\u00e7\u00e3o Geral de Reinser\u00e7\u00e3o e Servi\u00e7os Prisionais, Juntas de Freguesia, Comiss\u00e3o de Prote\u00e7\u00e3o de Crian\u00e7as e Jovens, Hospitais, Centros de Sa\u00fade, entre outros).<\/p>\n<p>Foi ainda criado o Espa\u00e7o F (de Felicidade), onde funciona uma Sala Snoezelen, pensada para trabalhar a Sa\u00fade Mental atrav\u00e9s da arte, e que acompanha crian\u00e7as, fam\u00edlias, centros de Melhor Idade, entre muitos outros p\u00fablicos.<\/p>\n<p><strong> Aumentar a literacia em Sa\u00fade Mental<\/strong><\/p>\n<p>Uma das estrat\u00e9gias apontadas esta ter\u00e7a-feira por profissionais de Sa\u00fade para confrontar o flagelo do suic\u00eddio refere-se ao refor\u00e7o da literacia nesta \u00e1rea. \u201cTodos n\u00f3s sabemos que o suic\u00eddio \u00e9 um problema real, que temos a obriga\u00e7\u00e3o de combater\u201d, come\u00e7ou por dizer a enfermeira diretora Lurdes Ponciano, representante da ULSO &#8211; Unidade Local de Sa\u00fade do Oeste, no arranque do simp\u00f3sio.<\/p>\n<p>\u201cO aumento da literacia em sa\u00fade mental \u00e9 uma das estrat\u00e9gias\u201d a refor\u00e7ar, estrat\u00e9gia esta que \u201cj\u00e1 est\u00e1 a dar os seus frutos\u201d, no cap\u00edtulo da preven\u00e7\u00e3o do suic\u00eddio. \u201cO que \u00e9 preciso? Investir, desconstruir os mitos, os aquedutos, e construir as pontes\u201d. Rosa Sim\u00f5es, enfermeira e presidente do Col\u00e9gio da Especialidade de Sa\u00fade Mental e Psiqui\u00e1trica, defendeu ainda que o envolvimento, de uma forma integrada, de profissionais de sa\u00fade, professores e popula\u00e7\u00e3o em geral, \u00e9 basilar.<\/p>\n<p>\u201cTemos de falar sobre o tema, de desconstruir mitos, de conhecer o fen\u00f3meno, que \u00e9 completo e multi-determinado\u201d, notou. Segundo defende, \u201co suic\u00eddio \u00e9 evit\u00e1vel\u201d. \u201cAs crises suicid\u00e1rias s\u00e3o muito ambivalentes\u201d, devendo \u201cusar-se tudo o que \u00e9 positivo (fatores de prote\u00e7\u00e3o) para ajudar a pessoa a seguir em frente\u201d.<\/p>\n<p><strong>Projeto \u201cMais Contigo<\/strong>\u201d<\/p>\n<p>Na ocasi\u00e3o, as enfermeiras Rosa Sim\u00f5es e Vera Leal apresentaram o projeto \u201cMais Contigo\u201d, um programa de promo\u00e7\u00e3o da sa\u00fade mental e preven\u00e7\u00e3o de comportamentos suicid\u00e1rios em meio escolar.<\/p>\n<p>Promovido pela ESEnfC e pela Administra\u00e7\u00e3o Regional de Sa\u00fade do Centro, o \u201cMais Contigo\u201d j\u00e1 envolveu cerca de \u201c60 mil alunos, de 965 escolas de todos os distritos do pa\u00eds, incluindo as regi\u00f5es aut\u00f3nomas dos A\u00e7ores e da Madeira\u201d, l\u00ea-se no site do SNS.\u00a0 Este projeto trabalha aspetos como \u201co estigma em sa\u00fade mental, o autoconceito e a capacidade de resolu\u00e7\u00e3o de problemas, devidamente enquadrados na fase da adolesc\u00eancia\u201d.<\/p>\n<p>\u201c\u00c9 reconhecido como boa pr\u00e1tica pela Dire\u00e7\u00e3o-Geral da Sa\u00fade e pelo ICN &#8211; Conselho Internacional de Enfermeiros\u201d.\u00a0 O 2\u00ba Simp\u00f3sio sobre Sa\u00fade Mental prossegue dia 14 de setembro. Para este dia, est\u00e3o reservados v\u00e1rios workshops, a terem lugar em quatro espa\u00e7os distintos: CDI &#8211; Centro de Design de Interiores, Casa Saramago, Museu Municipal e Museu Ab\u00edlio de Mattos e Silva.<\/p>\n<p><strong>\u00a0 \u00a0 \u00a0Fonte: GCD|CMO<\/strong><\/p>\n","protected":false},"excerpt":{"rendered":"<p>Proporcionar momentos de aprendizagem, debate e reflex\u00e3o, analisando estrat\u00e9gias de preven\u00e7\u00e3o do suic\u00eddio mas tamb\u00e9m de interven\u00e7\u00e3o em comportamentos suicid\u00e1rios, \u00e9 o objetivo do 2\u00ba simp\u00f3sio sobre Sa\u00fade Mental, que arrancou esta ter\u00e7a-feira, 10 de setembro, no Audit\u00f3rio Municipal da Casa da M\u00fasica em \u00d3bidos, e que termina no pr\u00f3ximo dia 14 de setembro, sob [&hellip;]<\/p>\n","protected":false},"author":2,"featured_media":36754,"comment_status":"open","ping_status":"open","sticky":false,"template":"","format":"standard","meta":{"footnotes":""},"categories":[6],"tags":[],"class_list":["post-36751","post","type-post","status-publish","format-standard","has-post-thumbnail","hentry","category-saude"],"_links":{"self":[{"href":"https:\/\/tintafresca.net\/index.php\/wp-json\/wp\/v2\/posts\/36751","targetHints":{"allow":["GET"]}}],"collection":[{"href":"https:\/\/tintafresca.net\/index.php\/wp-json\/wp\/v2\/posts"}],"about":[{"href":"https:\/\/tintafresca.net\/index.php\/wp-json\/wp\/v2\/types\/post"}],"author":[{"embeddable":true,"href":"https:\/\/tintafresca.net\/index.php\/wp-json\/wp\/v2\/users\/2"}],"replies":[{"embeddable":true,"href":"https:\/\/tintafresca.net\/index.php\/wp-json\/wp\/v2\/comments?post=36751"}],"version-history":[{"count":2,"href":"https:\/\/tintafresca.net\/index.php\/wp-json\/wp\/v2\/posts\/36751\/revisions"}],"predecessor-version":[{"id":36755,"href":"https:\/\/tintafresca.net\/index.php\/wp-json\/wp\/v2\/posts\/36751\/revisions\/36755"}],"wp:featuredmedia":[{"embeddable":true,"href":"https:\/\/tintafresca.net\/index.php\/wp-json\/wp\/v2\/media\/36754"}],"wp:attachment":[{"href":"https:\/\/tintafresca.net\/index.php\/wp-json\/wp\/v2\/media?parent=36751"}],"wp:term":[{"taxonomy":"category","embeddable":true,"href":"https:\/\/tintafresca.net\/index.php\/wp-json\/wp\/v2\/categories?post=36751"},{"taxonomy":"post_tag","embeddable":true,"href":"https:\/\/tintafresca.net\/index.php\/wp-json\/wp\/v2\/tags?post=36751"}],"curies":[{"name":"wp","href":"https:\/\/api.w.org\/{rel}","templated":true}]}}