{"id":3677,"date":"2021-04-30T14:45:12","date_gmt":"2021-04-30T14:45:12","guid":{"rendered":"https:\/\/tintafresca.net\/?p=3677"},"modified":"2021-04-30T14:53:10","modified_gmt":"2021-04-30T14:53:10","slug":"politecnico-de-leiria-promove-ii-ciclo-internacional-de-conferencias-para-debater-a-importancia-da-infancia-e-da-educacao","status":"publish","type":"post","link":"https:\/\/tintafresca.net\/index.php\/2021\/04\/30\/politecnico-de-leiria-promove-ii-ciclo-internacional-de-conferencias-para-debater-a-importancia-da-infancia-e-da-educacao\/","title":{"rendered":"II Ciclo Internacional de Confer\u00eancias do Polit\u00e9cnico de Leiria debate a import\u00e2ncia da Inf\u00e2ncia e da Educa\u00e7\u00e3o"},"content":{"rendered":"<div id=\"attachment_3679\" style=\"width: 510px\" class=\"wp-caption alignleft\"><img loading=\"lazy\" decoding=\"async\" aria-describedby=\"caption-attachment-3679\" class=\"wp-image-3679 size-full\" src=\"https:\/\/tintafresca.net\/wp-content\/uploads\/2021\/04\/IP_Homenagem_Isabel_Lopes_Silva10.png\" alt=\"\" width=\"500\" height=\"707\" \/><p id=\"caption-attachment-3679\" class=\"wp-caption-text\">Cartaz<\/p><\/div>\n<p>A Escola Superior de Educa\u00e7\u00e3o e Ci\u00eancias Sociais (ESECS) do Polit\u00e9cnico de Leiria vai promover, em parceria com a Associa\u00e7\u00e3o de Profissionais de Educa\u00e7\u00e3o de Inf\u00e2ncia (APEI), o II Ciclo Internacional de Confer\u00eancias &#8211; Inf\u00e2ncia &amp; Educa\u00e7\u00e3o, a ter lugar durante os meses de maio e junho, em formato online. A abertura do ciclo de confer\u00eancias decorrer\u00e1 na ter\u00e7a-feira, dia 4 de maio, a partir das 16h00, com a presen\u00e7a de Rui Pedrosa, presidente do Polit\u00e9cnico de Leiria, Sandrina Milhano, diretora da ESECS, Miguel Oliveira, docente da ESECS, Maria Jo\u00e3o Cardona, da Escola Superior de Educa\u00e7\u00e3o de Santar\u00e9m, Liliana Marques, da Dire\u00e7\u00e3o-Geral da Educa\u00e7\u00e3o, Lu\u00eds Ribeiro, da APEI, Teresa Vasconcelos, aposentada da Escola Superior de Educa\u00e7\u00e3o do Instituto Polit\u00e9cnico de Lisboa, e um representante do Minist\u00e9rio da Educa\u00e7\u00e3o.<\/p>\n<p>Na abertura do ciclo ser\u00e1 homenageada Maria Isabel Ramos Lopes da Silva, uma das refer\u00eancias da Educa\u00e7\u00e3o de Inf\u00e2ncia e a personalidade mais impactante no que ao curr\u00edculo da Educa\u00e7\u00e3o Pr\u00e9-Escolar diz respeito. Doutorada em Ci\u00eancias da Educa\u00e7\u00e3o, coordenou as equipas encarregadas da elabora\u00e7\u00e3o das Orienta\u00e7\u00f5es Curriculares para a Educa\u00e7\u00e3o Pr\u00e9-Escolar (OCEPE), em 1997 e 2016. Tem exercido atividades docentes na forma\u00e7\u00e3o inicial e cont\u00ednua de educadores de inf\u00e2ncia e em cursos de mestrado e p\u00f3s-gradua\u00e7\u00e3o para docentes de diferentes n\u00edveis educativos.<\/p>\n<p>Ap\u00f3s a abertura do II Ciclo Internacional de Confer\u00eancias com as quatro autoras das OCEPE, quando forem 17h30, decorre a primeira confer\u00eancia subordinada ao tema \u201cIntencionalidade educativa e gest\u00e3o do curr\u00edculo na educa\u00e7\u00e3o pr\u00e9-escolar: Ambiguidades e desafios na implementa\u00e7\u00e3o das OCEPE\u201d.<\/p>\n<p>O II Ciclo Internacional de Confer\u00eancias, organizado no \u00e2mbito da coordena\u00e7\u00e3o do Mestrado em Educa\u00e7\u00e3o Pr\u00e9-Escolar, contar\u00e1 com confer\u00eancias sobre a Educa\u00e7\u00e3o em geral e a Educa\u00e7\u00e3o de Inf\u00e2ncia no atual contexto de pandemia, com partilhas acerca da pedagogia e curr\u00edculo da creche e do jardim de inf\u00e2ncia, a arte e a natureza no contexto educativo, o documentar as aprendizagens, e a escuta ativa e ag\u00eancia da crian\u00e7a. Os conferencistas v\u00e3o ainda abordar modelos, abordagens e pr\u00e1ticas diferenciadas, e partilhar conte\u00fados da Pr\u00e1tica de Ensino Supervisionada em mestrados de ensino, nomeadamente sobre a emerg\u00eancia da leitura e da escrita ou sobre o papel das fam\u00edlias e da comunidade.<\/p>\n<p>Ser\u00e1 promovida uma confer\u00eancia por semana, ao longo dos meses de maio e junho, transmitida via Zoom e na plataforma Youtube. Cada confer\u00eancia ter\u00e1 a dura\u00e7\u00e3o aproximada de 120 minutos, com os oradores a fazerem uma apresenta\u00e7\u00e3o de cerca de 15 minutos. As sess\u00f5es encerrar\u00e3o com um espa\u00e7o de di\u00e1logo, reflex\u00e3o e debate entre os participantes. O programa das oito confer\u00eancias promovidas no \u00e2mbito do II Ciclo Internacional \u2013 Inf\u00e2ncia &amp; Educa\u00e7\u00e3o pode ser consultado em <a href=\"https:\/\/sites.ipleiria.pt\/cicie2021\/programa\/\">https:\/\/sites.ipleiria.pt\/cicie2021\/programa\/<\/a>.<\/p>\n<p>A participa\u00e7\u00e3o em cada confer\u00eancia \u00e9 gratuita, mas com inscri\u00e7\u00e3o obrigat\u00f3ria em <a href=\"https:\/\/bit.ly\/3gEOedf\">https:\/\/bit.ly\/3gEOedf<\/a>.<\/p>\n<p><strong>\u00a0 \u00a0 Fonte: Midlandcom<\/strong><\/p>\n","protected":false},"excerpt":{"rendered":"<p>A Escola Superior de Educa\u00e7\u00e3o e Ci\u00eancias Sociais (ESECS) do Polit\u00e9cnico de Leiria vai promover, em parceria com a Associa\u00e7\u00e3o de Profissionais de Educa\u00e7\u00e3o de Inf\u00e2ncia (APEI), o II Ciclo Internacional de Confer\u00eancias &#8211; Inf\u00e2ncia &amp; Educa\u00e7\u00e3o, a ter lugar durante os meses de maio e junho, em formato online. A abertura do ciclo de [&hellip;]<\/p>\n","protected":false},"author":2,"featured_media":3680,"comment_status":"open","ping_status":"open","sticky":false,"template":"","format":"standard","meta":{"footnotes":""},"categories":[14],"tags":[],"class_list":["post-3677","post","type-post","status-publish","format-standard","has-post-thumbnail","hentry","category-educacao"],"_links":{"self":[{"href":"https:\/\/tintafresca.net\/index.php\/wp-json\/wp\/v2\/posts\/3677","targetHints":{"allow":["GET"]}}],"collection":[{"href":"https:\/\/tintafresca.net\/index.php\/wp-json\/wp\/v2\/posts"}],"about":[{"href":"https:\/\/tintafresca.net\/index.php\/wp-json\/wp\/v2\/types\/post"}],"author":[{"embeddable":true,"href":"https:\/\/tintafresca.net\/index.php\/wp-json\/wp\/v2\/users\/2"}],"replies":[{"embeddable":true,"href":"https:\/\/tintafresca.net\/index.php\/wp-json\/wp\/v2\/comments?post=3677"}],"version-history":[{"count":7,"href":"https:\/\/tintafresca.net\/index.php\/wp-json\/wp\/v2\/posts\/3677\/revisions"}],"predecessor-version":[{"id":3686,"href":"https:\/\/tintafresca.net\/index.php\/wp-json\/wp\/v2\/posts\/3677\/revisions\/3686"}],"wp:featuredmedia":[{"embeddable":true,"href":"https:\/\/tintafresca.net\/index.php\/wp-json\/wp\/v2\/media\/3680"}],"wp:attachment":[{"href":"https:\/\/tintafresca.net\/index.php\/wp-json\/wp\/v2\/media?parent=3677"}],"wp:term":[{"taxonomy":"category","embeddable":true,"href":"https:\/\/tintafresca.net\/index.php\/wp-json\/wp\/v2\/categories?post=3677"},{"taxonomy":"post_tag","embeddable":true,"href":"https:\/\/tintafresca.net\/index.php\/wp-json\/wp\/v2\/tags?post=3677"}],"curies":[{"name":"wp","href":"https:\/\/api.w.org\/{rel}","templated":true}]}}