{"id":36809,"date":"2024-09-16T21:25:43","date_gmt":"2024-09-16T21:25:43","guid":{"rendered":"https:\/\/tintafresca.net\/?p=36809"},"modified":"2024-09-16T21:37:38","modified_gmt":"2024-09-16T21:37:38","slug":"municipio-de-torres-vedras-avanca-com-constituicao-de-associacao-para-gestao-do-medicina-ulisboa","status":"publish","type":"post","link":"https:\/\/tintafresca.net\/index.php\/2024\/09\/16\/municipio-de-torres-vedras-avanca-com-constituicao-de-associacao-para-gestao-do-medicina-ulisboa\/","title":{"rendered":"Munic\u00edpio de Torres Vedras avan\u00e7a com cria\u00e7\u00e3o de associa\u00e7\u00e3o para gest\u00e3o do Medicina ULisboa"},"content":{"rendered":"<div id=\"attachment_36811\" style=\"width: 510px\" class=\"wp-caption alignleft\"><img loading=\"lazy\" decoding=\"async\" aria-describedby=\"caption-attachment-36811\" class=\"wp-image-36811 size-full\" src=\"https:\/\/tintafresca.net\/wp-content\/uploads\/2024\/09\/TV_ULCampus10.jpg\" alt=\"\" width=\"500\" height=\"281\" srcset=\"https:\/\/tintafresca.net\/wp-content\/uploads\/2024\/09\/TV_ULCampus10.jpg 500w, https:\/\/tintafresca.net\/wp-content\/uploads\/2024\/09\/TV_ULCampus10-300x169.jpg 300w\" sizes=\"auto, (max-width: 500px) 100vw, 500px\" \/><p id=\"caption-attachment-36811\" class=\"wp-caption-text\">Medicina ULisboa &#8211; Campus de Torres Vedras<\/p><\/div>\n<p>O executivo da C\u00e2mara Municipal de Torres Vedras, na reuni\u00e3o do dia 10 de setembro, aprovou o Plano Estrat\u00e9gico e An\u00e1lise de Sustentabilidade do Medicina ULisboa &#8211; Campus de Torres Vedras, assim como o projeto de estatutos da Associa\u00e7\u00e3o Campus de Sa\u00fade Dr. Jos\u00e9 Maria Antunes J\u00fanior, que ter\u00e1 a sua sede no antigo hospital localizado no Barro.<\/p>\n<p>Esta associa\u00e7\u00e3o, cujos membros fundadores s\u00e3o o Munic\u00edpio de Torres Vedras e a Faculdade de Medicina da Universidade de Lisboa, ter\u00e1 como objeto a gest\u00e3o do campus de sa\u00fade que estar\u00e1 vocacionado para atividades de ensino, assistenciais e de investiga\u00e7\u00e3o, de \u00edndole multidisciplinar e interdisciplinar. A associa\u00e7\u00e3o ter\u00e1 ainda como fim a coordena\u00e7\u00e3o de atividades baseadas no conhecimento cient\u00edfico, promovendo processos de mudan\u00e7a tecnol\u00f3gica e a cria\u00e7\u00e3o de agendas de investiga\u00e7\u00e3o e inova\u00e7\u00e3o de curto e m\u00e9dio prazo, suscitadas pela identifica\u00e7\u00e3o de necessidades e desafios no \u00e2mbito da sa\u00fade.<\/p>\n<p>Nas principais val\u00eancias desta associa\u00e7\u00e3o destaca-se a presta\u00e7\u00e3o de cuidados de sa\u00fade prim\u00e1rios, cuidados multidisciplinares e integrados a adultos com doen\u00e7as cr\u00f3nicas, bem como cuidados na comunidade e ao domic\u00edlio; a oferta de forma\u00e7\u00e3o graduada e p\u00f3s-graduada para profissionais de sa\u00fade; e o desenvolvimento de trabalhos de investiga\u00e7\u00e3o e recolha de dados na \u00e1rea das ci\u00eancias biom\u00e9dicas.<\/p>\n<p>Recorde-se que o Medicina ULisboa &#8211; Campus de Torres Vedras, para al\u00e9m de prever a cria\u00e7\u00e3o de centros de investiga\u00e7\u00e3o cl\u00ednica e tecnol\u00f3gica e de um centro de emerg\u00eancia e cat\u00e1strofe, contempla ainda a cria\u00e7\u00e3o de um centro acad\u00e9mico cl\u00ednico, pioneiro e modelar na Europa, na defini\u00e7\u00e3o, aplica\u00e7\u00e3o e avalia\u00e7\u00e3o dos melhores formatos de presta\u00e7\u00e3o de cuidados de sa\u00fade \u00e0 popula\u00e7\u00e3o, na \u00e1rea dos cuidados de sa\u00fade prim\u00e1rios e de reabilita\u00e7\u00e3o.<\/p>\n<p>A participa\u00e7\u00e3o do Munic\u00edpio na constitui\u00e7\u00e3o da Associa\u00e7\u00e3o Campus de Sa\u00fade Dr. Jos\u00e9 Maria Antunes J\u00fanior ser\u00e1 agora submetida \u00e0 Assembleia Municipal para delibera\u00e7\u00e3o.<\/p>\n<p><strong>\u00a0 \u00a0 Fonte: ACM|CMTV<\/strong><\/p>\n","protected":false},"excerpt":{"rendered":"<p>O executivo da C\u00e2mara Municipal de Torres Vedras, na reuni\u00e3o do dia 10 de setembro, aprovou o Plano Estrat\u00e9gico e An\u00e1lise de Sustentabilidade do Medicina ULisboa &#8211; Campus de Torres Vedras, assim como o projeto de estatutos da Associa\u00e7\u00e3o Campus de Sa\u00fade Dr. Jos\u00e9 Maria Antunes J\u00fanior, que ter\u00e1 a sua sede no antigo hospital [&hellip;]<\/p>\n","protected":false},"author":2,"featured_media":36812,"comment_status":"open","ping_status":"open","sticky":false,"template":"","format":"standard","meta":{"footnotes":""},"categories":[6],"tags":[],"class_list":["post-36809","post","type-post","status-publish","format-standard","has-post-thumbnail","hentry","category-saude"],"_links":{"self":[{"href":"https:\/\/tintafresca.net\/index.php\/wp-json\/wp\/v2\/posts\/36809","targetHints":{"allow":["GET"]}}],"collection":[{"href":"https:\/\/tintafresca.net\/index.php\/wp-json\/wp\/v2\/posts"}],"about":[{"href":"https:\/\/tintafresca.net\/index.php\/wp-json\/wp\/v2\/types\/post"}],"author":[{"embeddable":true,"href":"https:\/\/tintafresca.net\/index.php\/wp-json\/wp\/v2\/users\/2"}],"replies":[{"embeddable":true,"href":"https:\/\/tintafresca.net\/index.php\/wp-json\/wp\/v2\/comments?post=36809"}],"version-history":[{"count":3,"href":"https:\/\/tintafresca.net\/index.php\/wp-json\/wp\/v2\/posts\/36809\/revisions"}],"predecessor-version":[{"id":36814,"href":"https:\/\/tintafresca.net\/index.php\/wp-json\/wp\/v2\/posts\/36809\/revisions\/36814"}],"wp:featuredmedia":[{"embeddable":true,"href":"https:\/\/tintafresca.net\/index.php\/wp-json\/wp\/v2\/media\/36812"}],"wp:attachment":[{"href":"https:\/\/tintafresca.net\/index.php\/wp-json\/wp\/v2\/media?parent=36809"}],"wp:term":[{"taxonomy":"category","embeddable":true,"href":"https:\/\/tintafresca.net\/index.php\/wp-json\/wp\/v2\/categories?post=36809"},{"taxonomy":"post_tag","embeddable":true,"href":"https:\/\/tintafresca.net\/index.php\/wp-json\/wp\/v2\/tags?post=36809"}],"curies":[{"name":"wp","href":"https:\/\/api.w.org\/{rel}","templated":true}]}}