{"id":36864,"date":"2024-09-19T20:27:33","date_gmt":"2024-09-19T20:27:33","guid":{"rendered":"https:\/\/tintafresca.net\/?p=36864"},"modified":"2024-09-20T21:12:09","modified_gmt":"2024-09-20T21:12:09","slug":"cursos-tesp-na-area-agroalimentar-arrancam-em-alcobaca-com-apoio-do-politecnico-de-santarem","status":"publish","type":"post","link":"https:\/\/tintafresca.net\/index.php\/2024\/09\/19\/cursos-tesp-na-area-agroalimentar-arrancam-em-alcobaca-com-apoio-do-politecnico-de-santarem\/","title":{"rendered":"Cursos TeSP na \u00e1rea agroalimentar arrancam em Alcoba\u00e7a com apoio do Polit\u00e9cnico de Santar\u00e9m"},"content":{"rendered":"<div id=\"attachment_36866\" style=\"width: 410px\" class=\"wp-caption alignleft\"><img loading=\"lazy\" decoding=\"async\" aria-describedby=\"caption-attachment-36866\" class=\"wp-image-36866 size-full\" src=\"https:\/\/tintafresca.net\/wp-content\/uploads\/2024\/09\/Alcobaca_TEST_Agricultura10.jpg\" alt=\"\" width=\"400\" height=\"400\" srcset=\"https:\/\/tintafresca.net\/wp-content\/uploads\/2024\/09\/Alcobaca_TEST_Agricultura10.jpg 400w, https:\/\/tintafresca.net\/wp-content\/uploads\/2024\/09\/Alcobaca_TEST_Agricultura10-300x300.jpg 300w, https:\/\/tintafresca.net\/wp-content\/uploads\/2024\/09\/Alcobaca_TEST_Agricultura10-150x150.jpg 150w\" sizes=\"auto, (max-width: 400px) 100vw, 400px\" \/><p id=\"caption-attachment-36866\" class=\"wp-caption-text\">Cartaz<\/p><\/div>\n<p>A reforma das ci\u00eancias agr\u00e1rias em Portugal \u00e9 crucial para garantir a competitividade e a sustentabilidade do setor agr\u00edcola no s\u00e9culo XXI. A colabora\u00e7\u00e3o entre institui\u00e7\u00f5es de ensino e o setor agr\u00edcola promove a transfer\u00eancia de conhecimento e inova\u00e7\u00e3o, essencial para o desenvolvimento da agricultura nacional.<\/p>\n<p>A integra\u00e7\u00e3o do ensino profissional agr\u00edcola com o ensino superior, no futuro, permitir\u00e1 uma forma\u00e7\u00e3o mais completa e adaptada \u00e0s necessidades do mercado. Esta sinergia n\u00e3o apenas proporcionar\u00e1 aos alunos uma base s\u00f3lida de conhecimentos te\u00f3ricos e pr\u00e1ticos, mas tamb\u00e9m os preparar\u00e1 para enfrentar os desafios atuais, como as mudan\u00e7as clim\u00e1ticas e a necessidade de pr\u00e1ticas agr\u00edcolas mais sustent\u00e1veis.<\/p>\n<p>Com este horizonte foi criado, em Alcoba\u00e7a, um cons\u00f3rcio inovador para o funcionamento de Cursos T\u00e9cnicos Superiores Profissionais (TESP) na \u00e1rea agroalimentar. Este projeto resulta da colabora\u00e7\u00e3o entre a Escola Superior Agr\u00e1ria do Instituto Polit\u00e9cnico de Santar\u00e9m, o Munic\u00edpio de Alcoba\u00e7a, a Universidade de Coimbra, a EPADRC (Escola Profissional Agr\u00edcola e de Desenvolvimento Rural de Cister) e o INIAV (Instituto Nacional de Investiga\u00e7\u00e3o Agr\u00e1ria e Veterin\u00e1ria).<\/p>\n<p>O cons\u00f3rcio tem como objetivo promover a forma\u00e7\u00e3o de excel\u00eancia em pr\u00e1ticas agr\u00edcolas sustent\u00e1veis, bem como preparar os alunos para os desafios do setor agr\u00edcola contempor\u00e2neo. Com a experi\u00eancia e o conhecimento das institui\u00e7\u00f5es envolvidas, espera-se oferecer uma forma\u00e7\u00e3o de qualidade que vai ao encontro das necessidades do mercado.<\/p>\n<p>A forma\u00e7\u00e3o de profissionais altamente qualificados, que s\u00e3o capazes de inovar e implementar solu\u00e7\u00f5es pr\u00e1ticas, \u00e9 fundamental para o fortalecimento do setor agr\u00edcola em Portugal, contribuindo para um futuro mais sustent\u00e1vel e produtivo.<\/p>\n<p>A nova oferta formativa consta de dois cursos TESP, um em Tecnologias de Produ\u00e7\u00e3o Integrada em Hortofrut\u00edcolas, que arranca j\u00e1 este ano letivo (2024\/25), e o TESP em Inova\u00e7\u00e3o Gastron\u00f3mica, no ano letivo (2025\/26).<\/p>\n<p>Este ano letivo, os espa\u00e7os formativos ser\u00e3o partilhados entre as instala\u00e7\u00f5es do CESUCA (Centro de Estudos Superiores da Universidade de Coimbra em Alcoba\u00e7a) e a EPADRC (Escola Profissional Agr\u00edcola e de Desenvolvimento Rural de Cister), em Alcoba\u00e7a, bem como, os campos experimentais do Instituto Nacional de Investiga\u00e7\u00e3o Agr\u00e1ria e Veterin\u00e1ria (INIAV).<\/p>\n<p>Deseja-se que este projeto fortale\u00e7a a liga\u00e7\u00e3o entre as institui\u00e7\u00f5es de ensino e o setor produtivo, criando oportunidades de est\u00e1gio e inser\u00e7\u00e3o profissional para os seus alunos, robustecendo assim o corpo t\u00e9cnico do tecido empresarial do territ\u00f3rio.<\/p>\n<p>A cerim\u00f3nia de lan\u00e7amento oficial do cons\u00f3rcio ter\u00e1 lugar no dia 20\/09\/2024, pelas 11h, nas instala\u00e7\u00f5es da Escola Profissional Agr\u00edcola e de Desenvolvimento Rural de Cister, em Alcoba\u00e7a.<\/p>\n<p>J\u00e1 est\u00e3o abertas as candidaturas para o Curso T\u00e9cnico Superior Profissional (TESP) em Tecnologias de Produ\u00e7\u00e3o Integrada em Hortofrut\u00edcolas. Todos os interessados podem obter mais informa\u00e7\u00f5es sobre o processo de candidatura, estrutura curricular e submeter as suas candidaturas no site oficial do Instituto Polit\u00e9cnico de Santar\u00e9m (<a href=\"http:\/\/www.ipsantarem.pt\">www.ipsantarem.pt<\/a>).<\/p>\n<p>O in\u00edcio das aulas est\u00e1 previsto para 30 de setembro de 2024.<\/p>\n<p><strong>\u00a0 \u00a0 Fonte: GCRP|CMA<\/strong><\/p>\n","protected":false},"excerpt":{"rendered":"<p>A reforma das ci\u00eancias agr\u00e1rias em Portugal \u00e9 crucial para garantir a competitividade e a sustentabilidade do setor agr\u00edcola no s\u00e9culo XXI. A colabora\u00e7\u00e3o entre institui\u00e7\u00f5es de ensino e o setor agr\u00edcola promove a transfer\u00eancia de conhecimento e inova\u00e7\u00e3o, essencial para o desenvolvimento da agricultura nacional. A integra\u00e7\u00e3o do ensino profissional agr\u00edcola com o ensino [&hellip;]<\/p>\n","protected":false},"author":2,"featured_media":36867,"comment_status":"open","ping_status":"open","sticky":false,"template":"","format":"standard","meta":{"footnotes":""},"categories":[7,14],"tags":[],"class_list":["post-36864","post","type-post","status-publish","format-standard","has-post-thumbnail","hentry","category-economia","category-educacao"],"_links":{"self":[{"href":"https:\/\/tintafresca.net\/index.php\/wp-json\/wp\/v2\/posts\/36864","targetHints":{"allow":["GET"]}}],"collection":[{"href":"https:\/\/tintafresca.net\/index.php\/wp-json\/wp\/v2\/posts"}],"about":[{"href":"https:\/\/tintafresca.net\/index.php\/wp-json\/wp\/v2\/types\/post"}],"author":[{"embeddable":true,"href":"https:\/\/tintafresca.net\/index.php\/wp-json\/wp\/v2\/users\/2"}],"replies":[{"embeddable":true,"href":"https:\/\/tintafresca.net\/index.php\/wp-json\/wp\/v2\/comments?post=36864"}],"version-history":[{"count":3,"href":"https:\/\/tintafresca.net\/index.php\/wp-json\/wp\/v2\/posts\/36864\/revisions"}],"predecessor-version":[{"id":36869,"href":"https:\/\/tintafresca.net\/index.php\/wp-json\/wp\/v2\/posts\/36864\/revisions\/36869"}],"wp:featuredmedia":[{"embeddable":true,"href":"https:\/\/tintafresca.net\/index.php\/wp-json\/wp\/v2\/media\/36867"}],"wp:attachment":[{"href":"https:\/\/tintafresca.net\/index.php\/wp-json\/wp\/v2\/media?parent=36864"}],"wp:term":[{"taxonomy":"category","embeddable":true,"href":"https:\/\/tintafresca.net\/index.php\/wp-json\/wp\/v2\/categories?post=36864"},{"taxonomy":"post_tag","embeddable":true,"href":"https:\/\/tintafresca.net\/index.php\/wp-json\/wp\/v2\/tags?post=36864"}],"curies":[{"name":"wp","href":"https:\/\/api.w.org\/{rel}","templated":true}]}}