{"id":3687,"date":"2021-04-30T16:34:14","date_gmt":"2021-04-30T16:34:14","guid":{"rendered":"https:\/\/tintafresca.net\/?p=3687"},"modified":"2021-04-30T16:34:14","modified_gmt":"2021-04-30T16:34:14","slug":"ecocentro-do-cartaxo-abre-durante-a-semana-e-ao-sabado-de-manha","status":"publish","type":"post","link":"https:\/\/tintafresca.net\/index.php\/2021\/04\/30\/ecocentro-do-cartaxo-abre-durante-a-semana-e-ao-sabado-de-manha\/","title":{"rendered":"Ecocentro do Cartaxo abre durante a semana e ao s\u00e1bado de manh\u00e3"},"content":{"rendered":"<div id=\"attachment_3689\" style=\"width: 510px\" class=\"wp-caption alignleft\"><img loading=\"lazy\" decoding=\"async\" aria-describedby=\"caption-attachment-3689\" class=\"wp-image-3689 size-full\" src=\"https:\/\/tintafresca.net\/wp-content\/uploads\/2021\/04\/Cartaxo_ecocentro10.jpg\" alt=\"\" width=\"500\" height=\"709\" \/><p id=\"caption-attachment-3689\" class=\"wp-caption-text\">Cartaz<\/p><\/div>\n<p><em>O Ecocentro do Cartaxo passou a ter hor\u00e1rio alargado durante a semana e ao s\u00e1bado de manh\u00e3. A entrega de monos e outros materiais no Ecocentro, \u00e9 gratuita.<\/em><\/p>\n<p>O v<em>ereador Pedro Nobre deixa o apelo \u2013 \u201cn\u00e3o deposite res\u00edduos de grande dimens\u00e3o junto aos contentores. M\u00f3veis antigos ou cortes de \u00e1rvores n\u00e3o s\u00e3o lixo. A C\u00e2mara Municipal recolhe-os \u2013 telefone para os nossos servi\u00e7os ou utilize a App do Munic\u00edpio no seu telem\u00f3vel e fa\u00e7a o pedido de modo r\u00e1pido e simples\u201d.<\/em><\/p>\n<p>A C\u00e2mara Municipal do Cartaxo disponibiliza aos mun\u00edcipes servi\u00e7os de dep\u00f3sito no Ecocentro e de recolha ao domic\u00edlio de m\u00f3veis velhos, colch\u00f5es, grandes eletrodom\u00e9sticos fora de uso, amontoados de jardim, pl\u00e1sticos r\u00edgidos de maior dimens\u00e3o, restos de madeiras ou papel e cart\u00e3o em quantidade que n\u00e3o permita usar o ecoponto.<\/p>\n<p>Pedro Nobre, vereador respons\u00e1vel pelo pelouro de ambiente e recolha de res\u00edduos urbanos explicou que \u201co carro de recolha de monos da C\u00e2mara Municipal percorre diariamente as ruas da cidade para recolher m\u00f3veis, cart\u00f5es de grandes dimens\u00f5es, grandes eletrodom\u00e9sticos, que s\u00e3o largados na via p\u00fablica\u201d.<\/p>\n<p>Para o autarca \u201c\u00e9 imperativo que todos possamos assumir responsabilidade sobre os res\u00edduos que produzimos. Os servi\u00e7os municipais retiram das nossas ruas, tr\u00eas ou quatro cargas di\u00e1rias deste tipo de materiais\u201d.<\/p>\n<p>O vereador apela \u00e0 popula\u00e7\u00e3o para que fa\u00e7a o transporte deste tipo de materiais para o Ecocentro. \u201cPara dar resposta a quem n\u00e3o pode fazer a entrega em dias \u00fateis, o Ecocentro tamb\u00e9m funciona ao s\u00e1bado de manh\u00e3\u201d, o autarca lembra que o Ecocentro recebe estas entregas de modo gratuito.<\/p>\n<p>A recolha de monos ao domic\u00edlio, feita pelos servi\u00e7os municipais \u201cpode ser agendada por telefone ou na aplica\u00e7\u00e3o para telem\u00f3vel que a C\u00e2mara Municipal disponibiliza\u201d, informou o autarca.<\/p>\n<p><strong>ECOCENTRO<br \/>\n<\/strong>Rua do Arrodel &#8211; Cartaxo<br \/>\nTel: 243 599 002<\/p>\n<p><strong>Hor\u00e1rio<\/strong><\/p>\n<p>Segunda-feira<br \/>\n8h00 \u00e0s 12h30 \u2013 13h00 \u00e0s 17h00<\/p>\n<p>Ter\u00e7a a sexta-feira<br \/>\n8h00 \u00e0s 12h30 \u2013 13h30 \u00e0s 17h00<\/p>\n<p>S\u00e1bado<br \/>\n8h30 \u00e0s 12h30<\/p>\n<p><strong>MARCA\u00c7\u00c3O E RECOLHA DE MONOS AO DOMIC\u00cdLIO<br \/>\n<\/strong>App Munic\u00edpio do Cartaxo \u2013 descarregue de modo gratuito na PlayStore ou AppStore<br \/>\nTel. 243 700 267<\/p>\n<p><strong>Hor\u00e1rio<br \/>\n<\/strong>Segunda a sexta-feira<br \/>\n8h30 \u00e0s 12h30 \u2013 13h30 \u00e0s 16h30<\/p>\n<p><strong>\u00a0 \u00a0 \u00a0Fonte: GIC|CMC<\/strong><\/p>\n","protected":false},"excerpt":{"rendered":"<p>O Ecocentro do Cartaxo passou a ter hor\u00e1rio alargado durante a semana e ao s\u00e1bado de manh\u00e3. A entrega de monos e outros materiais no Ecocentro, \u00e9 gratuita. O vereador Pedro Nobre deixa o apelo \u2013 \u201cn\u00e3o deposite res\u00edduos de grande dimens\u00e3o junto aos contentores. M\u00f3veis antigos ou cortes de \u00e1rvores n\u00e3o s\u00e3o lixo. A [&hellip;]<\/p>\n","protected":false},"author":2,"featured_media":3690,"comment_status":"open","ping_status":"open","sticky":false,"template":"","format":"standard","meta":{"footnotes":""},"categories":[9],"tags":[],"class_list":["post-3687","post","type-post","status-publish","format-standard","has-post-thumbnail","hentry","category-ambiente"],"_links":{"self":[{"href":"https:\/\/tintafresca.net\/index.php\/wp-json\/wp\/v2\/posts\/3687","targetHints":{"allow":["GET"]}}],"collection":[{"href":"https:\/\/tintafresca.net\/index.php\/wp-json\/wp\/v2\/posts"}],"about":[{"href":"https:\/\/tintafresca.net\/index.php\/wp-json\/wp\/v2\/types\/post"}],"author":[{"embeddable":true,"href":"https:\/\/tintafresca.net\/index.php\/wp-json\/wp\/v2\/users\/2"}],"replies":[{"embeddable":true,"href":"https:\/\/tintafresca.net\/index.php\/wp-json\/wp\/v2\/comments?post=3687"}],"version-history":[{"count":2,"href":"https:\/\/tintafresca.net\/index.php\/wp-json\/wp\/v2\/posts\/3687\/revisions"}],"predecessor-version":[{"id":3691,"href":"https:\/\/tintafresca.net\/index.php\/wp-json\/wp\/v2\/posts\/3687\/revisions\/3691"}],"wp:featuredmedia":[{"embeddable":true,"href":"https:\/\/tintafresca.net\/index.php\/wp-json\/wp\/v2\/media\/3690"}],"wp:attachment":[{"href":"https:\/\/tintafresca.net\/index.php\/wp-json\/wp\/v2\/media?parent=3687"}],"wp:term":[{"taxonomy":"category","embeddable":true,"href":"https:\/\/tintafresca.net\/index.php\/wp-json\/wp\/v2\/categories?post=3687"},{"taxonomy":"post_tag","embeddable":true,"href":"https:\/\/tintafresca.net\/index.php\/wp-json\/wp\/v2\/tags?post=3687"}],"curies":[{"name":"wp","href":"https:\/\/api.w.org\/{rel}","templated":true}]}}