{"id":3692,"date":"2021-04-30T19:09:11","date_gmt":"2021-04-30T19:09:11","guid":{"rendered":"https:\/\/tintafresca.net\/?p=3692"},"modified":"2021-04-30T19:10:31","modified_gmt":"2021-04-30T19:10:31","slug":"rio-maior-e-marinha-grande-vao-desconfinar-mas-ha-5-concelhos-da-regiao-em-situacao-de-alerta","status":"publish","type":"post","link":"https:\/\/tintafresca.net\/index.php\/2021\/04\/30\/rio-maior-e-marinha-grande-vao-desconfinar-mas-ha-5-concelhos-da-regiao-em-situacao-de-alerta\/","title":{"rendered":"Rio Maior e Marinha Grande v\u00e3o desconfinar mas h\u00e1 5 concelhos da regi\u00e3o em situa\u00e7\u00e3o de alerta"},"content":{"rendered":"<div id=\"attachment_1243\" style=\"width: 310px\" class=\"wp-caption alignleft\"><img loading=\"lazy\" decoding=\"async\" aria-describedby=\"caption-attachment-1243\" class=\"wp-image-1243 size-full\" src=\"https:\/\/tintafresca.net\/wp-content\/uploads\/2021\/02\/vacina_1.png\" alt=\"\" width=\"300\" height=\"300\" \/><p id=\"caption-attachment-1243\" class=\"wp-caption-text\">Vacina\u00e7\u00e3o em massa tem contribu\u00eddo para a redu\u00e7\u00e3o de casos ativos de COVID-19<\/p><\/div>\n<p>O Conselho de Ministros aprovou esta quinta-feira, dia 29 de abril, uma resolu\u00e7\u00e3o que declara a situa\u00e7\u00e3o de calamidade em todo o territ\u00f3rio nacional continental, das 0 h do dia 1 de maio de 2021 at\u00e9 \u00e0s 23h59 do dia 16 de maio de 2021. Rio Maior e Marinha Grande, que estavam impedidos de avan\u00e7ar no desconfinamento, acompanham a partir de s\u00e1bado a generalidade dos concelhos do pa\u00eds para a 4\u00aa e \u00faltima fase do desconfinamento. O primeiro-ministro Ant\u00f3nio Costa informou ainda que\u00a0h\u00e1 27 concelhos que devem estar alerta, porque registam uma taxa de incid\u00eancia da covid-19 superior a 120 casos por 100 mil habitantes.<\/p>\n<p>Esses 27 concelhos s\u00e3o Alij\u00f3, Alpiar\u00e7a, Arganil, Batalha, Beja, Boticas, Cabeceiras de Baixo, Castelo de Paiva, Celorico de Basto, Cinf\u00e3es, Coruche, Fafe, Figueir\u00f3 dos Vinhos, Lagos, Lamego, Melga\u00e7o, Oliveira do Hospital, Pa\u00e7os de Ferreira, Penafiel, Peniche, Peso da R\u00e9gua, Ponte da Barca, P\u00f3voa de Lanhoso, T\u00e1bua, Tabua\u00e7o, Vidigueira e Vila Real de Santo Ant\u00f3nio.<\/p>\n<p>Dando seguimento ao plano de desconfinamento apresentado em mar\u00e7o, e atendendo \u00e0 evolu\u00e7\u00e3o da pandemia em todos os concelhos do territ\u00f3rio continental, o Conselho de Ministros definiu que, a partir do dia 1 de maio, a generalidade do pa\u00eds, \u00e0 exce\u00e7\u00e3o de oito munic\u00edpios \u2013 Odemira (freguesias de S\u00e3o Teot\u00f3nio e Longueira\/Almograve), Aljezur, Resende, Carregal do Sal, Portim\u00e3o, Paredes, Miranda do Douro e Valongo \u2013 prossegue para a pr\u00f3xima fase de desconfinamento.<\/p>\n<p>Assim, para al\u00e9m de um conjunto de medidas, designadamente relativas ao dever c\u00edvico de recolhimento domicili\u00e1rio, \u00e0 obrigatoriedade de uso de m\u00e1scaras ou viseiras, ao controlo da temperatura corporal, \u00e0 realiza\u00e7\u00e3o de testes de diagn\u00f3stico, bem como regras de seguran\u00e7a e de distanciamento nos estabelecimentos ou locais abertos ao p\u00fablico, aplicam-se as seguintes regras:<\/p>\n<p>Hor\u00e1rios de funcionamento:<\/p>\n<p>&#8211; Restaurantes e espet\u00e1culos at\u00e9 \u00e0s 22h30;<\/p>\n<p>&#8211; Com\u00e9rcio em geral: at\u00e9 \u00e0s 21h00 nos dias de semana e at\u00e9 \u00e0s 19h00 nos fins de semana e feriados.<\/p>\n<p>&#8211; os restaurantes, caf\u00e9s e pastelarias podem funcionar com a limita\u00e7\u00e3o condicionada a um m\u00e1ximo de seis pessoas por mesa no interior e dez pessoas por mesa nas esplanadas;<\/p>\n<p>&#8211; a pr\u00e1tica de todas as modalidades desportivas passa a estar permitida, bem como e para todas a atividade f\u00edsica ao ar livre;<\/p>\n<p>&#8211; os gin\u00e1sios podem funcionar com aulas de grupo, observando as regras de seguran\u00e7a e higiene;<\/p>\n<p>&#8211; a lota\u00e7\u00e3o para casamentos e batizados passa a estar limitada a 50% do espa\u00e7o.<\/p>\n<p>Haver\u00e1 ainda uma avalia\u00e7\u00e3o intercalar semanal para averiguar se os concelhos cuja situa\u00e7\u00e3o epidemiol\u00f3gica melhore podem avan\u00e7ar no desconfinamento.<\/p>\n","protected":false},"excerpt":{"rendered":"<p>O Conselho de Ministros aprovou esta quinta-feira, dia 29 de abril, uma resolu\u00e7\u00e3o que declara a situa\u00e7\u00e3o de calamidade em todo o territ\u00f3rio nacional continental, das 0 h do dia 1 de maio de 2021 at\u00e9 \u00e0s 23h59 do dia 16 de maio de 2021. Rio Maior e Marinha Grande, que estavam impedidos de avan\u00e7ar [&hellip;]<\/p>\n","protected":false},"author":2,"featured_media":1246,"comment_status":"open","ping_status":"open","sticky":false,"template":"","format":"standard","meta":{"footnotes":""},"categories":[6],"tags":[],"class_list":["post-3692","post","type-post","status-publish","format-standard","has-post-thumbnail","hentry","category-saude"],"_links":{"self":[{"href":"https:\/\/tintafresca.net\/index.php\/wp-json\/wp\/v2\/posts\/3692","targetHints":{"allow":["GET"]}}],"collection":[{"href":"https:\/\/tintafresca.net\/index.php\/wp-json\/wp\/v2\/posts"}],"about":[{"href":"https:\/\/tintafresca.net\/index.php\/wp-json\/wp\/v2\/types\/post"}],"author":[{"embeddable":true,"href":"https:\/\/tintafresca.net\/index.php\/wp-json\/wp\/v2\/users\/2"}],"replies":[{"embeddable":true,"href":"https:\/\/tintafresca.net\/index.php\/wp-json\/wp\/v2\/comments?post=3692"}],"version-history":[{"count":2,"href":"https:\/\/tintafresca.net\/index.php\/wp-json\/wp\/v2\/posts\/3692\/revisions"}],"predecessor-version":[{"id":3694,"href":"https:\/\/tintafresca.net\/index.php\/wp-json\/wp\/v2\/posts\/3692\/revisions\/3694"}],"wp:featuredmedia":[{"embeddable":true,"href":"https:\/\/tintafresca.net\/index.php\/wp-json\/wp\/v2\/media\/1246"}],"wp:attachment":[{"href":"https:\/\/tintafresca.net\/index.php\/wp-json\/wp\/v2\/media?parent=3692"}],"wp:term":[{"taxonomy":"category","embeddable":true,"href":"https:\/\/tintafresca.net\/index.php\/wp-json\/wp\/v2\/categories?post=3692"},{"taxonomy":"post_tag","embeddable":true,"href":"https:\/\/tintafresca.net\/index.php\/wp-json\/wp\/v2\/tags?post=3692"}],"curies":[{"name":"wp","href":"https:\/\/api.w.org\/{rel}","templated":true}]}}