{"id":36946,"date":"2024-09-25T23:20:20","date_gmt":"2024-09-25T23:20:20","guid":{"rendered":"https:\/\/tintafresca.net\/?p=36946"},"modified":"2024-09-25T23:30:36","modified_gmt":"2024-09-25T23:30:36","slug":"deputados-socialistas-questionam-ministra-da-saude-sobre-usf-de-leiria-e-falta-de-cuidados-medicos-em-castanheira-de-pera","status":"publish","type":"post","link":"https:\/\/tintafresca.net\/index.php\/2024\/09\/25\/deputados-socialistas-questionam-ministra-da-saude-sobre-usf-de-leiria-e-falta-de-cuidados-medicos-em-castanheira-de-pera\/","title":{"rendered":"Deputados do PS questionam ministra da Sa\u00fade sobre USF de Leiria e falta de cuidados m\u00e9dicos em Castanheira de Pera"},"content":{"rendered":"<div id=\"attachment_36949\" style=\"width: 510px\" class=\"wp-caption alignleft\"><img loading=\"lazy\" decoding=\"async\" aria-describedby=\"caption-attachment-36949\" class=\"wp-image-36949 size-full\" src=\"https:\/\/tintafresca.net\/wp-content\/uploads\/2024\/09\/Leiria_Eurico_Brilhante_dias10.jpg\" alt=\"\" width=\"500\" height=\"375\" srcset=\"https:\/\/tintafresca.net\/wp-content\/uploads\/2024\/09\/Leiria_Eurico_Brilhante_dias10.jpg 500w, https:\/\/tintafresca.net\/wp-content\/uploads\/2024\/09\/Leiria_Eurico_Brilhante_dias10-300x225.jpg 300w\" sizes=\"auto, (max-width: 500px) 100vw, 500px\" \/><p id=\"caption-attachment-36949\" class=\"wp-caption-text\">Eurico Brilhante Dias<\/p><\/div>\n<p>Os deputados socialistas eleitos pelo c\u00edrculo de Leiria questionaram esta quarta-feira, dia 25 de setembro, a ministra da Sa\u00fade sobre as novas Unidades de Sa\u00fade Familiar (USF) Tipo C no distrito de Leiria e sobre a falta de m\u00e9dico de fam\u00edlia na Unidade de Cuidados de Sa\u00fade Prim\u00e1rios local de Castanheira de Pera.<\/p>\n<p>\u201cDepois de um Ver\u00e3o pior que o ano passado, onde as gr\u00e1vidas do distrito foram abandonadas, percorrendo mais de 200 km para ter os seus filhos, o outono come\u00e7a com falta de m\u00e9dicos de fam\u00edlia e com a incerteza das medidas anunciadas, de que n\u00e3o se conhece nenhum estudo de viabilidade. \u00c9 um desnorte, a que n\u00e3o \u00e9 alheia a voragem com que, sem prepara\u00e7\u00e3o, foi substitu\u00eddo o Dr. Fernando Ara\u00fajo como Diretor Executivo do SNS. Se continuar a colocar os lugares \u00e0 frente do interesse das popula\u00e7\u00f5es vamos por mau caminho\u201d, sublinha o deputado Eurico Brilhante Dias.<\/p>\n<p>Relativamente \u00e0s novas USF Tipo C, os deputados consideram que o distrito foi \u201dfortemente prejudicado pela forma como o Governo e a Dire\u00e7\u00e3o Executiva do SNS geriram as urg\u00eancias obst\u00e9tricas durante o m\u00eas de agosto\u201d, acrescentando que o ano de 2024 foi pior que o ano de 2023, considerando a \u201cgest\u00e3o do per\u00edodo estival ineficaz e problem\u00e1tica\u201d, deteriorando uma situa\u00e7\u00e3o j\u00e1 si dif\u00edcil.<\/p>\n<p>Tendo em conta esta conjuntura, os deputados perguntam \u00e0 ministra qual a avalia\u00e7\u00e3o foi realizada quanto \u00e0 implementa\u00e7\u00e3o das USF Tipo B no Distrito de Leiria, que estudos foram realizados \u2013 desde ponto de vista do servi\u00e7o e dos custos de opera\u00e7\u00e3o \u2013 para determinar a localiza\u00e7\u00e3o e a edifica\u00e7\u00e3o das USF Tipo C e em que concelhos e freguesias ser\u00e3o edificadas e\/ou operar as USF Tipo C?<\/p>\n<p>Os deputados Eurico Brilhante Dias, Walter Chicharro e Ana Sofia Antunes confessam a sua surpresa com esta situa\u00e7\u00e3o: \u201cSe no quadro das urg\u00eancias esta tem vindo a ser a resposta, foi com surpresa que vimos o an\u00fancio, no \u00e2mbito dos Servi\u00e7os de Sa\u00fade Prim\u00e1rios, perante a dif\u00edcil situa\u00e7\u00e3o \u2013 que precisa de melhor gest\u00e3o e de uma adequada avalia\u00e7\u00e3o da implementa\u00e7\u00e3o das USF Tipo B -, da cria\u00e7\u00e3o de 5 USF Tipo C\u201d.<\/p>\n<p>A falta de m\u00e9dico de fam\u00edlia na UCSP da Castanheira de Pera motivou tamb\u00e9m uma pergunta dirigida \u00e0 ministra da Sa\u00fade para obten\u00e7\u00e3o de mais informa\u00e7\u00e3o quanto ao processo de coloca\u00e7\u00e3o na UCSP de M\u00e9dico de Sa\u00fade Familiar para atender esta popula\u00e7\u00e3o, que se encontra sem recursos m\u00e9dicos desde 9 de setembro, como \u00e9 p\u00fablico pela nota de imprensa do Munic\u00edpio de Castanheira de Pera.<\/p>\n<p>Apesar do enorme esfor\u00e7o da autarquia, reconhecem os deputados, que assume por si custos relevantes para contribuir para a fixa\u00e7\u00e3o de pessoal m\u00e9dico, tais esfor\u00e7os n\u00e3o conseguem ser por si s\u00f3 suficientes para resolver a car\u00eancia de cuidados m\u00e9dicos.<\/p>\n<p>Os parlamentares sublinham a sua preocupa\u00e7\u00e3o pelo impacto esperado na popula\u00e7\u00e3o residente no concelho, nomeadamente a mais vulner\u00e1vel. \u201cEste munic\u00edpio, cujo \u00f3rg\u00e3o aut\u00e1rquico em devido momento j\u00e1 manifestou \u00e0 ULS Coimbra o seu desconforto, tem um conjunto de caracter\u00edsticas que fazem com que este cen\u00e1rio tenha uma relev\u00e2ncia redobrada. O conhecido envelhecimento da popula\u00e7\u00e3o local, naturalmente com enfermidades cr\u00f3nicas, a escassez de transportes p\u00fablicos, a que se soma a inexist\u00eancia de qualquer oferta complementar de natureza social ou privada, s\u00e3o aspetos que acentuam a natureza da necessidade em ser rapidamente colocado um m\u00e9dico do SNS neste concelho\u201d, defendem.<\/p>\n<p><strong>\u00a0 \u00a0 \u00a0 Fonte: GI|GPPS<\/strong><\/p>\n","protected":false},"excerpt":{"rendered":"<p>Os deputados socialistas eleitos pelo c\u00edrculo de Leiria questionaram esta quarta-feira, dia 25 de setembro, a ministra da Sa\u00fade sobre as novas Unidades de Sa\u00fade Familiar (USF) Tipo C no distrito de Leiria e sobre a falta de m\u00e9dico de fam\u00edlia na Unidade de Cuidados de Sa\u00fade Prim\u00e1rios local de Castanheira de Pera. \u201cDepois de [&hellip;]<\/p>\n","protected":false},"author":2,"featured_media":36948,"comment_status":"open","ping_status":"open","sticky":false,"template":"","format":"standard","meta":{"footnotes":""},"categories":[6],"tags":[],"class_list":["post-36946","post","type-post","status-publish","format-standard","has-post-thumbnail","hentry","category-saude"],"_links":{"self":[{"href":"https:\/\/tintafresca.net\/index.php\/wp-json\/wp\/v2\/posts\/36946","targetHints":{"allow":["GET"]}}],"collection":[{"href":"https:\/\/tintafresca.net\/index.php\/wp-json\/wp\/v2\/posts"}],"about":[{"href":"https:\/\/tintafresca.net\/index.php\/wp-json\/wp\/v2\/types\/post"}],"author":[{"embeddable":true,"href":"https:\/\/tintafresca.net\/index.php\/wp-json\/wp\/v2\/users\/2"}],"replies":[{"embeddable":true,"href":"https:\/\/tintafresca.net\/index.php\/wp-json\/wp\/v2\/comments?post=36946"}],"version-history":[{"count":3,"href":"https:\/\/tintafresca.net\/index.php\/wp-json\/wp\/v2\/posts\/36946\/revisions"}],"predecessor-version":[{"id":36951,"href":"https:\/\/tintafresca.net\/index.php\/wp-json\/wp\/v2\/posts\/36946\/revisions\/36951"}],"wp:featuredmedia":[{"embeddable":true,"href":"https:\/\/tintafresca.net\/index.php\/wp-json\/wp\/v2\/media\/36948"}],"wp:attachment":[{"href":"https:\/\/tintafresca.net\/index.php\/wp-json\/wp\/v2\/media?parent=36946"}],"wp:term":[{"taxonomy":"category","embeddable":true,"href":"https:\/\/tintafresca.net\/index.php\/wp-json\/wp\/v2\/categories?post=36946"},{"taxonomy":"post_tag","embeddable":true,"href":"https:\/\/tintafresca.net\/index.php\/wp-json\/wp\/v2\/tags?post=36946"}],"curies":[{"name":"wp","href":"https:\/\/api.w.org\/{rel}","templated":true}]}}