{"id":37025,"date":"2024-09-30T22:42:10","date_gmt":"2024-09-30T22:42:10","guid":{"rendered":"https:\/\/tintafresca.net\/?p=37025"},"modified":"2024-09-30T22:50:21","modified_gmt":"2024-09-30T22:50:21","slug":"uls-da-leziria-recebe-12-novos-medicos-especialistas","status":"publish","type":"post","link":"https:\/\/tintafresca.net\/index.php\/2024\/09\/30\/uls-da-leziria-recebe-12-novos-medicos-especialistas\/","title":{"rendered":"ULS da Lez\u00edria recebe 12 novos m\u00e9dicos especialistas"},"content":{"rendered":"<div id=\"attachment_37027\" style=\"width: 510px\" class=\"wp-caption alignleft\"><img loading=\"lazy\" decoding=\"async\" aria-describedby=\"caption-attachment-37027\" class=\"wp-image-37027 size-full\" src=\"https:\/\/tintafresca.net\/wp-content\/uploads\/2024\/09\/Santarem_medicos_ULSLeziria10.jpg\" alt=\"\" width=\"500\" height=\"375\" srcset=\"https:\/\/tintafresca.net\/wp-content\/uploads\/2024\/09\/Santarem_medicos_ULSLeziria10.jpg 500w, https:\/\/tintafresca.net\/wp-content\/uploads\/2024\/09\/Santarem_medicos_ULSLeziria10-300x225.jpg 300w\" sizes=\"auto, (max-width: 500px) 100vw, 500px\" \/><p id=\"caption-attachment-37027\" class=\"wp-caption-text\">Novos m\u00e9dicos da ULS da Lez\u00edria<\/p><\/div>\n<p>A Unidade Local de Sa\u00fade da Lez\u00edria (ULS da Lez\u00edria)\u00a0 promoveu, no dia 30 de setembro, uma sess\u00e3o de boas-vindas destinada aos 12 novos m\u00e9dicos que iniciaram recentemente fun\u00e7\u00f5es. Os novos especialistas ir\u00e3o refor\u00e7ar as \u00e1reas de Medicina Interna (1), Medicina Geral e Familiar ( 8 ), Psiquiatria da Inf\u00e2ncia e da Adolesc\u00eancia (1), Pediatria (1) e Patologia Cl\u00ednica (1) e juntam-se a um conjunto de mais 14 m\u00e9dicos de outras especialidades que integraram a Unidade em 2024.<\/p>\n<p>A rece\u00e7\u00e3o contou com as interven\u00e7\u00f5es de Tatiana Silvestre, presidente do Conselho de Administra\u00e7\u00e3o, Ana Rita Paulos, diretora cl\u00ednica para os Cuidados de Sa\u00fade Hospitalares, Jo\u00e3o Soares Ferreira, diretor cl\u00ednico para os Cuidados de Sa\u00fade Prim\u00e1rios, Hugo de Sousa e S\u00e9rgio Domingos, vogais executivos, e Jo\u00e3o Formiga, enfermeiro diretor.<\/p>\n<p>Ao intervir, Tatiana Silvestre, presidente do Conselho de Administra\u00e7\u00e3o, come\u00e7ou por dar as boas-vindas aos novos profissionais e sublinhou a import\u00e2ncia da integra\u00e7\u00e3o e colabora\u00e7\u00e3o no trabalho di\u00e1rio. \u201cDesejo-vos as boas-vindas, que sejam felizes nesta institui\u00e7\u00e3o, que trabalhem em conjunto, sempre com a vis\u00e3o na integra\u00e7\u00e3o dos cuidados e na colabora\u00e7\u00e3o entre pares\u201d, referiu e refor\u00e7ou: \u201cN\u00f3s estamos \u00e0 vossa disposi\u00e7\u00e3o para o necess\u00e1rio.\u201d<\/p>\n<p>Seguiu-se a interven\u00e7\u00e3o de Ana Rita Paulos, que sublinhou a import\u00e2ncia da proximidade e da coopera\u00e7\u00e3o entre todos. \u201cO modelo de ULS \u00e9 uma grande mais-valia, porque permite-nos trabalhar em parceria e em complementaridade\u201d, mencionou.<\/p>\n<p>Ao usar da palavra, Jo\u00e3o Soares Ferreira partilhou os resultados que espelham a evolu\u00e7\u00e3o positiva da atividade, real\u00e7ando que a ULS da Lez\u00edria j\u00e1 atingiu uma cobertura de utentes com m\u00e9dico de fam\u00edlia de 82,8%, o que significa um aumento. \u201c\u00c9 uma realidade nova para n\u00f3s. Esperamos fechar o ano a rondar os 87%\u201d, avan\u00e7ou, tendo ainda acrescentado que, \u201ccom o pr\u00f3ximo concurso, o nosso mapa de medicina geral e familiar fica quase plenamente preenchido, o que consideramos que vai dar tamb\u00e9m espa\u00e7o para um crescimento diferente e para mais projetos de integra\u00e7\u00e3o e de articula\u00e7\u00e3o\u201d.<\/p>\n<p>Ao concluir a sua interven\u00e7\u00e3o, o diretor cl\u00ednico para os Cuidados de Sa\u00fade Prim\u00e1rios real\u00e7ou o valor dos recursos humanos: \u201cOs recursos humanos s\u00e3o a nossa grande \u2018joia&#8217;. E por isso, \u00e9 nossa miss\u00e3o tamb\u00e9m cuidar de voc\u00eas e agradecer-vos o esfor\u00e7o que fazem todos os dias no terreno, porque n\u00e3o h\u00e1 medida que funcione se n\u00e3o houver profissionais do outro lado que a coloquem em pr\u00e1tica\u201d, concluiu.<\/p>\n<p>Hugo de Sousa, vogal executivo com pelouro dos recursos humanos, deu especial destaque \u00e0 integra\u00e7\u00e3o dos profissionais de Medicina Geral e Familiar, e real\u00e7ou que todos iniciaram fun\u00e7\u00f5es em USF modelo B. \u201cDesejo-vos as boas-vindas. Podem contar com este Conselho de Administra\u00e7\u00e3o para aquilo que for necess\u00e1rio.\u201d<\/p>\n<p>Tamb\u00e9m S\u00e9rgio Domingos, vogal executivo, congratulou os novos m\u00e9dicos e refor\u00e7ou os votos de boas-vindas. \u201cTem sido um orgulho muito grande estar nesta ULS. Acho que o que veem \u00e9 uma organiza\u00e7\u00e3o em crescimento. Desejo-vos a melhor sorte no resto do tempo que aqui passarem\u201d, afirmou.<\/p>\n<p><strong>\u00a0 \u00a0 \u00a0 \u00a0Fonte: GCI|ULS da Lez\u00edria<\/strong><\/p>\n","protected":false},"excerpt":{"rendered":"<p>A Unidade Local de Sa\u00fade da Lez\u00edria (ULS da Lez\u00edria)\u00a0 promoveu, no dia 30 de setembro, uma sess\u00e3o de boas-vindas destinada aos 12 novos m\u00e9dicos que iniciaram recentemente fun\u00e7\u00f5es. Os novos especialistas ir\u00e3o refor\u00e7ar as \u00e1reas de Medicina Interna (1), Medicina Geral e Familiar ( 8 ), Psiquiatria da Inf\u00e2ncia e da Adolesc\u00eancia (1), Pediatria [&hellip;]<\/p>\n","protected":false},"author":2,"featured_media":37028,"comment_status":"open","ping_status":"open","sticky":false,"template":"","format":"standard","meta":{"footnotes":""},"categories":[6],"tags":[],"class_list":["post-37025","post","type-post","status-publish","format-standard","has-post-thumbnail","hentry","category-saude"],"_links":{"self":[{"href":"https:\/\/tintafresca.net\/index.php\/wp-json\/wp\/v2\/posts\/37025","targetHints":{"allow":["GET"]}}],"collection":[{"href":"https:\/\/tintafresca.net\/index.php\/wp-json\/wp\/v2\/posts"}],"about":[{"href":"https:\/\/tintafresca.net\/index.php\/wp-json\/wp\/v2\/types\/post"}],"author":[{"embeddable":true,"href":"https:\/\/tintafresca.net\/index.php\/wp-json\/wp\/v2\/users\/2"}],"replies":[{"embeddable":true,"href":"https:\/\/tintafresca.net\/index.php\/wp-json\/wp\/v2\/comments?post=37025"}],"version-history":[{"count":3,"href":"https:\/\/tintafresca.net\/index.php\/wp-json\/wp\/v2\/posts\/37025\/revisions"}],"predecessor-version":[{"id":37030,"href":"https:\/\/tintafresca.net\/index.php\/wp-json\/wp\/v2\/posts\/37025\/revisions\/37030"}],"wp:featuredmedia":[{"embeddable":true,"href":"https:\/\/tintafresca.net\/index.php\/wp-json\/wp\/v2\/media\/37028"}],"wp:attachment":[{"href":"https:\/\/tintafresca.net\/index.php\/wp-json\/wp\/v2\/media?parent=37025"}],"wp:term":[{"taxonomy":"category","embeddable":true,"href":"https:\/\/tintafresca.net\/index.php\/wp-json\/wp\/v2\/categories?post=37025"},{"taxonomy":"post_tag","embeddable":true,"href":"https:\/\/tintafresca.net\/index.php\/wp-json\/wp\/v2\/tags?post=37025"}],"curies":[{"name":"wp","href":"https:\/\/api.w.org\/{rel}","templated":true}]}}