{"id":3703,"date":"2021-05-01T13:28:51","date_gmt":"2021-05-01T13:28:51","guid":{"rendered":"https:\/\/tintafresca.net\/?p=3703"},"modified":"2021-05-01T13:31:52","modified_gmt":"2021-05-01T13:31:52","slug":"rede-de-espacos-de-coworking-no-interior-vai-ter-a-participacao-de-seis-autarquias-da-regiao","status":"publish","type":"post","link":"https:\/\/tintafresca.net\/index.php\/2021\/05\/01\/rede-de-espacos-de-coworking-no-interior-vai-ter-a-participacao-de-seis-autarquias-da-regiao\/","title":{"rendered":"Rede de espa\u00e7os de coworking no Interior vai ter a participa\u00e7\u00e3o de seis autarquias da regi\u00e3o"},"content":{"rendered":"<div id=\"attachment_3707\" style=\"width: 360px\" class=\"wp-caption alignleft\"><img loading=\"lazy\" decoding=\"async\" aria-describedby=\"caption-attachment-3707\" class=\"wp-image-3707 size-full\" src=\"https:\/\/tintafresca.net\/wp-content\/uploads\/2021\/05\/OUREM_Luis_Albuquerque10.jpg\" alt=\"\" width=\"350\" height=\"351\" \/><p id=\"caption-attachment-3707\" class=\"wp-caption-text\">Lu\u00eds Miguel Albuquerque, presidente da C\u00e2mara Municipal de Our\u00e9m<\/p><\/div>\n<p>O Minist\u00e9rio da Coes\u00e3o Territorial e o Minist\u00e9rio do Trabalho, Solidariedade e Seguran\u00e7a Social lan\u00e7aram, no final de abril, a primeira fase da rede nacional de espa\u00e7os de coworking \u201cTeletrabalho no Interior. Vida Local, Trabalho Global\u201d.<\/p>\n<p>A assinatura dos Acordos de Coopera\u00e7\u00e3o para instala\u00e7\u00e3o de espa\u00e7os de teletrabalho no Interior do pa\u00eds decorreram em quatro cerim\u00f3nias nas regi\u00f5es Norte, Centro, Alentejo e Algarve durante esta semana. Na Regi\u00e3o Centro, a sess\u00e3o teve lugar esta sexta-feira, 30 de abril, no Cine-Teatro Jo\u00e3o Ribeiro, Vouzela, com a presen\u00e7a da ministra da Coes\u00e3o Territorial, Ana Abrunhosa, e contou com a participa\u00e7\u00e3o de seis autarquias da Regi\u00e3o: Abrantes, Alvai\u00e1zere, Ansi\u00e3o, Ma\u00e7\u00e3o, Our\u00e9m e Vila Nova da Barquinha.<\/p>\n<p>O estabelecimento destes espa\u00e7os de coworking, previsto no Programa de Estabiliza\u00e7\u00e3o\u00a0Econ\u00f3mica e Social (PEES), vai contribuir para a dinamiza\u00e7\u00e3o dos territ\u00f3rios do Interior, facilitando a fixa\u00e7\u00e3o e atra\u00e7\u00e3o de pessoas e empresas, diminuindo a necessidade de desloca\u00e7\u00f5es e a consequente pegada carb\u00f3nica e melhorando a qualidade de vida das popula\u00e7\u00f5es do Interior, ao promover a concilia\u00e7\u00e3o entre vida profissional e familiar.<\/p>\n<p>Nesta primeira fase da rede, v\u00e3o ser abertos at\u00e9 ao final de junho de 2021 53 espa\u00e7os\u00a0em outros tantos munic\u00edpios: 16 na Regi\u00e3o Norte, 23 no Centro, 3 no Alentejo e 11 no\u00a0Algarve.<\/p>\n<p>Os espa\u00e7os, disponibilizados pelas autarquias, v\u00e3o estar devidamente equipados com\u00a0computadores, impressoras e acesso \u00e0 internet e v\u00e3o ser divididos em \u00e1reas de\u00a0diferentes tipologias, de forma a disporem de bancadas livres para diferentes per\u00edodos\u00a0de ocupa\u00e7\u00e3o, zonas privadas para videochamadas, \u00e1reas para reuni\u00f5es e locais para a\u00a0realiza\u00e7\u00e3o de apresenta\u00e7\u00f5es ou a\u00e7\u00f5es de forma\u00e7\u00e3o. V\u00e3o localizar-se em espa\u00e7os\u00a0centrais, pr\u00f3ximos de servi\u00e7os, espa\u00e7os culturais ou destinados \u00e0 pr\u00e1tica de desporto.<\/p>\n<p>As C\u00e2maras Municipais ser\u00e3o respons\u00e1veis pela divulga\u00e7\u00e3o destes espa\u00e7os, atrav\u00e9s das\u00a0respetivas p\u00e1ginas e redes sociais, publicando fotografias ou v\u00eddeos, para permitir a\u00a0realiza\u00e7\u00e3o de visitas virtuais por parte de eventuais interessados, bem como toda a informa\u00e7\u00e3o relativa \u00e0s caracter\u00edsticas do espa\u00e7o, condi\u00e7\u00f5es de utiliza\u00e7\u00e3o, calend\u00e1rio\u00a0anual, hor\u00e1rio de utiliza\u00e7\u00e3o e custo associado.<\/p>\n<p>O Governo compromete-se, atrav\u00e9s das Comiss\u00f5es de Coordena\u00e7\u00e3o e Desenvolvimento\u00a0Regional (CCDR), a considerar a disponibiliza\u00e7\u00e3o de fundos europeus para, quando\u00a0necess\u00e1rio, apoiar a contrata\u00e7\u00e3o e a mobilidade de trabalhadores e comparticipar a\u00a0adapta\u00e7\u00e3o f\u00edsica destes espa\u00e7os, mas tamb\u00e9m a aquisi\u00e7\u00e3o de mobili\u00e1rio ou equipamento\u00a0inform\u00e1tico.<\/p>\n<p>O teletrabalho e o coworking assumem particular import\u00e2ncia para os territ\u00f3rios do\u00a0Interior na redu\u00e7\u00e3o da assimetria geogr\u00e1fica de ofertas profissionais, democratizando as\u00a0oportunidades entre as regi\u00f5es de elevada densidade populacional e as de menor\u00a0 densidade. A rede agora constitu\u00edda, alinhada com os objetivos do Programa de\u00a0Valoriza\u00e7\u00e3o do Interior, pretende incentivar a fixa\u00e7\u00e3o de pessoas no interior do pa\u00eds e\u00a0promover a partilha de experi\u00eancias e ideias entre trabalhadores de v\u00e1rios contextos e\u00a0origens.<\/p>\n<p>Munic\u00edpios da Regi\u00e3o Centro aderentes \u00e0 Rede:\u00a0Abrantes, Aguiar da Beira, Alvai\u00e1zere, Ansi\u00e3o, Carregal do Sal, Castelo Branco, Covilh\u00e3, Figueira de Castelo Rodrigo, Fund\u00e3o, G\u00f3is, Idanha-a-Nova, Ma\u00e7\u00e3o, Oliveira do Hospital, Our\u00e9m, Penamacor, Penela, Proen\u00e7a-a-Nova, S\u00e1t\u00e3o, Santa Comba D\u00e3o, Sever do Vouga, Vila de Rei, Vila Nova da Barquinha, Vouzela<\/p>\n<p><strong>\u00a0 \u00a0 \u00a0Munic\u00edpio de Our\u00e9m aderiu \u00e0 rede de espa\u00e7os de coworking\/teletrabalho<\/strong><\/p>\n<p>O presidente da C\u00e2mara Municipal de Our\u00e9m, Lu\u00eds Miguel Albuquerque, deslocou-se esta sexta-feira at\u00e9 Vouzela para firmar o acordo de coopera\u00e7\u00e3o que vai viabilizar a instala\u00e7\u00e3o de um espa\u00e7o de teletrabalho ou coworking no nosso concelho. Este projeto promovido pelos Minist\u00e9rios da Coes\u00e3o Territorial, Trabalho, Solidariedade e Seguran\u00e7a Social pretende contribuir para a dinamiza\u00e7\u00e3o dos territ\u00f3rios do Interior, facilitando a fixa\u00e7\u00e3o e atra\u00e7\u00e3o de pessoas e empresas.<\/p>\n<p>O novo espa\u00e7o oureense de coworking e teletrabalho ser\u00e1 instalado no Edif\u00edcio Multiusos de Freixianda, espa\u00e7o que re\u00fane todas as condi\u00e7\u00f5es para albergar os utilizadores deste projeto. Estes espa\u00e7os disponibilizados pelas autarquias estar\u00e3o devidamente equipados com computadores, impressoras e acesso \u00e0 internet, divididos em \u00e1reas de diferentes tipologias. Ter\u00e3o tamb\u00e9m zonas privadas para videochamadas, bem como espa\u00e7os para a realiza\u00e7\u00e3o de reuni\u00f5es e a\u00e7\u00f5es de forma\u00e7\u00e3o. O objetivo passa por diminuir a necessidade de desloca\u00e7\u00f5es e a consequente pegada carb\u00f3nica, melhorando a qualidade de vida das popula\u00e7\u00f5es do Interior e promovendo a concilia\u00e7\u00e3o entre a vida familiar e a vida profissional.<\/p>\n<p>O Munic\u00edpio de Our\u00e9m entendeu aderir a este programa porque o mercado de trabalho ter\u00e1 for\u00e7osamente que se adaptar \u00e0s novas realidades laborais, na sequ\u00eancia dos per\u00edodos de confinamento impostos para controlo da pandemia de Covid-19. Neste contexto, o teletrabalho e o coworking representam uma grande vantagem do ponto de vista da redu\u00e7\u00e3o da assimetria geogr\u00e1fica de ofertas profissionais, democratizando as oportunidades entre as regi\u00f5es de elevada densidade populacional e as de menor densidade.<\/p>\n<p>O protocolo de ades\u00e3o \u00e0 rede foi assinado entre a CIM do M\u00e9dio Tejo, a C\u00e2mara\u00a0Municipal de Our\u00e9m, a Comiss\u00e3o de Coordena\u00e7\u00e3o e Desenvolvimento Regional do\u00a0Centro (CCDRC) e o Instituto do Emprego e Forma\u00e7\u00e3o Profissional (IEFP). A cerim\u00f3nia contou com a presen\u00e7a da ministra da Coes\u00e3o Territorial, Ana Abrunhosa, a secret\u00e1ria de Estado da Valoriza\u00e7\u00e3o do Interior, Isabel Ferreira e o secret\u00e1rio de Estado do Trabalho e da Forma\u00e7\u00e3o Profissional, Miguel Cabrita.<\/p>\n<p><strong>\u00a0 \u00a0 Fonte: GI|MCT e LC|GIC|CMO<\/strong><\/p>\n","protected":false},"excerpt":{"rendered":"<p>O Minist\u00e9rio da Coes\u00e3o Territorial e o Minist\u00e9rio do Trabalho, Solidariedade e Seguran\u00e7a Social lan\u00e7aram, no final de abril, a primeira fase da rede nacional de espa\u00e7os de coworking \u201cTeletrabalho no Interior. Vida Local, Trabalho Global\u201d. A assinatura dos Acordos de Coopera\u00e7\u00e3o para instala\u00e7\u00e3o de espa\u00e7os de teletrabalho no Interior do pa\u00eds decorreram em quatro [&hellip;]<\/p>\n","protected":false},"author":2,"featured_media":3708,"comment_status":"open","ping_status":"open","sticky":false,"template":"","format":"standard","meta":{"footnotes":""},"categories":[7],"tags":[],"class_list":["post-3703","post","type-post","status-publish","format-standard","has-post-thumbnail","hentry","category-economia"],"_links":{"self":[{"href":"https:\/\/tintafresca.net\/index.php\/wp-json\/wp\/v2\/posts\/3703","targetHints":{"allow":["GET"]}}],"collection":[{"href":"https:\/\/tintafresca.net\/index.php\/wp-json\/wp\/v2\/posts"}],"about":[{"href":"https:\/\/tintafresca.net\/index.php\/wp-json\/wp\/v2\/types\/post"}],"author":[{"embeddable":true,"href":"https:\/\/tintafresca.net\/index.php\/wp-json\/wp\/v2\/users\/2"}],"replies":[{"embeddable":true,"href":"https:\/\/tintafresca.net\/index.php\/wp-json\/wp\/v2\/comments?post=3703"}],"version-history":[{"count":3,"href":"https:\/\/tintafresca.net\/index.php\/wp-json\/wp\/v2\/posts\/3703\/revisions"}],"predecessor-version":[{"id":3709,"href":"https:\/\/tintafresca.net\/index.php\/wp-json\/wp\/v2\/posts\/3703\/revisions\/3709"}],"wp:featuredmedia":[{"embeddable":true,"href":"https:\/\/tintafresca.net\/index.php\/wp-json\/wp\/v2\/media\/3708"}],"wp:attachment":[{"href":"https:\/\/tintafresca.net\/index.php\/wp-json\/wp\/v2\/media?parent=3703"}],"wp:term":[{"taxonomy":"category","embeddable":true,"href":"https:\/\/tintafresca.net\/index.php\/wp-json\/wp\/v2\/categories?post=3703"},{"taxonomy":"post_tag","embeddable":true,"href":"https:\/\/tintafresca.net\/index.php\/wp-json\/wp\/v2\/tags?post=3703"}],"curies":[{"name":"wp","href":"https:\/\/api.w.org\/{rel}","templated":true}]}}