{"id":37034,"date":"2024-10-01T21:18:53","date_gmt":"2024-10-01T21:18:53","guid":{"rendered":"https:\/\/tintafresca.net\/?p=37034"},"modified":"2024-10-01T21:30:28","modified_gmt":"2024-10-01T21:30:28","slug":"nerlei-cci-promove-sessoes-de-apresentacao-de-apoios-as-empresas-da-regiao-de-leiria","status":"publish","type":"post","link":"https:\/\/tintafresca.net\/index.php\/2024\/10\/01\/nerlei-cci-promove-sessoes-de-apresentacao-de-apoios-as-empresas-da-regiao-de-leiria\/","title":{"rendered":"NERLEI CCI promove sess\u00f5es de apresenta\u00e7\u00e3o de apoios \u00e0s empresas da Regi\u00e3o de Leiria"},"content":{"rendered":"<div id=\"attachment_9440\" style=\"width: 510px\" class=\"wp-caption alignleft\"><img loading=\"lazy\" decoding=\"async\" aria-describedby=\"caption-attachment-9440\" class=\"wp-image-9440 size-full\" src=\"https:\/\/tintafresca.net\/wp-content\/uploads\/2021\/10\/Nerlei_2010.jpg\" alt=\"\" width=\"500\" height=\"375\" srcset=\"https:\/\/tintafresca.net\/wp-content\/uploads\/2021\/10\/Nerlei_2010.jpg 500w, https:\/\/tintafresca.net\/wp-content\/uploads\/2021\/10\/Nerlei_2010-300x225.jpg 300w\" sizes=\"auto, (max-width: 500px) 100vw, 500px\" \/><p id=\"caption-attachment-9440\" class=\"wp-caption-text\">Edif\u00edcio NERLEI<\/p><\/div>\n<p>Nos dias 8 e 10 de outubro a NERLEI CCI \u2013 Associa\u00e7\u00e3o Empresarial da Regi\u00e3o de Leiria\/C\u00e2mara de Com\u00e9rcio e Ind\u00fastria vai promover duas sess\u00f5es de apresenta\u00e7\u00e3o do Aviso de Candidaturas a Apoios \u00e0s Empresas da Regi\u00e3o de Leiria, no \u00e2mbito do Centro 2030.<\/p>\n<p>No dia 8 de outubro decorrer\u00e1 a primeira sess\u00e3o, no Ed. NERLEI, em Leiria, entre as 16h e as 18h. No dia 10, ser\u00e1 no Centro de Investiga\u00e7\u00e3o e Inova\u00e7\u00e3o em Recursos Minerais, em Porto de M\u00f3s, entre as 14h30 e as 16h30.<\/p>\n<p>As duas sess\u00f5es ter\u00e3o programas id\u00eanticos, onde se destacam <u>interven\u00e7\u00f5es<\/u> de Neusa Magalh\u00e3es, do Programa Regional do Centro 2030; de Paulo Baptista, da Comunidade Intermunicipal da Regi\u00e3o de Leiria (CIMRL), entidade de vai gerir o Sistema de Incentivos de Base Territorial &#8211; ITI da CIMRL; e Paula Susano, da NML, que falar\u00e1 sobre boas pr\u00e1ticas na apresenta\u00e7\u00e3o de candidaturas.<\/p>\n<p>O Sistema de Incentivos de Base Territorial &#8211; ITI (Investimento Territorial Integrado) da CIM da Regi\u00e3o de Leiria vai ter candidaturas abertas at\u00e9 31 de dezembro de 2024 e apoia empresas com investimentos at\u00e9 300.000\u20ac, com financiamento de 50 por cento desse investimento.<\/p>\n<p>Esta \u00e9 uma a\u00e7\u00e3o desenvolvida pela NERLEI CCI em parceria e articula\u00e7\u00e3o com a CIMRL e o Munic\u00edpio de Porto de M\u00f3s. A <u>participa\u00e7\u00e3o \u00e9 gratuita<\/u>, mas com inscri\u00e7\u00e3o obrigat\u00f3ria no site da NERLEI CCI <a href=\"http:\/\/www.nerlei.pt\">www.nerlei.pt<\/a>.<\/p>\n","protected":false},"excerpt":{"rendered":"<p>Nos dias 8 e 10 de outubro a NERLEI CCI \u2013 Associa\u00e7\u00e3o Empresarial da Regi\u00e3o de Leiria\/C\u00e2mara de Com\u00e9rcio e Ind\u00fastria vai promover duas sess\u00f5es de apresenta\u00e7\u00e3o do Aviso de Candidaturas a Apoios \u00e0s Empresas da Regi\u00e3o de Leiria, no \u00e2mbito do Centro 2030. No dia 8 de outubro decorrer\u00e1 a primeira sess\u00e3o, no Ed. [&hellip;]<\/p>\n","protected":false},"author":2,"featured_media":9818,"comment_status":"open","ping_status":"open","sticky":false,"template":"","format":"standard","meta":{"footnotes":""},"categories":[7],"tags":[],"class_list":["post-37034","post","type-post","status-publish","format-standard","has-post-thumbnail","hentry","category-economia"],"_links":{"self":[{"href":"https:\/\/tintafresca.net\/index.php\/wp-json\/wp\/v2\/posts\/37034","targetHints":{"allow":["GET"]}}],"collection":[{"href":"https:\/\/tintafresca.net\/index.php\/wp-json\/wp\/v2\/posts"}],"about":[{"href":"https:\/\/tintafresca.net\/index.php\/wp-json\/wp\/v2\/types\/post"}],"author":[{"embeddable":true,"href":"https:\/\/tintafresca.net\/index.php\/wp-json\/wp\/v2\/users\/2"}],"replies":[{"embeddable":true,"href":"https:\/\/tintafresca.net\/index.php\/wp-json\/wp\/v2\/comments?post=37034"}],"version-history":[{"count":3,"href":"https:\/\/tintafresca.net\/index.php\/wp-json\/wp\/v2\/posts\/37034\/revisions"}],"predecessor-version":[{"id":37037,"href":"https:\/\/tintafresca.net\/index.php\/wp-json\/wp\/v2\/posts\/37034\/revisions\/37037"}],"wp:featuredmedia":[{"embeddable":true,"href":"https:\/\/tintafresca.net\/index.php\/wp-json\/wp\/v2\/media\/9818"}],"wp:attachment":[{"href":"https:\/\/tintafresca.net\/index.php\/wp-json\/wp\/v2\/media?parent=37034"}],"wp:term":[{"taxonomy":"category","embeddable":true,"href":"https:\/\/tintafresca.net\/index.php\/wp-json\/wp\/v2\/categories?post=37034"},{"taxonomy":"post_tag","embeddable":true,"href":"https:\/\/tintafresca.net\/index.php\/wp-json\/wp\/v2\/tags?post=37034"}],"curies":[{"name":"wp","href":"https:\/\/api.w.org\/{rel}","templated":true}]}}