{"id":37122,"date":"2024-10-05T22:46:07","date_gmt":"2024-10-05T22:46:07","guid":{"rendered":"https:\/\/tintafresca.net\/?p=37122"},"modified":"2024-10-05T22:50:41","modified_gmt":"2024-10-05T22:50:41","slug":"unidade-de-reabilitacao-cardiaca-de-leiria-recebe-donativos-para-aquisicao-de-novo-equipamento","status":"publish","type":"post","link":"https:\/\/tintafresca.net\/index.php\/2024\/10\/05\/unidade-de-reabilitacao-cardiaca-de-leiria-recebe-donativos-para-aquisicao-de-novo-equipamento\/","title":{"rendered":"Unidade de reabilita\u00e7\u00e3o card\u00edaca de Leiria recebe donativos para aquisi\u00e7\u00e3o de novo equipamento"},"content":{"rendered":"<div id=\"attachment_37124\" style=\"width: 510px\" class=\"wp-caption alignleft\"><img loading=\"lazy\" decoding=\"async\" aria-describedby=\"caption-attachment-37124\" class=\"wp-image-37124 size-full\" src=\"https:\/\/tintafresca.net\/wp-content\/uploads\/2024\/10\/Leiria_Futuras-instalacoes-da-Unidade-de-Reabilitacao-Cardiaca_20.jpg\" alt=\"\" width=\"500\" height=\"333\" srcset=\"https:\/\/tintafresca.net\/wp-content\/uploads\/2024\/10\/Leiria_Futuras-instalacoes-da-Unidade-de-Reabilitacao-Cardiaca_20.jpg 500w, https:\/\/tintafresca.net\/wp-content\/uploads\/2024\/10\/Leiria_Futuras-instalacoes-da-Unidade-de-Reabilitacao-Cardiaca_20-300x200.jpg 300w\" sizes=\"auto, (max-width: 500px) 100vw, 500px\" \/><p id=\"caption-attachment-37124\" class=\"wp-caption-text\">Visita \u00e0 nova Unidade de Reabilita\u00e7\u00e3o Card\u00edaca da Unidade Local de Sa\u00fade da Regi\u00e3o de Leiria<\/p><\/div>\n<p>A Unidade de Reabilita\u00e7\u00e3o Card\u00edaca da Unidade Local de Sa\u00fade da Regi\u00e3o de Leiria (ULSRL) recebeu dois donativos para a aquisi\u00e7\u00e3o de novo equipamento por parte da Aqueciliz, S. A., que ofereceu o valor pecuni\u00e1rio de 14 mil euros, e do Grupo CAC II, que doou \u00e0 Unidade a quantia de 90 mil euros. A cerim\u00f3nia de agradecimento p\u00fablico teve lugar no Hospital de Santo Andr\u00e9 (HSA), em Leiria, no dia 27 de setembro, onde foi ainda destacada a acredita\u00e7\u00e3o da Unidade de Reabilita\u00e7\u00e3o Card\u00edaca atribu\u00edda pela Sociedade Europeia de Cardiologia, tendo sido descerrada a respetiva placa oficial desse marco.<\/p>\n<p>Alexandre Antunes, m\u00e9dico cardiologista e coordenador da Unidade de Reabilita\u00e7\u00e3o Card\u00edaca, fez uma breve apresenta\u00e7\u00e3o da miss\u00e3o e objetivos da Unidade, bem como destacou as perspetivas de futuro, tais como expandir esta \u00e1rea de reabilita\u00e7\u00e3o na patologia da insufici\u00eancia card\u00edaca, apostar na forma\u00e7\u00e3o de mais um cardiologista para esta Unidade e trabalhar para a sua reacredita\u00e7\u00e3o.<\/p>\n<p>A professora doutora Ana Abreu, coordenadora da primeira Unidade de Reabilita\u00e7\u00e3o Card\u00edaca acreditada do pa\u00eds, na ULS de Santa Maria, e atual presidente da Associa\u00e7\u00e3o Europeia de Cardiologia Preventiva, na impossibilidade de participar nesta sess\u00e3o, deixou uma mensagem aos presentes. \u00abEsta Unidade mostrou ter condi\u00e7\u00f5es para receber a sua acredita\u00e7\u00e3o da Sociedade Europeia de Cardiologia e \u00e9 o segundo centro portugu\u00eas a obter esta certifica\u00e7\u00e3o, e o seu coordenador, o Dr. Alexandre Antunes \u00e9 um dos primeiros cardiologistas a ter a certifica\u00e7\u00e3o em Cardiologia Preventiva. Est\u00e3o de parab\u00e9ns e esta \u00e9 uma hist\u00f3ria de sucesso!\u00bb<\/p>\n<p>A cerim\u00f3nia incluiu uma visita \u00e0s atuais instala\u00e7\u00f5es da Unidade de Reabilita\u00e7\u00e3o Card\u00edaca, onde a fisiatra e co-coordenadora da Unidade, Filipa Janu\u00e1rio, explicou sucintamente o funcionamento, mostrou o equipamento existente e o que ser\u00e1 refor\u00e7ado com os donativos atribu\u00eddos.<\/p>\n<p>O evento terminou na futura sala da Unidade de Reabilita\u00e7\u00e3o Card\u00edaca, com as \u00faltimas interven\u00e7\u00f5es dos convidados. Filipe Carreira, administrador da Aqueciliz, S. A., salientou que \u00abestou aqui numa dupla fun\u00e7\u00e3o: como gestor e empres\u00e1rio para devolver \u00e0 sociedade o que a sociedade nos d\u00e1 a n\u00f3s, e o setor privado tem de ter essa vertente de apoio e contribuir para estas iniciativas; e a t\u00edtulo particular como utente, em que pude testemunhar e sentir na pele o esfor\u00e7o de toda esta equipa, que me parece fant\u00e1stica. Quero agradecer a todos, e no que depender de n\u00f3s, c\u00e1 estaremos para ajudar em pr\u00f3ximas oportunidades\u00bb.<\/p>\n<p>O presidente do Conselho de Administra\u00e7\u00e3o do Grupo CAC II, Manuel Sobreiro, explicou que \u00abaprov\u00e1mos um apoio financeiro que se enquadra nos investimentos de responsabilidade social que s\u00e3o parte integrante do nosso ADN e nos motivam todos os anos a apoiar alguns projetos e m\u00faltiplas institui\u00e7\u00f5es. Por isso, contem connosco para estas parcerias, pois elas s\u00e3o um dos des\u00edgnios daquilo que fazemos e dos compromissos que assumimos em prol da sustentabilidade\u00bb.<\/p>\n<p>Lic\u00ednio de Carvalho, presidente do Conselho de Administra\u00e7\u00e3o da ULSRL, agradeceu a toda a equipa e colaboradores dos Servi\u00e7os de Cardiologia e de Medicina F\u00edsica e Reabilita\u00e7\u00e3o, e a todos os presentes. \u00abQuero agradecer esta d\u00e1diva e \u00e9 bom sentirmos o apoio da comunidade, das pessoas, sejam utentes ou n\u00e3o, para aquilo que esta Unidade de sa\u00fade faz. Espero que sintam que vale a pena e que v\u00e3o ter retorno, que as pessoas beneficiam deste investimento que tamb\u00e9m est\u00e3o a fazer aqui. Para n\u00f3s \u00e9 muito importante prestar contas a quem nos ajuda, quem confia em n\u00f3s, quem reconhece o nosso trabalho e o nosso esfor\u00e7o. Gostava de vos agradecer humildemente por esta colabora\u00e7\u00e3o e presen\u00e7a habitual, e amizade, que \u00e9 muito importante para n\u00f3s, para a equipa e para a Unidade de Reabilita\u00e7\u00e3o Card\u00edaca.\u00bb<\/p>\n<p>Gon\u00e7alo Lopes, presidente da C\u00e2mara Municipal de Leiria, manifestou a sua grande satisfa\u00e7\u00e3o em participar nesta cerim\u00f3nia. \u00abEm primeiro lugar, o reconhecimento da Unidade de Reabilita\u00e7\u00e3o Card\u00edaca da ULSRL, agora acreditada pela Sociedade Europeia de Cardiologia, que valida o compromisso desta Unidade na presta\u00e7\u00e3o de cuidados de sa\u00fade de excel\u00eancia aos nossos cidad\u00e3os. Em segundo lugar, e n\u00e3o menos importante, o devido reconhecimento a dois leirienses, Filipe Carreira e Manuel Sobreiro, cujos donativos revelam um extraordin\u00e1rio sentido de responsabilidade social, demonstrando que o contributo para a sa\u00fade p\u00fablica \u00e9 tamb\u00e9m uma dimens\u00e3o da cidadania empresarial. Parab\u00e9ns pelo vosso gesto, estou muito orgulhoso!\u00bb<\/p>\n<p>&nbsp;<\/p>\n<p>Fonte: Midlandcom<\/p>\n","protected":false},"excerpt":{"rendered":"<p>A Unidade de Reabilita\u00e7\u00e3o Card\u00edaca da Unidade Local de Sa\u00fade da Regi\u00e3o de Leiria (ULSRL) recebeu dois donativos para a aquisi\u00e7\u00e3o de novo equipamento por parte da Aqueciliz, S. A., que ofereceu o valor pecuni\u00e1rio de 14 mil euros, e do Grupo CAC II, que doou \u00e0 Unidade a quantia de 90 mil euros. A [&hellip;]<\/p>\n","protected":false},"author":2,"featured_media":37125,"comment_status":"open","ping_status":"open","sticky":false,"template":"","format":"standard","meta":{"footnotes":""},"categories":[6],"tags":[],"class_list":["post-37122","post","type-post","status-publish","format-standard","has-post-thumbnail","hentry","category-saude"],"_links":{"self":[{"href":"https:\/\/tintafresca.net\/index.php\/wp-json\/wp\/v2\/posts\/37122","targetHints":{"allow":["GET"]}}],"collection":[{"href":"https:\/\/tintafresca.net\/index.php\/wp-json\/wp\/v2\/posts"}],"about":[{"href":"https:\/\/tintafresca.net\/index.php\/wp-json\/wp\/v2\/types\/post"}],"author":[{"embeddable":true,"href":"https:\/\/tintafresca.net\/index.php\/wp-json\/wp\/v2\/users\/2"}],"replies":[{"embeddable":true,"href":"https:\/\/tintafresca.net\/index.php\/wp-json\/wp\/v2\/comments?post=37122"}],"version-history":[{"count":5,"href":"https:\/\/tintafresca.net\/index.php\/wp-json\/wp\/v2\/posts\/37122\/revisions"}],"predecessor-version":[{"id":37129,"href":"https:\/\/tintafresca.net\/index.php\/wp-json\/wp\/v2\/posts\/37122\/revisions\/37129"}],"wp:featuredmedia":[{"embeddable":true,"href":"https:\/\/tintafresca.net\/index.php\/wp-json\/wp\/v2\/media\/37125"}],"wp:attachment":[{"href":"https:\/\/tintafresca.net\/index.php\/wp-json\/wp\/v2\/media?parent=37122"}],"wp:term":[{"taxonomy":"category","embeddable":true,"href":"https:\/\/tintafresca.net\/index.php\/wp-json\/wp\/v2\/categories?post=37122"},{"taxonomy":"post_tag","embeddable":true,"href":"https:\/\/tintafresca.net\/index.php\/wp-json\/wp\/v2\/tags?post=37122"}],"curies":[{"name":"wp","href":"https:\/\/api.w.org\/{rel}","templated":true}]}}