{"id":37152,"date":"2024-10-08T18:54:35","date_gmt":"2024-10-08T18:54:35","guid":{"rendered":"https:\/\/tintafresca.net\/?p=37152"},"modified":"2024-10-08T19:04:28","modified_gmt":"2024-10-08T19:04:28","slug":"municipio-de-leiria-vai-colocar-em-hasta-publica-21-lotes-do-parque-empresarial-de-monte-redondo","status":"publish","type":"post","link":"https:\/\/tintafresca.net\/index.php\/2024\/10\/08\/municipio-de-leiria-vai-colocar-em-hasta-publica-21-lotes-do-parque-empresarial-de-monte-redondo\/","title":{"rendered":"Munic\u00edpio de Leiria coloca em hasta p\u00fablica 21 lotes do Parque Empresarial de Monte Redondo"},"content":{"rendered":"<div id=\"attachment_10489\" style=\"width: 410px\" class=\"wp-caption alignleft\"><img loading=\"lazy\" decoding=\"async\" aria-describedby=\"caption-attachment-10489\" class=\"wp-image-10489\" src=\"https:\/\/tintafresca.net\/wp-content\/uploads\/2021\/11\/Leiria_Camara.jpg\" alt=\"\" width=\"400\" height=\"533\" srcset=\"https:\/\/tintafresca.net\/wp-content\/uploads\/2021\/11\/Leiria_Camara.jpg 500w, https:\/\/tintafresca.net\/wp-content\/uploads\/2021\/11\/Leiria_Camara-225x300.jpg 225w\" sizes=\"auto, (max-width: 400px) 100vw, 400px\" \/><p id=\"caption-attachment-10489\" class=\"wp-caption-text\">Sede da C\u00e2mara Municipal de Leiria<\/p><\/div>\n<p>O Munic\u00edpio apresentou, esta segunda-feira, dia 7 de outubro, na Startup Leiria, o Parque Empresarial de Monte Redondo (PEMR) a empres\u00e1rios da regi\u00e3o, onde foram destacadas as mais-valias da infraestrutura e anunciada a realiza\u00e7\u00e3o de uma hasta p\u00fablica para aliena\u00e7\u00e3o dos primeiros lotes.<\/p>\n<p>Segundo a vereadora da Economia, Catarina Louro, \u201co PEMR representa os nossos compromissos com o concelho: criar oportunidades para atrair investimento, fomentar o empreendedorismo, reter o talento e posicionar Leiria no contexto nacional\u201d, adiantando que \u201ceste ser\u00e1 o maior parque do concelho, que marcar\u00e1 n\u00e3o apenas o desenvolvimento econ\u00f3mico como a pr\u00f3pria din\u00e2mica social e humana do territ\u00f3rio\u201d.<\/p>\n<p>A localiza\u00e7\u00e3o central e os acessos privilegiados tanto a vias rodovi\u00e1rias (A17, A8, A1 e EN109) como ferrovi\u00e1rias (Linha do Oeste e Linha do Norte), a par da proximidade a portos mar\u00edtimos (Figueira da Foz, Aveiro e Lisboa) e aos principais aeroportos do pa\u00eds (lisboa e Porto), torna o Parque num grande atrativo para a instala\u00e7\u00e3o ou reinstala\u00e7\u00e3o de m\u00e9dias e grandes empresas, que se destaca ainda pela potencialidade de expans\u00e3o habitacional.<\/p>\n<p>Al\u00e9m disso, espera-se uma estreita liga\u00e7\u00e3o com o Polit\u00e9cnico de Leiria, que assegura o acesso a m\u00e3o-de-obra qualificada, bem como a recursos de pesquisa, desenvolvimento e de investiga\u00e7\u00e3o.<\/p>\n<p>A hasta p\u00fablica de 21 dos 46 lotes decorrer\u00e1 em dia a definir na \u00faltima semana do m\u00eas de novembro e as licita\u00e7\u00f5es ser\u00e3o feitas sobre lotes intercalados, com um valor base a apresentar em reuni\u00e3o de C\u00e2mara de 25 euros o metro quadrado, permitindo que as empresas possam expandir-se no futuro, caso o pretendam.<\/p>\n<p>Os 21 lotes ter\u00e3o entre 3.500 e 12 mil metros quadrados, num total de 594 mil metros quadrados de \u00e1rea, e dever\u00e3o estar dispon\u00edveis a partir de junho do pr\u00f3ximo ano, com a conclus\u00e3o da obra de execu\u00e7\u00e3o das infraestruturas nas zonas sul e poente do PEMR.<\/p>\n<p>Toda a \u00e1rea ficar\u00e1 dotada de rede vi\u00e1ria, redes de abastecimento de \u00e1gua, de \u00e1guas residuais dom\u00e9sticas e de \u00e1guas residuais pluviais (em sistema separativo), sinaliza\u00e7\u00e3o, sistemas de g\u00e1s, de telecomunica\u00e7\u00f5es e de eletricidade, e tamb\u00e9m de elementos paisag\u00edsticos, incluindo uma zona verde com 68 mil metros quadrados.<\/p>\n<p>Este \u00e9 mais um passo significativo para responder a uma necessidade de promo\u00e7\u00e3o e desenvolvimento da zona norte do concelho, para al\u00e9m de potenciar a cria\u00e7\u00e3o de valor para a economia local e de gerar condi\u00e7\u00f5es para a atra\u00e7\u00e3o de investimento para o concelho.<\/p>\n<p>Fonte: DCRP|CML<\/p>\n","protected":false},"excerpt":{"rendered":"<p>O Munic\u00edpio apresentou, esta segunda-feira, dia 7 de outubro, na Startup Leiria, o Parque Empresarial de Monte Redondo (PEMR) a empres\u00e1rios da regi\u00e3o, onde foram destacadas as mais-valias da infraestrutura e anunciada a realiza\u00e7\u00e3o de uma hasta p\u00fablica para aliena\u00e7\u00e3o dos primeiros lotes. Segundo a vereadora da Economia, Catarina Louro, \u201co PEMR representa os nossos [&hellip;]<\/p>\n","protected":false},"author":2,"featured_media":10490,"comment_status":"open","ping_status":"open","sticky":false,"template":"","format":"standard","meta":{"footnotes":""},"categories":[7],"tags":[],"class_list":["post-37152","post","type-post","status-publish","format-standard","has-post-thumbnail","hentry","category-economia"],"_links":{"self":[{"href":"https:\/\/tintafresca.net\/index.php\/wp-json\/wp\/v2\/posts\/37152","targetHints":{"allow":["GET"]}}],"collection":[{"href":"https:\/\/tintafresca.net\/index.php\/wp-json\/wp\/v2\/posts"}],"about":[{"href":"https:\/\/tintafresca.net\/index.php\/wp-json\/wp\/v2\/types\/post"}],"author":[{"embeddable":true,"href":"https:\/\/tintafresca.net\/index.php\/wp-json\/wp\/v2\/users\/2"}],"replies":[{"embeddable":true,"href":"https:\/\/tintafresca.net\/index.php\/wp-json\/wp\/v2\/comments?post=37152"}],"version-history":[{"count":6,"href":"https:\/\/tintafresca.net\/index.php\/wp-json\/wp\/v2\/posts\/37152\/revisions"}],"predecessor-version":[{"id":37158,"href":"https:\/\/tintafresca.net\/index.php\/wp-json\/wp\/v2\/posts\/37152\/revisions\/37158"}],"wp:featuredmedia":[{"embeddable":true,"href":"https:\/\/tintafresca.net\/index.php\/wp-json\/wp\/v2\/media\/10490"}],"wp:attachment":[{"href":"https:\/\/tintafresca.net\/index.php\/wp-json\/wp\/v2\/media?parent=37152"}],"wp:term":[{"taxonomy":"category","embeddable":true,"href":"https:\/\/tintafresca.net\/index.php\/wp-json\/wp\/v2\/categories?post=37152"},{"taxonomy":"post_tag","embeddable":true,"href":"https:\/\/tintafresca.net\/index.php\/wp-json\/wp\/v2\/tags?post=37152"}],"curies":[{"name":"wp","href":"https:\/\/api.w.org\/{rel}","templated":true}]}}