{"id":37169,"date":"2024-10-09T20:05:58","date_gmt":"2024-10-09T20:05:58","guid":{"rendered":"https:\/\/tintafresca.net\/?p=37169"},"modified":"2024-10-10T09:38:09","modified_gmt":"2024-10-10T09:38:09","slug":"andrea-bocelli-vem-cantar-ao-estadio-municipal-de-leiria-no-dia-31-de-maio","status":"publish","type":"post","link":"https:\/\/tintafresca.net\/index.php\/2024\/10\/09\/andrea-bocelli-vem-cantar-ao-estadio-municipal-de-leiria-no-dia-31-de-maio\/","title":{"rendered":"Andrea Bocelli vem cantar ao Est\u00e1dio Municipal de Leiria no dia 31 de maio"},"content":{"rendered":"<div id=\"attachment_37171\" style=\"width: 510px\" class=\"wp-caption alignleft\"><img loading=\"lazy\" decoding=\"async\" aria-describedby=\"caption-attachment-37171\" class=\"wp-image-37171 size-full\" src=\"https:\/\/tintafresca.net\/wp-content\/uploads\/2024\/10\/Andrea_Bocelli20.png\" alt=\"\" width=\"500\" height=\"333\" srcset=\"https:\/\/tintafresca.net\/wp-content\/uploads\/2024\/10\/Andrea_Bocelli20.png 500w, https:\/\/tintafresca.net\/wp-content\/uploads\/2024\/10\/Andrea_Bocelli20-300x200.png 300w\" sizes=\"auto, (max-width: 500px) 100vw, 500px\" \/><p id=\"caption-attachment-37171\" class=\"wp-caption-text\">Andrea Bocelli<\/p><\/div>\n<p>O tenor mais aclamado do mundo est\u00e1 de regresso ao nosso pa\u00eds e o palco do concerto ser\u00e1 o Est\u00e1dio Municipal Dr. Magalh\u00e3es Pessoa, em Leiria.<\/p>\n<p>Anunciado esta quarta-feira, dia 9 de outubro, em confer\u00eancia de imprensa, Andrea Bocelli, um dos cantores mais consagrados a n\u00edvel mundial e com uma carreira de mais de 30 anos, atua na cidade de Leiria a 31 de maio de 2025 e os bilhetes estar\u00e3o \u00e0 venda a partir das 10 horas de sexta-feira, dia 10, em exclusivo em <a href=\"http:\/\/www.concertoleiria.pt\">www.concertoleiria.pt<\/a>.<\/p>\n<p>Para o presidente da C\u00e2mara Municipal, a realiza\u00e7\u00e3o de concertos internacionais \u201c\u00e9 algo que ambicion\u00e1vamos h\u00e1 muitos anos, pois o Est\u00e1dio tinha condi\u00e7\u00f5es para receber concertos\u201d e, \u201cao aceitar aquele evento especial [Rockin\u20191000], estar\u00edamos a abrir portas para outros que viriam a seguir\u201d, defendendo que \u201ch\u00e1 consumo de cultura na nossa regi\u00e3o\u201d e que \u201c20 a 30 por cento dos bilhetes ser\u00e3o comprados por gente da regi\u00e3o de Leiria\u201d.<\/p>\n<p>\u201cEste ser\u00e1 o segundo grande espet\u00e1culo na hist\u00f3ria do Est\u00e1dio e o concerto ficar\u00e1 na mem\u00f3ria de muitos leirienses e de muitos portugueses, porque vamos ter a oportunidade de mostrar a qualidade que a nossa cidade e este Est\u00e1dio t\u00eam para receber espet\u00e1culos\u201d, acrescentou Gon\u00e7alo Lopes, para quem a notoriedade deste tipo de eventos representa uma mais-valia para a regi\u00e3o.<\/p>\n<p>Segundo Tiago Castelo Branco, da promotora MOT \u2013 Memories of Tomorrow, \u201cestamos muito felizes por conseguir trazer este artista a este Est\u00e1dio, que j\u00e1 deu provas de poder acolher grandes eventos\u201d, acrescentando que \u201cestou certo de iremos tamb\u00e9m esgotar o Est\u00e1dio\u201d.<\/p>\n<p>Depois de encher grandes palcos nacionais, como o Altice Arena, o cantor de origem italiana regressa a Portugal para tocar em Leiria num concerto \u00fanico, prometendo uma noite especial e repleta de emo\u00e7\u00f5es, numa sublime viagem ao som dos seus \u00eaxitos mundialmente conhecidos.<\/p>\n<p>O espet\u00e1culo de 31 de maio de 2025 ser\u00e1 uma experi\u00eancia memor\u00e1vel, na qual Andrea Bocelli estar\u00e1 acompanhado de convidados, incluindo um artista nacional, de uma orquestra composta por ilustres m\u00fasicos e de um coro formado por 70 vozes, que elevar\u00e3o o concerto ao n\u00edvel a que o p\u00fablico que o segue est\u00e1 habituado.<\/p>\n<p>Fonte: DCRP|CML<\/p>\n","protected":false},"excerpt":{"rendered":"<p>O tenor mais aclamado do mundo est\u00e1 de regresso ao nosso pa\u00eds e o palco do concerto ser\u00e1 o Est\u00e1dio Municipal Dr. Magalh\u00e3es Pessoa, em Leiria. Anunciado esta quarta-feira, dia 9 de outubro, em confer\u00eancia de imprensa, Andrea Bocelli, um dos cantores mais consagrados a n\u00edvel mundial e com uma carreira de mais de 30 [&hellip;]<\/p>\n","protected":false},"author":2,"featured_media":37172,"comment_status":"open","ping_status":"open","sticky":false,"template":"","format":"standard","meta":{"footnotes":""},"categories":[8],"tags":[],"class_list":["post-37169","post","type-post","status-publish","format-standard","has-post-thumbnail","hentry","category-musica"],"_links":{"self":[{"href":"https:\/\/tintafresca.net\/index.php\/wp-json\/wp\/v2\/posts\/37169","targetHints":{"allow":["GET"]}}],"collection":[{"href":"https:\/\/tintafresca.net\/index.php\/wp-json\/wp\/v2\/posts"}],"about":[{"href":"https:\/\/tintafresca.net\/index.php\/wp-json\/wp\/v2\/types\/post"}],"author":[{"embeddable":true,"href":"https:\/\/tintafresca.net\/index.php\/wp-json\/wp\/v2\/users\/2"}],"replies":[{"embeddable":true,"href":"https:\/\/tintafresca.net\/index.php\/wp-json\/wp\/v2\/comments?post=37169"}],"version-history":[{"count":2,"href":"https:\/\/tintafresca.net\/index.php\/wp-json\/wp\/v2\/posts\/37169\/revisions"}],"predecessor-version":[{"id":37173,"href":"https:\/\/tintafresca.net\/index.php\/wp-json\/wp\/v2\/posts\/37169\/revisions\/37173"}],"wp:featuredmedia":[{"embeddable":true,"href":"https:\/\/tintafresca.net\/index.php\/wp-json\/wp\/v2\/media\/37172"}],"wp:attachment":[{"href":"https:\/\/tintafresca.net\/index.php\/wp-json\/wp\/v2\/media?parent=37169"}],"wp:term":[{"taxonomy":"category","embeddable":true,"href":"https:\/\/tintafresca.net\/index.php\/wp-json\/wp\/v2\/categories?post=37169"},{"taxonomy":"post_tag","embeddable":true,"href":"https:\/\/tintafresca.net\/index.php\/wp-json\/wp\/v2\/tags?post=37169"}],"curies":[{"name":"wp","href":"https:\/\/api.w.org\/{rel}","templated":true}]}}