{"id":37241,"date":"2024-10-14T10:55:24","date_gmt":"2024-10-14T10:55:24","guid":{"rendered":"https:\/\/tintafresca.net\/?p=37241"},"modified":"2024-10-14T10:55:24","modified_gmt":"2024-10-14T10:55:24","slug":"nersant-instala-novo-gabinete-de-apoio-a-microempresas-e-comercio-tradicional","status":"publish","type":"post","link":"https:\/\/tintafresca.net\/index.php\/2024\/10\/14\/nersant-instala-novo-gabinete-de-apoio-a-microempresas-e-comercio-tradicional\/","title":{"rendered":"Nersant instala novo Gabinete de Apoio a Microempresas e Com\u00e9rcio Tradicional"},"content":{"rendered":"<div id=\"attachment_37244\" style=\"width: 510px\" class=\"wp-caption alignleft\"><img loading=\"lazy\" decoding=\"async\" aria-describedby=\"caption-attachment-37244\" class=\"wp-image-37244\" src=\"https:\/\/tintafresca.net\/wp-content\/uploads\/2024\/10\/Nersant.jpg\" alt=\"\" width=\"500\" height=\"103\" srcset=\"https:\/\/tintafresca.net\/wp-content\/uploads\/2024\/10\/Nersant.jpg 730w, https:\/\/tintafresca.net\/wp-content\/uploads\/2024\/10\/Nersant-300x62.jpg 300w\" sizes=\"auto, (max-width: 500px) 100vw, 500px\" \/><p id=\"caption-attachment-37244\" class=\"wp-caption-text\">Sede da Nersant<\/p><\/div>\n<p>A Nersant &#8211; Associa\u00e7\u00e3o Empresarial da Regi\u00e3o de Santar\u00e9m tem, desde o dia 1 de outubro, um novo Gabinete de Apoio \u00e0s Microempresas e Com\u00e9rcio Tradicional. Esta iniciativa visa refor\u00e7ar o apoio ao tecido empresarial da regi\u00e3o, com especial enfoque nas microempresas e no com\u00e9rcio tradicional, setores fundamentais para a economia local.<\/p>\n<p>Com a cria\u00e7\u00e3o deste novo gabinete, a Nersant pretende proporcionar um apoio personalizado e mais pr\u00f3ximo \u00e0s pequenas empresas, oferecendo servi\u00e7os de consultoria, forma\u00e7\u00e3o, financiamento e digitaliza\u00e7\u00e3o, adaptados \u00e0s suas necessidades espec\u00edficas. Esta resposta surge na sequ\u00eancia de uma crescente procura por solu\u00e7\u00f5es que contribuam para a moderniza\u00e7\u00e3o e sustentabilidade deste tipo de empresas, essenciais \u00e0 dinamiza\u00e7\u00e3o econ\u00f3mica e social dos territ\u00f3rios.<\/p>\n<p>De forma a integrar melhor estes empres\u00e1rios no seio da associa\u00e7\u00e3o, a Nersant ir\u00e1 tamb\u00e9m introduzir uma nova quota dedicada exclusivamente a microempresas e ao com\u00e9rcio tradicional. Este modelo de quota foi especialmente pensado para ser acess\u00edvel a pequenos neg\u00f3cios, garantindo o acesso a todas as vantagens associativas e a um vasto leque de recursos que podem impulsionar o seu crescimento e competitividade.<\/p>\n<p>Com este passo, a Nersant confirma o seu compromisso em apoiar o tecido empresarial da regi\u00e3o, apostando na inova\u00e7\u00e3o e na proximidade, com o objetivo de fortalecer a competitividade das microempresas e o com\u00e9rcio tradicional, fundamentais para o desenvolvimento econ\u00f3mico e social do Ribatejo.<\/p>\n<p>De referir que o GAMECT &#8211; Gabinete de Apoio \u00e0s Micro Empresas e Com\u00e9rcio Tradicional est\u00e1 instalado na sede da Nersant, em Torres Novas, no \u00e2mbito da Dire\u00e7\u00e3o de Associativismo, dispondo dos seguintes contactos: gamect@nersant.pt e 932961719.<\/p>\n<p><strong>\u00a0 \u00a0 \u00a0Fonte: CM|GC|Nersant<\/strong><\/p>\n","protected":false},"excerpt":{"rendered":"<p>A Nersant &#8211; Associa\u00e7\u00e3o Empresarial da Regi\u00e3o de Santar\u00e9m tem, desde o dia 1 de outubro, um novo Gabinete de Apoio \u00e0s Microempresas e Com\u00e9rcio Tradicional. Esta iniciativa visa refor\u00e7ar o apoio ao tecido empresarial da regi\u00e3o, com especial enfoque nas microempresas e no com\u00e9rcio tradicional, setores fundamentais para a economia local. Com a cria\u00e7\u00e3o [&hellip;]<\/p>\n","protected":false},"author":2,"featured_media":29789,"comment_status":"open","ping_status":"open","sticky":false,"template":"","format":"standard","meta":{"footnotes":""},"categories":[7],"tags":[],"class_list":["post-37241","post","type-post","status-publish","format-standard","has-post-thumbnail","hentry","category-economia"],"_links":{"self":[{"href":"https:\/\/tintafresca.net\/index.php\/wp-json\/wp\/v2\/posts\/37241","targetHints":{"allow":["GET"]}}],"collection":[{"href":"https:\/\/tintafresca.net\/index.php\/wp-json\/wp\/v2\/posts"}],"about":[{"href":"https:\/\/tintafresca.net\/index.php\/wp-json\/wp\/v2\/types\/post"}],"author":[{"embeddable":true,"href":"https:\/\/tintafresca.net\/index.php\/wp-json\/wp\/v2\/users\/2"}],"replies":[{"embeddable":true,"href":"https:\/\/tintafresca.net\/index.php\/wp-json\/wp\/v2\/comments?post=37241"}],"version-history":[{"count":3,"href":"https:\/\/tintafresca.net\/index.php\/wp-json\/wp\/v2\/posts\/37241\/revisions"}],"predecessor-version":[{"id":37245,"href":"https:\/\/tintafresca.net\/index.php\/wp-json\/wp\/v2\/posts\/37241\/revisions\/37245"}],"wp:featuredmedia":[{"embeddable":true,"href":"https:\/\/tintafresca.net\/index.php\/wp-json\/wp\/v2\/media\/29789"}],"wp:attachment":[{"href":"https:\/\/tintafresca.net\/index.php\/wp-json\/wp\/v2\/media?parent=37241"}],"wp:term":[{"taxonomy":"category","embeddable":true,"href":"https:\/\/tintafresca.net\/index.php\/wp-json\/wp\/v2\/categories?post=37241"},{"taxonomy":"post_tag","embeddable":true,"href":"https:\/\/tintafresca.net\/index.php\/wp-json\/wp\/v2\/tags?post=37241"}],"curies":[{"name":"wp","href":"https:\/\/api.w.org\/{rel}","templated":true}]}}