{"id":37540,"date":"2024-11-03T11:39:06","date_gmt":"2024-11-03T11:39:06","guid":{"rendered":"https:\/\/tintafresca.net\/?p=37540"},"modified":"2024-11-03T11:43:51","modified_gmt":"2024-11-03T11:43:51","slug":"nerlei-cci-vai-reforcar-competencias-digitais-de-1000-trabalhadores-de-empresas-da-regiao","status":"publish","type":"post","link":"https:\/\/tintafresca.net\/index.php\/2024\/11\/03\/nerlei-cci-vai-reforcar-competencias-digitais-de-1000-trabalhadores-de-empresas-da-regiao\/","title":{"rendered":"NERLEI CCI vai refor\u00e7ar compet\u00eancias digitais de 1000 trabalhadores de empresas da regi\u00e3o"},"content":{"rendered":"<div id=\"attachment_9440\" style=\"width: 510px\" class=\"wp-caption alignleft\"><img loading=\"lazy\" decoding=\"async\" aria-describedby=\"caption-attachment-9440\" class=\"wp-image-9440 size-full\" src=\"https:\/\/tintafresca.net\/wp-content\/uploads\/2021\/10\/Nerlei_2010.jpg\" alt=\"\" width=\"500\" height=\"375\" srcset=\"https:\/\/tintafresca.net\/wp-content\/uploads\/2021\/10\/Nerlei_2010.jpg 500w, https:\/\/tintafresca.net\/wp-content\/uploads\/2021\/10\/Nerlei_2010-300x225.jpg 300w\" sizes=\"auto, (max-width: 500px) 100vw, 500px\" \/><p id=\"caption-attachment-9440\" class=\"wp-caption-text\">Sede da Nerlei<\/p><\/div>\n<p>A NERLEI CCI &#8211; Associa\u00e7\u00e3o Empresarial da Regi\u00e3o de Leiria\/C\u00e2mara de Com\u00e9rcio e Ind\u00fastria tem aprovada nova candidatura do Emprego+Digital, um programa de <u>forma\u00e7\u00e3o gratuita<\/u>, centrado nas \u00e1reas digitais e destinado a <u>ativos empregados<\/u>.<\/p>\n<p>As a\u00e7\u00f5es de forma\u00e7\u00e3o ter\u00e3o in\u00edcio no m\u00eas de novembro, sendo que o projeto se estende at\u00e9 final de setembro de 2025.<\/p>\n<p>O Emprego + Digital tem como <u>objetivos estrat\u00e9gicos<\/u>:<\/p>\n<ul>\n<li><strong>Incrementar as compet\u00eancias na \u00e1rea digital<\/strong> como fator de desenvolvimento profissional dos trabalhadores, gestores e dirigentes;<\/li>\n<li><strong>Contribuir para a melhoria da produtividade e da competitividade<\/strong> das entidades empregadoras, atrav\u00e9s do refor\u00e7o das compet\u00eancias profissionais dos seus trabalhadores;<\/li>\n<li><strong>Expandir a oferta de forma\u00e7\u00e3o profissional na \u00e1rea digital<\/strong> dirigida a trabalhadores, gestores e dirigentes;<\/li>\n<li><strong>Prevenir o risco de desemprego tecnol\u00f3gico<\/strong> e contribuir para a melhoria das condi\u00e7\u00f5es de progresso e mobilidade profissional;<\/li>\n<li><strong>Contribuir para a implementa\u00e7\u00e3o de processos de transforma\u00e7\u00e3o digital<\/strong> das organiza\u00e7\u00f5es.<\/li>\n<\/ul>\n<p>O Plano de Forma\u00e7\u00e3o que a NERLEI CCI vai desenvolver no \u00e2mbito desta candidatura, ir\u00e1 concretizar estes objetivos estrat\u00e9gicos, mediante o envolvimento de 1000 formandos(as), oriundos das empresas associadas e parceiras da NERLEI CCI.<\/p>\n<p>As a\u00e7\u00f5es n\u00e3o ter\u00e3o qualquer custo para os participantes uma vez que s\u00e3o financiadas pelo Instituto do Emprego e Forma\u00e7\u00e3o Profissional (IEFP), atrav\u00e9s do Plano de Recupera\u00e7\u00e3o e Resili\u00eancia (PRR). Poder\u00e3o decorrer em hor\u00e1rio laboral ou p\u00f3s-laboral e ser realizadas apenas presencialmente ou em regime b-learning (com sess\u00f5es presenciais e a dist\u00e2ncia).<\/p>\n<p>As empresas que tenham um n\u00famero suficiente de formandos e que identifiquem uma necessidade de forma\u00e7\u00e3o espec\u00edfica para os mesmos, poder\u00e3o solicitar a realiza\u00e7\u00e3o de a\u00e7\u00f5es de forma\u00e7\u00e3o nas suas instala\u00e7\u00f5es.<\/p>\n<p>Mais informa\u00e7\u00f5es poder\u00e3o ser obtidas para o Departamento de Forma\u00e7\u00e3o e Qualifica\u00e7\u00e3o Profissional da NERLEI CCI, atrav\u00e9s do e-mail <a href=\"mailto:formacao@nerlei.pt\">formacao@nerlei.pt<\/a>.<\/p>\n<p>O programa Emprego+Digital 2025 \u00e9 financiado pelo PRR, no \u00e2mbito do Investimento TD-C16-I01 \u2013 Empresas 4.0: Capacita\u00e7\u00e3o Digital das Empresas, Medida 02 \u2013 &#8220;Emprego+Digital 2025&#8221;, assumindo o IEFP, I.P. a qualidade de benefici\u00e1rio final.<\/p>\n<p><strong>Fonte: Nerlei CCC<\/strong><\/p>\n","protected":false},"excerpt":{"rendered":"<p>A NERLEI CCI &#8211; Associa\u00e7\u00e3o Empresarial da Regi\u00e3o de Leiria\/C\u00e2mara de Com\u00e9rcio e Ind\u00fastria tem aprovada nova candidatura do Emprego+Digital, um programa de forma\u00e7\u00e3o gratuita, centrado nas \u00e1reas digitais e destinado a ativos empregados. As a\u00e7\u00f5es de forma\u00e7\u00e3o ter\u00e3o in\u00edcio no m\u00eas de novembro, sendo que o projeto se estende at\u00e9 final de setembro de [&hellip;]<\/p>\n","protected":false},"author":2,"featured_media":9818,"comment_status":"open","ping_status":"open","sticky":false,"template":"","format":"standard","meta":{"footnotes":""},"categories":[7],"tags":[],"class_list":["post-37540","post","type-post","status-publish","format-standard","has-post-thumbnail","hentry","category-economia"],"_links":{"self":[{"href":"https:\/\/tintafresca.net\/index.php\/wp-json\/wp\/v2\/posts\/37540","targetHints":{"allow":["GET"]}}],"collection":[{"href":"https:\/\/tintafresca.net\/index.php\/wp-json\/wp\/v2\/posts"}],"about":[{"href":"https:\/\/tintafresca.net\/index.php\/wp-json\/wp\/v2\/types\/post"}],"author":[{"embeddable":true,"href":"https:\/\/tintafresca.net\/index.php\/wp-json\/wp\/v2\/users\/2"}],"replies":[{"embeddable":true,"href":"https:\/\/tintafresca.net\/index.php\/wp-json\/wp\/v2\/comments?post=37540"}],"version-history":[{"count":4,"href":"https:\/\/tintafresca.net\/index.php\/wp-json\/wp\/v2\/posts\/37540\/revisions"}],"predecessor-version":[{"id":37544,"href":"https:\/\/tintafresca.net\/index.php\/wp-json\/wp\/v2\/posts\/37540\/revisions\/37544"}],"wp:featuredmedia":[{"embeddable":true,"href":"https:\/\/tintafresca.net\/index.php\/wp-json\/wp\/v2\/media\/9818"}],"wp:attachment":[{"href":"https:\/\/tintafresca.net\/index.php\/wp-json\/wp\/v2\/media?parent=37540"}],"wp:term":[{"taxonomy":"category","embeddable":true,"href":"https:\/\/tintafresca.net\/index.php\/wp-json\/wp\/v2\/categories?post=37540"},{"taxonomy":"post_tag","embeddable":true,"href":"https:\/\/tintafresca.net\/index.php\/wp-json\/wp\/v2\/tags?post=37540"}],"curies":[{"name":"wp","href":"https:\/\/api.w.org\/{rel}","templated":true}]}}