{"id":37551,"date":"2024-11-04T19:24:12","date_gmt":"2024-11-04T19:24:12","guid":{"rendered":"https:\/\/tintafresca.net\/?p=37551"},"modified":"2024-11-05T23:30:03","modified_gmt":"2024-11-05T23:30:03","slug":"ministra-da-saude-inaugura-em-pombal-unidade-de-internamento-de-cuidados-de-convalescenca","status":"publish","type":"post","link":"https:\/\/tintafresca.net\/index.php\/2024\/11\/04\/ministra-da-saude-inaugura-em-pombal-unidade-de-internamento-de-cuidados-de-convalescenca\/","title":{"rendered":"Ministra da Sa\u00fade inaugura em Pombal Unidade de Internamento de Cuidados de Convalescen\u00e7a"},"content":{"rendered":"<div id=\"attachment_37553\" style=\"width: 510px\" class=\"wp-caption alignleft\"><img loading=\"lazy\" decoding=\"async\" aria-describedby=\"caption-attachment-37553\" class=\"wp-image-37553 size-full\" src=\"https:\/\/tintafresca.net\/wp-content\/uploads\/2024\/11\/Pombal_Hospital10.jpg\" alt=\"\" width=\"500\" height=\"375\" srcset=\"https:\/\/tintafresca.net\/wp-content\/uploads\/2024\/11\/Pombal_Hospital10.jpg 500w, https:\/\/tintafresca.net\/wp-content\/uploads\/2024\/11\/Pombal_Hospital10-300x225.jpg 300w\" sizes=\"auto, (max-width: 500px) 100vw, 500px\" \/><p id=\"caption-attachment-37553\" class=\"wp-caption-text\">Hospital Distrital de Pombal<\/p><\/div>\n<p>A ministra da Sa\u00fade, Ana Paula Martins, inaugura esta sexta-feira, dia 8 de novembro, a Unidade de Internamento de Cuidados de Convalescen\u00e7a (UICC) da Unidade Local de Sa\u00fade da Regi\u00e3o de Leiria (ULSRL), no Hospital Distrital de Pombal, e presidir\u00e1 \u00e0 sess\u00e3o de apresenta\u00e7\u00e3o dos investimentos do Munic\u00edpio de Pombal relativos \u00e0 remodela\u00e7\u00e3o e constru\u00e7\u00e3o de novas unidades de sa\u00fade no concelho, num valor global superior a 10 milh\u00f5es de euros.<\/p>\n<p>Financiada pelo Plano de Recupera\u00e7\u00e3o e Resili\u00eancia (PRR), a nova Unidade de Internamento de Cuidados de Convalescen\u00e7a (UICC) contou com um apoio financeiro at\u00e9 ao valor de 208.321 euros para aquisi\u00e7\u00f5es de mobili\u00e1rio e equipamento para o apetrechamento daquela val\u00eancia.<\/p>\n<p>A UICC tem uma capacidade para 15 camas, que visa o tratamento e supervis\u00e3o cl\u00ednica, continuada e intensiva, para cuidados cl\u00ednicos de reabilita\u00e7\u00e3o, na sequ\u00eancia de internamento hospitalar, recorr\u00eancia ou descompensa\u00e7\u00e3o de processo cr\u00f3nico, que possibilita a recupera\u00e7\u00e3o e incremento da qualidade de vida dos doentes.<\/p>\n<p>O desenvolvimento desta Unidade permite a referencia\u00e7\u00e3o mais precoce para cuidados de reabilita\u00e7\u00e3o, com importante impacto na preven\u00e7\u00e3o de sequelas de imobilidade e na concretiza\u00e7\u00e3o dos objetivos cl\u00ednicos, relativos \u00e0 cogni\u00e7\u00e3o, degluti\u00e7\u00e3o, fun\u00e7\u00e3o sensitivo-motora, fun\u00e7\u00e3o cardiorrespirat\u00f3ria, bem como na recupera\u00e7\u00e3o funcional, ganhos de autonomia e de qualidade de vida.<\/p>\n<p>A UICC da ULSRL possibilita ainda o crescimento do Servi\u00e7o de Medicina F\u00edsica e Reabilita\u00e7\u00e3o, que se traduz num aumento de resposta ao n\u00edvel dos cuidados de reabilita\u00e7\u00e3o aos doentes do ambulat\u00f3rio.<\/p>\n<p>Ap\u00f3s a inaugura\u00e7\u00e3o da UICC no Hospital Distrital de Pombal, a ministra da Sa\u00fade presidir\u00e1, no Sal\u00e3o Nobre dos Pa\u00e7os do Concelho, \u00e0 sess\u00e3o de apresenta\u00e7\u00e3o dos investimentos que o Munic\u00edpio de Pombal vai realizar num valor global superior a 10 milh\u00f5es de euros, tamb\u00e9m financiados pelo PRR.<\/p>\n<p>Em causa est\u00e1 a remodela\u00e7\u00e3o e amplia\u00e7\u00e3o do Centro de Sa\u00fade de Pombal, no valor de 4 milh\u00f5es de euros, que permitir\u00e1 uma melhor capacidade de resposta e dignidade aos utentes, para al\u00e9m de disponibilizar outras respostas de cuidados de sa\u00fade prim\u00e1rios aos utentes.<\/p>\n<p>Os restantes investimentos referem-se \u00e0 constru\u00e7\u00e3o da Unidade de Sa\u00fade do Vale do Arunca (para servir as freguesias de Redinha, Almagreira e Pelariga) e as Unidades de Sa\u00fade de Santiago, S\u00e3o Sim\u00e3o de Lit\u00e9m e Albergaria dos Doze, e de Carnide, Vermoil e Meirinhas, num valor a rondar os 2 milh\u00f5es de euros cada.<\/p>\n<p>As futuras infraestruturas, consensualizadas com a Unidade Local de Sa\u00fade da Regi\u00e3o de Leiria e as respetivas juntas de freguesia, permitir\u00e3o melhorar as condi\u00e7\u00f5es para os profissionais m\u00e9dicos, enfermagem e t\u00e9cnicos, melhorando igualmente a qualidade da resposta assistencial \u00e0s popula\u00e7\u00f5es, com mais val\u00eancias e servi\u00e7os.<\/p>\n<p>Considerando que \u201cprecisamos urgentemente de mais profissionais de sa\u00fade, elemento fundamental para a coes\u00e3o territorial\u201d, o presidente da C\u00e2mara Municipal de Pombal enaltece a import\u00e2ncia de investir na melhoria das condi\u00e7\u00f5es de trabalho e de atratividade, nomeadamente \u201cem melhores infraestruturas para melhorar a qualidade da resposta assistencial \u00e0s popula\u00e7\u00f5es, com mais val\u00eancias e servi\u00e7os.\u201d<\/p>\n<p>\u201cTemos vindo a trabalhar em estreita articula\u00e7\u00e3o com a Unidade de Sa\u00fade Local da Regi\u00e3o de Leiria e temos vindo a fazer o que \u00e9 poss\u00edvel no \u00e2mbito das nossas compet\u00eancias, considerando que esta \u00e9 uma estrat\u00e9gia priorit\u00e1ria e urgente\u201d, refere Pedro Pimp\u00e3o.<\/p>\n<p><strong>\u00a0 \u00a0Fonte: GPC|CMP<\/strong><\/p>\n","protected":false},"excerpt":{"rendered":"<p>A ministra da Sa\u00fade, Ana Paula Martins, inaugura esta sexta-feira, dia 8 de novembro, a Unidade de Internamento de Cuidados de Convalescen\u00e7a (UICC) da Unidade Local de Sa\u00fade da Regi\u00e3o de Leiria (ULSRL), no Hospital Distrital de Pombal, e presidir\u00e1 \u00e0 sess\u00e3o de apresenta\u00e7\u00e3o dos investimentos do Munic\u00edpio de Pombal relativos \u00e0 remodela\u00e7\u00e3o e constru\u00e7\u00e3o [&hellip;]<\/p>\n","protected":false},"author":2,"featured_media":17530,"comment_status":"open","ping_status":"open","sticky":false,"template":"","format":"standard","meta":{"footnotes":""},"categories":[6],"tags":[],"class_list":["post-37551","post","type-post","status-publish","format-standard","has-post-thumbnail","hentry","category-saude"],"_links":{"self":[{"href":"https:\/\/tintafresca.net\/index.php\/wp-json\/wp\/v2\/posts\/37551","targetHints":{"allow":["GET"]}}],"collection":[{"href":"https:\/\/tintafresca.net\/index.php\/wp-json\/wp\/v2\/posts"}],"about":[{"href":"https:\/\/tintafresca.net\/index.php\/wp-json\/wp\/v2\/types\/post"}],"author":[{"embeddable":true,"href":"https:\/\/tintafresca.net\/index.php\/wp-json\/wp\/v2\/users\/2"}],"replies":[{"embeddable":true,"href":"https:\/\/tintafresca.net\/index.php\/wp-json\/wp\/v2\/comments?post=37551"}],"version-history":[{"count":4,"href":"https:\/\/tintafresca.net\/index.php\/wp-json\/wp\/v2\/posts\/37551\/revisions"}],"predecessor-version":[{"id":37556,"href":"https:\/\/tintafresca.net\/index.php\/wp-json\/wp\/v2\/posts\/37551\/revisions\/37556"}],"wp:featuredmedia":[{"embeddable":true,"href":"https:\/\/tintafresca.net\/index.php\/wp-json\/wp\/v2\/media\/17530"}],"wp:attachment":[{"href":"https:\/\/tintafresca.net\/index.php\/wp-json\/wp\/v2\/media?parent=37551"}],"wp:term":[{"taxonomy":"category","embeddable":true,"href":"https:\/\/tintafresca.net\/index.php\/wp-json\/wp\/v2\/categories?post=37551"},{"taxonomy":"post_tag","embeddable":true,"href":"https:\/\/tintafresca.net\/index.php\/wp-json\/wp\/v2\/tags?post=37551"}],"curies":[{"name":"wp","href":"https:\/\/api.w.org\/{rel}","templated":true}]}}