{"id":37565,"date":"2024-11-05T22:55:59","date_gmt":"2024-11-05T22:55:59","guid":{"rendered":"https:\/\/tintafresca.net\/?p=37565"},"modified":"2024-11-05T23:10:49","modified_gmt":"2024-11-05T23:10:49","slug":"regiao-de-leiria-apresenta-aos-deputados-dez-propostas-para-o-orcamento-do-estado-de-2025","status":"publish","type":"post","link":"https:\/\/tintafresca.net\/index.php\/2024\/11\/05\/regiao-de-leiria-apresenta-aos-deputados-dez-propostas-para-o-orcamento-do-estado-de-2025\/","title":{"rendered":"Regi\u00e3o de Leiria apresenta aos deputados dez propostas para o Or\u00e7amento do Estado de 2025"},"content":{"rendered":"<div id=\"attachment_37567\" style=\"width: 510px\" class=\"wp-caption alignleft\"><img loading=\"lazy\" decoding=\"async\" aria-describedby=\"caption-attachment-37567\" class=\"wp-image-37567 size-full\" src=\"https:\/\/tintafresca.net\/wp-content\/uploads\/2024\/11\/CIMRL_PS10.jpg\" alt=\"\" width=\"500\" height=\"375\" srcset=\"https:\/\/tintafresca.net\/wp-content\/uploads\/2024\/11\/CIMRL_PS10.jpg 500w, https:\/\/tintafresca.net\/wp-content\/uploads\/2024\/11\/CIMRL_PS10-300x225.jpg 300w\" sizes=\"auto, (max-width: 500px) 100vw, 500px\" \/><p id=\"caption-attachment-37567\" class=\"wp-caption-text\">Reuni\u00e3o com o Grupo Parlamentar do PS<\/p><\/div>\n<p>Autarcas da Comunidade Intermunicipal da Regi\u00e3o de Leiria (CIMRL) reuniram esta ter\u00e7a-feira, dia 5 de novembro, na Assembleia de Rep\u00fablica, com os grupos parlamentares do PSD, PS e Partido Chega, com deputados eleitos pelo c\u00edrculo eleitoral de Leiria, para apresentarem 10 propostas de interven\u00e7\u00e3o em \u00e1reas priorit\u00e1rias a considerar no quadro da proposta de Or\u00e7amento do Estado para 2025.<\/p>\n<p>Na ocasi\u00e3o os representantes dos munic\u00edpios apresentaram um documento de trabalho que caracteriza a Regi\u00e3o de Leiria, como uma economia diversificada e din\u00e2mica, impulsionada principalmente pelo sector industrial, com destaque para as ind\u00fastrias de moldes e pl\u00e1sticos, cer\u00e2mica, vidro, constru\u00e7\u00e3o e agroalimentar. O turismo tamb\u00e9m representa uma fonte significativa de receitas, alavancado pelo patrim\u00f3nio hist\u00f3rico, cultural e natural, nomeadamente os mosteiros e conventos, as praias, e as \u00e1reas rurais e de natureza que atraem visitantes nacionais e internacionais.<\/p>\n<p>Identificam tamb\u00e9m no documento como preocupa\u00e7\u00e3o o facto de nos \u00faltimos anos, a Regi\u00e3o de Leiria tem sentido um forte desinvestimento por parte da administra\u00e7\u00e3o central, o que se reflete na insufici\u00eancia de infraestruturas de transportes e mobilidade, na degrada\u00e7\u00e3o dos servi\u00e7os de sa\u00fade e educa\u00e7\u00e3o, e na falta de apoio a pol\u00edticas de habita\u00e7\u00e3o acess\u00edvel e coes\u00e3o social.<\/p>\n<p>Para inverter o registo de desinvestimento p\u00fablico na regi\u00e3o, os autarcas apresentaram 10 propostas por \u00e1reas priorit\u00e1rias das Acessibilidades e Mobilidade Sustent\u00e1vel; da Educa\u00e7\u00e3o e Competitividade; e da Habita\u00e7\u00e3o, Sa\u00fade e Coes\u00e3o Social.<\/p>\n<div id=\"attachment_37568\" style=\"width: 510px\" class=\"wp-caption alignleft\"><img loading=\"lazy\" decoding=\"async\" aria-describedby=\"caption-attachment-37568\" class=\"wp-image-37568\" src=\"https:\/\/tintafresca.net\/wp-content\/uploads\/2024\/11\/CIMRL_PSD.jpg\" alt=\"\" width=\"500\" height=\"334\" srcset=\"https:\/\/tintafresca.net\/wp-content\/uploads\/2024\/11\/CIMRL_PSD.jpg 640w, https:\/\/tintafresca.net\/wp-content\/uploads\/2024\/11\/CIMRL_PSD-300x200.jpg 300w\" sizes=\"auto, (max-width: 500px) 100vw, 500px\" \/><p id=\"caption-attachment-37568\" class=\"wp-caption-text\">Reuni\u00e3o com o Grupo Parlamentar do PSD<\/p><\/div>\n<p>Das medidas reclamadas, destaque para a proposta de Reavalia\u00e7\u00e3o de Portagens e conclus\u00e3o de eixos rodovi\u00e1rios e ferrovi\u00e1rios estruturantes, onde se considere na proposta de OE 2025 um artigo espec\u00edfico que promova a isen\u00e7\u00e3o das portagens na designada Variante da Batalha &#8211; A19 (com 16k que liga a Batalha a Leiria, como medida de prote\u00e7\u00e3o ao Mosteiro da Batalha), bem assim do atual tro\u00e7o do IC36\/A8 (Variante de Leiria e Liga\u00e7\u00e3o \u00e0 Marinha Grande Sul), que integra a Subconcess\u00e3o Litoral Oeste, com caracter\u00edsticas de circular urbana \u00e0s cidades de Leiria e Marinha Grande.<\/p>\n<p>A Liga\u00e7\u00e3o IC9\/A1 e a Requalifica\u00e7\u00e3o do IC 8, entre Pombal e Proen\u00e7a-a-Nova, s\u00e3o propostas que se juntam \u00e0 exig\u00eancia de investimento na moderniza\u00e7\u00e3o da Linha do Oeste e a antecipa\u00e7\u00e3o da 2\u00aa fase do TGV Lisboa-Porto para 2026, do tro\u00e7o de liga\u00e7\u00e3o entre Soure, Leiria e Carregado (incluindo a esta\u00e7\u00e3o de Leiria), apenas projetada para iniciar os trabalhos depois de 2030.<\/p>\n<p>Na \u00e1rea de educa\u00e7\u00e3o, sublinha-se a necessidade de medidas de atra\u00e7\u00e3o e reten\u00e7\u00e3o de talentos e os autarcas expressam o seu apoio \u00e0 Cria\u00e7\u00e3o da Escola Superior de Pombal, no \u00e2mbito do desenvolvimento e miss\u00e3o do Instituto Polit\u00e9cnico de Leiria (IPLeiria).<\/p>\n<div id=\"attachment_37569\" style=\"width: 510px\" class=\"wp-caption alignleft\"><img loading=\"lazy\" decoding=\"async\" aria-describedby=\"caption-attachment-37569\" class=\"wp-image-37569\" src=\"https:\/\/tintafresca.net\/wp-content\/uploads\/2024\/11\/CIMRL_Chega-1024x768.jpg\" alt=\"\" width=\"500\" height=\"375\" srcset=\"https:\/\/tintafresca.net\/wp-content\/uploads\/2024\/11\/CIMRL_Chega-1024x768.jpg 1024w, https:\/\/tintafresca.net\/wp-content\/uploads\/2024\/11\/CIMRL_Chega-300x225.jpg 300w, https:\/\/tintafresca.net\/wp-content\/uploads\/2024\/11\/CIMRL_Chega-768x576.jpg 768w, https:\/\/tintafresca.net\/wp-content\/uploads\/2024\/11\/CIMRL_Chega-1536x1152.jpg 1536w, https:\/\/tintafresca.net\/wp-content\/uploads\/2024\/11\/CIMRL_Chega.jpg 1600w\" sizes=\"auto, (max-width: 500px) 100vw, 500px\" \/><p id=\"caption-attachment-37569\" class=\"wp-caption-text\">Reuni\u00e3o com o Grupo Parlamentar do Chega<\/p><\/div>\n<p>Lan\u00e7ar um programa de incentivos para jovens profissionais e rec\u00e9m-formados, com subs\u00eddios para a fixa\u00e7\u00e3o em \u00e1reas do interior, bem assim implementar bolsas de estudo e subs\u00eddios para estudantes universit\u00e1rios de \u00e1reas estrat\u00e9gicas, com compromisso de trabalho na regi\u00e3o ap\u00f3s a gradua\u00e7\u00e3o, s\u00e3o medidas identificadas como diferenciadoras para a fixa\u00e7\u00e3o de talento na regi\u00e3o.<\/p>\n<p>No dom\u00ednio da Habita\u00e7\u00e3o e Coes\u00e3o Social, preconiza-se a cria\u00e7\u00e3o de um programa de reabilita\u00e7\u00e3o de habita\u00e7\u00e3o social nos munic\u00edpios mais necessitados, com melhorias de efici\u00eancia energ\u00e9tica e conforto dos edif\u00edcios existentes, bem assim o incremento dos incentivos \u00e0 constru\u00e7\u00e3o de habita\u00e7\u00e3o acess\u00edvel para jovens e fam\u00edlias de baixos rendimentos, com redu\u00e7\u00f5es de impostos para promotores imobili\u00e1rios que adotem pr\u00e1ticas de constru\u00e7\u00e3o sustent\u00e1veis.<\/p>\n<p>O refor\u00e7o dos Servi\u00e7os de Sa\u00fade Prim\u00e1rios e de Urg\u00eancia \u00e9 um objetivo priorit\u00e1rio e visa assegurar o acesso r\u00e1pido e de qualidade aos servi\u00e7os de sa\u00fade. Neste particular, entre outras medidas, os autarcas da regi\u00e3o de Leiria defendem o aumento do n\u00famero de profissionais de sa\u00fade nos centros de sa\u00fade e hospitais dos munic\u00edpios, com incentivos para m\u00e9dicos e enfermeiros que trabalhem em \u00e1reas mais remotas.<\/p>\n<p>Um tema tamb\u00e9m considerado foi a cria\u00e7\u00e3o de um Museu Nacional da Floresta na Marinha Grande, como uma aposta estrat\u00e9gica nacional, dada a relev\u00e2ncia da floresta para a economia e a import\u00e2ncia de promover a\u00e7\u00f5es que desenvolvam conhecimento t\u00e9cnico e incentivem a investiga\u00e7\u00e3o. Esta iniciativa refor\u00e7aria a preven\u00e7\u00e3o dos fogos rurais e valorizaria a floresta portuguesa do ponto de vista cultural, social e econ\u00f3mico.<\/p>\n<p>Os autarcas da Regi\u00e3o de Leiria defenderam hoje junto dos Deputados que Assembleia da Rep\u00fablica, no \u00e2mbito das suas compet\u00eancias constitucionais e da responsabilidade pela aprecia\u00e7\u00e3o e aprova\u00e7\u00e3o do Or\u00e7amento do Estado, desempenha um papel fundamental na defini\u00e7\u00e3o de pol\u00edticas e na viabiliza\u00e7\u00e3o de projetos transformadores para os territ\u00f3rios. Em particular, \u00e9 crucial o apoio aos projetos que os munic\u00edpios da Comunidade Intermunicipal da Regi\u00e3o de Leiria apresentam, nesta ocasi\u00e3o, aos grupos parlamentares.<\/p>\n<p>A Comunidade Intermunicipal da Regi\u00e3o de Leiria (CIMRL) integra 10 munic\u00edpios: Alvai\u00e1zere, Ansi\u00e3o, Batalha, Castanheira de Pera, Figueir\u00f3 dos Vinhos, Leiria, Marinha Grande, Pombal, Pedr\u00f3g\u00e3o Grande e Porto de M\u00f3s.<\/p>\n<p><strong>\u00a0 \u00a0 \u00a0Fonte: CIMRL<\/strong><\/p>\n","protected":false},"excerpt":{"rendered":"<p>Autarcas da Comunidade Intermunicipal da Regi\u00e3o de Leiria (CIMRL) reuniram esta ter\u00e7a-feira, dia 5 de novembro, na Assembleia de Rep\u00fablica, com os grupos parlamentares do PSD, PS e Partido Chega, com deputados eleitos pelo c\u00edrculo eleitoral de Leiria, para apresentarem 10 propostas de interven\u00e7\u00e3o em \u00e1reas priorit\u00e1rias a considerar no quadro da proposta de Or\u00e7amento [&hellip;]<\/p>\n","protected":false},"author":2,"featured_media":37571,"comment_status":"open","ping_status":"open","sticky":false,"template":"","format":"standard","meta":{"footnotes":""},"categories":[7],"tags":[],"class_list":["post-37565","post","type-post","status-publish","format-standard","has-post-thumbnail","hentry","category-economia"],"_links":{"self":[{"href":"https:\/\/tintafresca.net\/index.php\/wp-json\/wp\/v2\/posts\/37565","targetHints":{"allow":["GET"]}}],"collection":[{"href":"https:\/\/tintafresca.net\/index.php\/wp-json\/wp\/v2\/posts"}],"about":[{"href":"https:\/\/tintafresca.net\/index.php\/wp-json\/wp\/v2\/types\/post"}],"author":[{"embeddable":true,"href":"https:\/\/tintafresca.net\/index.php\/wp-json\/wp\/v2\/users\/2"}],"replies":[{"embeddable":true,"href":"https:\/\/tintafresca.net\/index.php\/wp-json\/wp\/v2\/comments?post=37565"}],"version-history":[{"count":4,"href":"https:\/\/tintafresca.net\/index.php\/wp-json\/wp\/v2\/posts\/37565\/revisions"}],"predecessor-version":[{"id":37573,"href":"https:\/\/tintafresca.net\/index.php\/wp-json\/wp\/v2\/posts\/37565\/revisions\/37573"}],"wp:featuredmedia":[{"embeddable":true,"href":"https:\/\/tintafresca.net\/index.php\/wp-json\/wp\/v2\/media\/37571"}],"wp:attachment":[{"href":"https:\/\/tintafresca.net\/index.php\/wp-json\/wp\/v2\/media?parent=37565"}],"wp:term":[{"taxonomy":"category","embeddable":true,"href":"https:\/\/tintafresca.net\/index.php\/wp-json\/wp\/v2\/categories?post=37565"},{"taxonomy":"post_tag","embeddable":true,"href":"https:\/\/tintafresca.net\/index.php\/wp-json\/wp\/v2\/tags?post=37565"}],"curies":[{"name":"wp","href":"https:\/\/api.w.org\/{rel}","templated":true}]}}