{"id":37589,"date":"2024-11-07T19:43:32","date_gmt":"2024-11-07T19:43:32","guid":{"rendered":"https:\/\/tintafresca.net\/?p=37589"},"modified":"2024-11-07T19:52:15","modified_gmt":"2024-11-07T19:52:15","slug":"faleceu-a-medica-amalia-pereira-que-criou-a-consulta-de-pe-diabetico-no-hospital-de-santo-andre","status":"publish","type":"post","link":"https:\/\/tintafresca.net\/index.php\/2024\/11\/07\/faleceu-a-medica-amalia-pereira-que-criou-a-consulta-de-pe-diabetico-no-hospital-de-santo-andre\/","title":{"rendered":"Faleceu a m\u00e9dica Am\u00e1lia Pereira que criou a consulta de P\u00e9 Diab\u00e9tico no Hospital de Santo Andr\u00e9"},"content":{"rendered":"<div id=\"attachment_10131\" style=\"width: 510px\" class=\"wp-caption alignleft\"><img loading=\"lazy\" decoding=\"async\" aria-describedby=\"caption-attachment-10131\" class=\"wp-image-10131 size-full\" src=\"https:\/\/tintafresca.net\/wp-content\/uploads\/2021\/10\/Hospital-de-Santo-Andre-Leiria10.jpg\" alt=\"\" width=\"500\" height=\"375\" srcset=\"https:\/\/tintafresca.net\/wp-content\/uploads\/2021\/10\/Hospital-de-Santo-Andre-Leiria10.jpg 500w, https:\/\/tintafresca.net\/wp-content\/uploads\/2021\/10\/Hospital-de-Santo-Andre-Leiria10-300x225.jpg 300w\" sizes=\"auto, (max-width: 500px) 100vw, 500px\" \/><p id=\"caption-attachment-10131\" class=\"wp-caption-text\">Hospital de Santo Andr\u00e9<\/p><\/div>\n<p>O Conselho de Administra\u00e7\u00e3o da Unidade Local de Sa\u00fade da Regi\u00e3o de Leiria (ULSRL) manifestou esta quinta-feira, dia a o seu profundo pesar pelo falecimento de Am\u00e1lia Piedade Gomes Pereira.<\/p>\n<p>Licenciada em Medicina, sendo atualmente assistente graduada de Medicina Interna na ULSRL. Foi respons\u00e1vel pela cria\u00e7\u00e3o e manuten\u00e7\u00e3o da consulta de Diabetes 1 e 2, e coordenadora da mesma at\u00e9 2023, e ainda implementou a consulta de P\u00e9 Diab\u00e9tico no Hospital de Santo Andr\u00e9 (HSA). Foi Chefe de Equipa de Urg\u00eancia, adjunta do Diretor Cl\u00ednico do HSA entre 2003 e 2005, e novamente a partir de 2007 at\u00e9 \u00e0 presente data.<\/p>\n<p>Era a atual diretora do Internato M\u00e9dico e implementou a Unidade de Hospitaliza\u00e7\u00e3o Domicili\u00e1ria, em funcionamento desde junho de 2020, sendo a coordenadora da Unidade desde ent\u00e3o. Integrou a Comiss\u00e3o da Qualidade e Seguran\u00e7a do Doente, foi elemento da Comiss\u00e3o de Farm\u00e1cia e Terap\u00eautica, e foi coordenadora do Grupo Funcional da Qualidade e da Task-Force Covid-19.<\/p>\n<p>Dedicou a sua vida e carreira m\u00e9dica ao Hospital Distrital de Leiria, ao Centro Hospitalar de Leiria e \u00e0 atual ULSRL. Focada em pleno no doente, pragm\u00e1tica, vision\u00e1ria e empenhada nos projetos que implementou, e sempre desempenhou um prof\u00edcuo trabalho na \u00e1rea da forma\u00e7\u00e3o de internos. Am\u00e1lia Pereira era uma l\u00edder nata, com esp\u00edrito aberto e de equipa, resiliente, dispon\u00edvel, uma ousada defensora dos seus valores e princ\u00edpios, deixando um imenso legado a todos os que com ela trabalharam e privaram. Continuar\u00e1 a ser uma inspira\u00e7\u00e3o para muitos de motiva\u00e7\u00e3o, de voca\u00e7\u00e3o profissional e de miss\u00e3o de vida.<\/p>\n<p>O Conselho de Administra\u00e7\u00e3o da Unidade Local de Sa\u00fade da Regi\u00e3o de Leiria endere\u00e7a \u00e0 fam\u00edlia, amigos, colegas e utentes da m\u00e9dica Am\u00e1lia Pereira as mais sinceras e sentidas condol\u00eancias.<\/p>\n","protected":false},"excerpt":{"rendered":"<p>O Conselho de Administra\u00e7\u00e3o da Unidade Local de Sa\u00fade da Regi\u00e3o de Leiria (ULSRL) manifestou esta quinta-feira, dia a o seu profundo pesar pelo falecimento de Am\u00e1lia Piedade Gomes Pereira. Licenciada em Medicina, sendo atualmente assistente graduada de Medicina Interna na ULSRL. Foi respons\u00e1vel pela cria\u00e7\u00e3o e manuten\u00e7\u00e3o da consulta de Diabetes 1 e 2, [&hellip;]<\/p>\n","protected":false},"author":2,"featured_media":10132,"comment_status":"open","ping_status":"open","sticky":false,"template":"","format":"standard","meta":{"footnotes":""},"categories":[6],"tags":[],"class_list":["post-37589","post","type-post","status-publish","format-standard","has-post-thumbnail","hentry","category-saude"],"_links":{"self":[{"href":"https:\/\/tintafresca.net\/index.php\/wp-json\/wp\/v2\/posts\/37589","targetHints":{"allow":["GET"]}}],"collection":[{"href":"https:\/\/tintafresca.net\/index.php\/wp-json\/wp\/v2\/posts"}],"about":[{"href":"https:\/\/tintafresca.net\/index.php\/wp-json\/wp\/v2\/types\/post"}],"author":[{"embeddable":true,"href":"https:\/\/tintafresca.net\/index.php\/wp-json\/wp\/v2\/users\/2"}],"replies":[{"embeddable":true,"href":"https:\/\/tintafresca.net\/index.php\/wp-json\/wp\/v2\/comments?post=37589"}],"version-history":[{"count":3,"href":"https:\/\/tintafresca.net\/index.php\/wp-json\/wp\/v2\/posts\/37589\/revisions"}],"predecessor-version":[{"id":37592,"href":"https:\/\/tintafresca.net\/index.php\/wp-json\/wp\/v2\/posts\/37589\/revisions\/37592"}],"wp:featuredmedia":[{"embeddable":true,"href":"https:\/\/tintafresca.net\/index.php\/wp-json\/wp\/v2\/media\/10132"}],"wp:attachment":[{"href":"https:\/\/tintafresca.net\/index.php\/wp-json\/wp\/v2\/media?parent=37589"}],"wp:term":[{"taxonomy":"category","embeddable":true,"href":"https:\/\/tintafresca.net\/index.php\/wp-json\/wp\/v2\/categories?post=37589"},{"taxonomy":"post_tag","embeddable":true,"href":"https:\/\/tintafresca.net\/index.php\/wp-json\/wp\/v2\/tags?post=37589"}],"curies":[{"name":"wp","href":"https:\/\/api.w.org\/{rel}","templated":true}]}}