{"id":3764,"date":"2021-05-03T21:59:41","date_gmt":"2021-05-03T21:59:41","guid":{"rendered":"https:\/\/tintafresca.net\/?p=3764"},"modified":"2021-05-03T22:07:00","modified_gmt":"2021-05-03T22:07:00","slug":"centro-de-saude-de-famalicao-volta-a-receber-a-populacao-com-medico-e-varios-servicos","status":"publish","type":"post","link":"https:\/\/tintafresca.net\/index.php\/2021\/05\/03\/centro-de-saude-de-famalicao-volta-a-receber-a-populacao-com-medico-e-varios-servicos\/","title":{"rendered":"Centro de Sa\u00fade de Famalic\u00e3o volta a receber a popula\u00e7\u00e3o com m\u00e9dico e v\u00e1rios servi\u00e7os"},"content":{"rendered":"<p><img loading=\"lazy\" decoding=\"async\" class=\"alignleft wp-image-3766 size-full\" src=\"https:\/\/tintafresca.net\/wp-content\/uploads\/2021\/05\/Nazare_USF-Famalicao10.jpg\" alt=\"\" width=\"500\" height=\"333\" \/>A Unidade de sa\u00fade de Famalic\u00e3o retomou esta segunda-feira, dia 3 de maio, o funcionamento, reabrindo \u00e0 freguesia com uma m\u00e9dica e todas as val\u00eancias necess\u00e1rias aos cerca de 1800 utentes inscritos.<\/p>\n<p>A funcionar de segunda a sexta-feira, das 8h00 \u00e0s 16h00, com uma equipa de quatro pessoas (m\u00e9dica, um enfermeiro, uma administrativa e uma assistente operacional) e as val\u00eancias j\u00e1 em pr\u00e1tica nas restantes unidades de sa\u00fade do concelho, o polo de Famalic\u00e3o, integrado no Centro de Sa\u00fade de Cuidados Prim\u00e1rios da Nazar\u00e9 e com os mesmos servi\u00e7os ali prestados (exceto SAP), ser\u00e1, em breve, \u201calvo de obras de amplia\u00e7\u00e3o\u201d, para ocupar a antiga sede da Junta de Freguesia, numa interven\u00e7\u00e3o que ser\u00e1 realizada pelos servi\u00e7os da C\u00e2mara, informou o Presidente da C\u00e2mara da Nazar\u00e9.<\/p>\n<p>\u201cQuero dar os parab\u00e9ns ao executivo local e presidente da Junta, Jos\u00e9 Filipe Ramalho, pela luta desenvolvida no sentido da reabertura da unidade de sa\u00fade, ao ACES oeste-norte pela coloca\u00e7\u00e3o de uma m\u00e9dica a tempo inteiro e \u00e0 Dra. Ana Pisco, coordenadora do Agrupamento de Centros de Sa\u00fade Oeste-Norte que se manteve ao lado da Junta e da C\u00e2mara nesta missiva\u201d, disse Walter Chicharro, no final da visita ao local.<\/p>\n<p>A Junta de Freguesia obteve garantias do funcionamento permanente da Unidade de Sa\u00fade, sem mais interrup\u00e7\u00f5es, com a afeta\u00e7\u00e3o de uma m\u00e9dica a tempo inteiro.<\/p>\n<p>\u201c\u00c9 um momento de grande alegria por ver concretizada esta mais-valia para a popula\u00e7\u00e3o da freguesia\u201d, disse Jos\u00e9 Filipe Ramalho, presidente da Junta de Famalic\u00e3o.<\/p>\n<p>O concelho disp\u00f5e, atualmente, dos polos de sa\u00fade de Valado dos Frades, Famalic\u00e3o e o rec\u00e9m-inaugurado centro de sa\u00fade da Nazar\u00e9. Engloba as Unidades de Sa\u00fade familiar existentes e restantes servi\u00e7os de cuidados de sa\u00fade prim\u00e1rios, com 7 m\u00e9dicos e 7 enfermeiros e 6 assistentes t\u00e9cnicos para 12.500 utentes, que passam a dispor de consultas de sa\u00fade oral, psicologia e fisioterapia; e o Servi\u00e7o de Atendimento Complementar (a partir das 20h00 durante a semana e a partir das 14h00 ao fim de semana).<\/p>\n<p>Para a marca\u00e7\u00e3o de consultas e obten\u00e7\u00e3o de informa\u00e7\u00f5es relacionadas com os cuidados de sa\u00fade na USF Famalic\u00e3o, os utentes poder\u00e3o usar o contacto: 262 070 695.<\/p>\n<p><strong>\u00a0 \u00a0 Fonte: SM|GCI|CMN<\/strong><\/p>\n","protected":false},"excerpt":{"rendered":"<p>A Unidade de sa\u00fade de Famalic\u00e3o retomou esta segunda-feira, dia 3 de maio, o funcionamento, reabrindo \u00e0 freguesia com uma m\u00e9dica e todas as val\u00eancias necess\u00e1rias aos cerca de 1800 utentes inscritos. A funcionar de segunda a sexta-feira, das 8h00 \u00e0s 16h00, com uma equipa de quatro pessoas (m\u00e9dica, um enfermeiro, uma administrativa e uma [&hellip;]<\/p>\n","protected":false},"author":2,"featured_media":3767,"comment_status":"open","ping_status":"open","sticky":false,"template":"","format":"standard","meta":{"footnotes":""},"categories":[6],"tags":[],"class_list":["post-3764","post","type-post","status-publish","format-standard","has-post-thumbnail","hentry","category-saude"],"_links":{"self":[{"href":"https:\/\/tintafresca.net\/index.php\/wp-json\/wp\/v2\/posts\/3764","targetHints":{"allow":["GET"]}}],"collection":[{"href":"https:\/\/tintafresca.net\/index.php\/wp-json\/wp\/v2\/posts"}],"about":[{"href":"https:\/\/tintafresca.net\/index.php\/wp-json\/wp\/v2\/types\/post"}],"author":[{"embeddable":true,"href":"https:\/\/tintafresca.net\/index.php\/wp-json\/wp\/v2\/users\/2"}],"replies":[{"embeddable":true,"href":"https:\/\/tintafresca.net\/index.php\/wp-json\/wp\/v2\/comments?post=3764"}],"version-history":[{"count":2,"href":"https:\/\/tintafresca.net\/index.php\/wp-json\/wp\/v2\/posts\/3764\/revisions"}],"predecessor-version":[{"id":3768,"href":"https:\/\/tintafresca.net\/index.php\/wp-json\/wp\/v2\/posts\/3764\/revisions\/3768"}],"wp:featuredmedia":[{"embeddable":true,"href":"https:\/\/tintafresca.net\/index.php\/wp-json\/wp\/v2\/media\/3767"}],"wp:attachment":[{"href":"https:\/\/tintafresca.net\/index.php\/wp-json\/wp\/v2\/media?parent=3764"}],"wp:term":[{"taxonomy":"category","embeddable":true,"href":"https:\/\/tintafresca.net\/index.php\/wp-json\/wp\/v2\/categories?post=3764"},{"taxonomy":"post_tag","embeddable":true,"href":"https:\/\/tintafresca.net\/index.php\/wp-json\/wp\/v2\/tags?post=3764"}],"curies":[{"name":"wp","href":"https:\/\/api.w.org\/{rel}","templated":true}]}}