{"id":37697,"date":"2024-11-13T22:49:12","date_gmt":"2024-11-13T22:49:12","guid":{"rendered":"https:\/\/tintafresca.net\/?p=37697"},"modified":"2024-11-14T18:08:59","modified_gmt":"2024-11-14T18:08:59","slug":"governo-preve-265-milhoes-para-o-hospital-do-oeste-no-orcamento-de-estado","status":"publish","type":"post","link":"https:\/\/tintafresca.net\/index.php\/2024\/11\/13\/governo-preve-265-milhoes-para-o-hospital-do-oeste-no-orcamento-de-estado\/","title":{"rendered":"Governo prev\u00ea 265 milh\u00f5es para o Hospital do Oeste no Or\u00e7amento de Estado"},"content":{"rendered":"<div id=\"attachment_23276\" style=\"width: 510px\" class=\"wp-caption alignleft\"><img loading=\"lazy\" decoding=\"async\" aria-describedby=\"caption-attachment-23276\" class=\"wp-image-23276 size-full\" src=\"https:\/\/tintafresca.net\/wp-content\/uploads\/2022\/12\/CHO_Unidade-de-Torres-Vedras10.jpg\" alt=\"\" width=\"500\" height=\"331\" srcset=\"https:\/\/tintafresca.net\/wp-content\/uploads\/2022\/12\/CHO_Unidade-de-Torres-Vedras10.jpg 500w, https:\/\/tintafresca.net\/wp-content\/uploads\/2022\/12\/CHO_Unidade-de-Torres-Vedras10-300x199.jpg 300w\" sizes=\"auto, (max-width: 500px) 100vw, 500px\" \/><p id=\"caption-attachment-23276\" class=\"wp-caption-text\">Atual Hospital de Torres Vedras<\/p><\/div>\n<p>Em Nota Explicativa relativa ao Or\u00e7amento do Estado, o Minist\u00e9rio da Sa\u00fade esclareceu a Assembleia da Rep\u00fablica de que se encontra prevista uma dota\u00e7\u00e3o de 265 milh\u00f5es de euros para a constru\u00e7\u00e3o do Novo Hospital do Oeste.<\/p>\n<p>Este facto, que sucede \u00e0s palavras do primeiro-ministro, Lu\u00eds Montenegro, no dia 10 de outubro, em que assumiu o novo Hospital do Oeste \u00e9 uma \u201cprioridade\u201d, mereceu, da parte do deputado social-democrata, Marco Claudino, uma palavra de regozijo, salientando que <em>\u201c\u00e9 a primeira vez que que esta obra se encontra prevista no Plano Plurianual do SNS\u201d<\/em> o que regista como <em>\u201cpositivo\u201d<\/em>.<\/p>\n<p>Na audi\u00e7\u00e3o no \u00e2mbito da discuss\u00e3o do Or\u00e7amento do Estado \u00e0 Ministra da Sa\u00fade, o deputado do PSD Marco Claudino come\u00e7ou por dizer <em>\u201cque o legado do PS no Oeste \u00e9 de 50% dos utentes sem m\u00e9dico de fam\u00edlia e de termos menos de metade das camas hospitalares por habitante face \u00e0 m\u00e9dia nacional\u201d<\/em><\/p>\n<p>Sobre o Novo Hospital, e em concreto no que respeita \u00e0 localiza\u00e7\u00e3o, o deputado torriense afirmou que o <em>\u201cEstudo da Universidade Nova, com uma abrang\u00eancia territorial n\u00e3o totalmente coincidente \u00e0 atual Unidade local de Sa\u00fade do Oeste, identificou Torres Vedras e Bombarral como as melhores op\u00e7\u00f5es\u201d<\/em>, dando nota de que de acordo com <em>\u201ca atual configura\u00e7\u00e3o da ULS Oeste, 58% do territ\u00f3rio e 58% da popula\u00e7\u00e3o encontram-se no distrito de Lisboa<\/em>\u201d.<\/p>\n<p>Posto isto, Claudino disse: <em>\u201cseja em Torres Vedras, que pelo que referi parece ser a op\u00e7\u00e3o mais adequada, seja no Bombarral: \u00e9 preciso avan\u00e7ar!\u201d<\/em><\/p>\n<p><strong>Fonte: PSD|Oeste<\/strong><\/p>\n","protected":false},"excerpt":{"rendered":"<p>Em Nota Explicativa relativa ao Or\u00e7amento do Estado, o Minist\u00e9rio da Sa\u00fade esclareceu a Assembleia da Rep\u00fablica de que se encontra prevista uma dota\u00e7\u00e3o de 265 milh\u00f5es de euros para a constru\u00e7\u00e3o do Novo Hospital do Oeste. Este facto, que sucede \u00e0s palavras do primeiro-ministro, Lu\u00eds Montenegro, no dia 10 de outubro, em que assumiu [&hellip;]<\/p>\n","protected":false},"author":2,"featured_media":37699,"comment_status":"open","ping_status":"open","sticky":false,"template":"","format":"standard","meta":{"footnotes":""},"categories":[6],"tags":[],"class_list":["post-37697","post","type-post","status-publish","format-standard","has-post-thumbnail","hentry","category-saude"],"_links":{"self":[{"href":"https:\/\/tintafresca.net\/index.php\/wp-json\/wp\/v2\/posts\/37697","targetHints":{"allow":["GET"]}}],"collection":[{"href":"https:\/\/tintafresca.net\/index.php\/wp-json\/wp\/v2\/posts"}],"about":[{"href":"https:\/\/tintafresca.net\/index.php\/wp-json\/wp\/v2\/types\/post"}],"author":[{"embeddable":true,"href":"https:\/\/tintafresca.net\/index.php\/wp-json\/wp\/v2\/users\/2"}],"replies":[{"embeddable":true,"href":"https:\/\/tintafresca.net\/index.php\/wp-json\/wp\/v2\/comments?post=37697"}],"version-history":[{"count":2,"href":"https:\/\/tintafresca.net\/index.php\/wp-json\/wp\/v2\/posts\/37697\/revisions"}],"predecessor-version":[{"id":37700,"href":"https:\/\/tintafresca.net\/index.php\/wp-json\/wp\/v2\/posts\/37697\/revisions\/37700"}],"wp:featuredmedia":[{"embeddable":true,"href":"https:\/\/tintafresca.net\/index.php\/wp-json\/wp\/v2\/media\/37699"}],"wp:attachment":[{"href":"https:\/\/tintafresca.net\/index.php\/wp-json\/wp\/v2\/media?parent=37697"}],"wp:term":[{"taxonomy":"category","embeddable":true,"href":"https:\/\/tintafresca.net\/index.php\/wp-json\/wp\/v2\/categories?post=37697"},{"taxonomy":"post_tag","embeddable":true,"href":"https:\/\/tintafresca.net\/index.php\/wp-json\/wp\/v2\/tags?post=37697"}],"curies":[{"name":"wp","href":"https:\/\/api.w.org\/{rel}","templated":true}]}}