{"id":37701,"date":"2024-11-14T17:58:12","date_gmt":"2024-11-14T17:58:12","guid":{"rendered":"https:\/\/tintafresca.net\/?p=37701"},"modified":"2024-11-15T19:59:36","modified_gmt":"2024-11-15T19:59:36","slug":"regiao-oeste-vai-ter-plataforma-analitica-integrada-de-inteligencia-territorial","status":"publish","type":"post","link":"https:\/\/tintafresca.net\/index.php\/2024\/11\/14\/regiao-oeste-vai-ter-plataforma-analitica-integrada-de-inteligencia-territorial\/","title":{"rendered":"Regi\u00e3o Oeste vai ter \u201cPlataforma Anal\u00edtica Integrada de Intelig\u00eancia Territorial"},"content":{"rendered":"<div id=\"attachment_26906\" style=\"width: 510px\" class=\"wp-caption alignleft\"><img loading=\"lazy\" decoding=\"async\" aria-describedby=\"caption-attachment-26906\" class=\"wp-image-26906 size-full\" src=\"https:\/\/tintafresca.net\/wp-content\/uploads\/2023\/05\/Montebelo_Mosteiro_Alcobaca_Historic_Hotel_Fachada_100.jpg\" alt=\"\" width=\"500\" height=\"459\" srcset=\"https:\/\/tintafresca.net\/wp-content\/uploads\/2023\/05\/Montebelo_Mosteiro_Alcobaca_Historic_Hotel_Fachada_100.jpg 500w, https:\/\/tintafresca.net\/wp-content\/uploads\/2023\/05\/Montebelo_Mosteiro_Alcobaca_Historic_Hotel_Fachada_100-300x275.jpg 300w\" sizes=\"auto, (max-width: 500px) 100vw, 500px\" \/><p id=\"caption-attachment-26906\" class=\"wp-caption-text\">Protocolo vai ser assinado no Mosteiro de Alcoba\u00e7a<\/p><\/div>\n<p>A Servi\u00e7os Partilhados do Minist\u00e9rio da Sa\u00fade, EPE (SPMS), a NOVA Information Management School (NOVA IMS), a Escola Nacional de Sa\u00fade P\u00fablica da Universidade NOVA de Lisboa (ENSP NOVA), a Comunidade Intermunicipal do Oeste (OesteCIM) e a Unidade Local de Sa\u00fade do Oeste (ULS Oeste) assinam esta quinta-feira, dia 14 de novembro, um protocolo de colabora\u00e7\u00e3o com vista ao desenvolvimento e implementa\u00e7\u00e3o do projeto \u201cPlataforma Anal\u00edtica Integrada de Intelig\u00eancia Territorial <em>Smart Healthy Region<\/em>\u201d.<\/p>\n<p>Financiado no \u00e2mbito do Plano de Recupera\u00e7\u00e3o e Resili\u00eancia (PRR), na componente da Transi\u00e7\u00e3o Digital da Sa\u00fade, este projeto permitir\u00e1 a an\u00e1lise integrada e em tempo real dos dados de sa\u00fade, apoiando o planeamento, monitoriza\u00e7\u00e3o e execu\u00e7\u00e3o de pol\u00edticas de sa\u00fade, de acordo com as necessidades da regi\u00e3o Oeste.<\/p>\n<p>Entre os objetivos do Smart Healthy Region, destacam-se a explora\u00e7\u00e3o das potencialidades geradas pela plataforma de intelig\u00eancia territorial do Oeste \u2013 a Oeste Smart Region \u2013 como espa\u00e7o de oportunidade para uma nova gera\u00e7\u00e3o de pol\u00edticas p\u00fablicas de sa\u00fade <em>data-driven<\/em>, incluindo, nomeadamente, o desenvolvimento de algoritmos que permitam suportar o desenho de pol\u00edticas e a defini\u00e7\u00e3o de estrat\u00e9gias de interven\u00e7\u00e3o em \u00e1reas de sa\u00fade p\u00fablica priorit\u00e1rias, a cria\u00e7\u00e3o de mecanismos de acompanhamento e monitoriza\u00e7\u00e3o, bem como a aquisi\u00e7\u00e3o de tecnologias de suporte para as atividades do projeto.<\/p>\n<p>A cerim\u00f3nia de assinatura do protocolo ter\u00e1 lugar no Claustro do Rachadouro, no Mosteiro de Alcoba\u00e7a, \u00e0s 19h30.<\/p>\n<p><strong>\u00a0 \u00a0 Fonte: SPMS<\/strong><\/p>\n","protected":false},"excerpt":{"rendered":"<p>A Servi\u00e7os Partilhados do Minist\u00e9rio da Sa\u00fade, EPE (SPMS), a NOVA Information Management School (NOVA IMS), a Escola Nacional de Sa\u00fade P\u00fablica da Universidade NOVA de Lisboa (ENSP NOVA), a Comunidade Intermunicipal do Oeste (OesteCIM) e a Unidade Local de Sa\u00fade do Oeste (ULS Oeste) assinam esta quinta-feira, dia 14 de novembro, um protocolo de [&hellip;]<\/p>\n","protected":false},"author":2,"featured_media":37718,"comment_status":"open","ping_status":"open","sticky":false,"template":"","format":"standard","meta":{"footnotes":""},"categories":[6],"tags":[],"class_list":["post-37701","post","type-post","status-publish","format-standard","has-post-thumbnail","hentry","category-saude"],"_links":{"self":[{"href":"https:\/\/tintafresca.net\/index.php\/wp-json\/wp\/v2\/posts\/37701","targetHints":{"allow":["GET"]}}],"collection":[{"href":"https:\/\/tintafresca.net\/index.php\/wp-json\/wp\/v2\/posts"}],"about":[{"href":"https:\/\/tintafresca.net\/index.php\/wp-json\/wp\/v2\/types\/post"}],"author":[{"embeddable":true,"href":"https:\/\/tintafresca.net\/index.php\/wp-json\/wp\/v2\/users\/2"}],"replies":[{"embeddable":true,"href":"https:\/\/tintafresca.net\/index.php\/wp-json\/wp\/v2\/comments?post=37701"}],"version-history":[{"count":3,"href":"https:\/\/tintafresca.net\/index.php\/wp-json\/wp\/v2\/posts\/37701\/revisions"}],"predecessor-version":[{"id":37704,"href":"https:\/\/tintafresca.net\/index.php\/wp-json\/wp\/v2\/posts\/37701\/revisions\/37704"}],"wp:featuredmedia":[{"embeddable":true,"href":"https:\/\/tintafresca.net\/index.php\/wp-json\/wp\/v2\/media\/37718"}],"wp:attachment":[{"href":"https:\/\/tintafresca.net\/index.php\/wp-json\/wp\/v2\/media?parent=37701"}],"wp:term":[{"taxonomy":"category","embeddable":true,"href":"https:\/\/tintafresca.net\/index.php\/wp-json\/wp\/v2\/categories?post=37701"},{"taxonomy":"post_tag","embeddable":true,"href":"https:\/\/tintafresca.net\/index.php\/wp-json\/wp\/v2\/tags?post=37701"}],"curies":[{"name":"wp","href":"https:\/\/api.w.org\/{rel}","templated":true}]}}