{"id":37719,"date":"2024-11-16T00:17:53","date_gmt":"2024-11-16T00:17:53","guid":{"rendered":"https:\/\/tintafresca.net\/?p=37719"},"modified":"2024-11-16T00:22:12","modified_gmt":"2024-11-16T00:22:12","slug":"inovacao-continua-para-a-rentabilidade-da-agricultura-debatida-em-santarem","status":"publish","type":"post","link":"https:\/\/tintafresca.net\/index.php\/2024\/11\/16\/inovacao-continua-para-a-rentabilidade-da-agricultura-debatida-em-santarem\/","title":{"rendered":"Inova\u00e7\u00e3o cont\u00ednua para a rentabilidade da Agricultura debatida em Santar\u00e9m"},"content":{"rendered":"<div id=\"attachment_37721\" style=\"width: 510px\" class=\"wp-caption alignleft\"><img loading=\"lazy\" decoding=\"async\" aria-describedby=\"caption-attachment-37721\" class=\"wp-image-37721 size-full\" src=\"https:\/\/tintafresca.net\/wp-content\/uploads\/2024\/11\/Santarem_III-Forum-Corteva10.jpg\" alt=\"\" width=\"500\" height=\"333\" srcset=\"https:\/\/tintafresca.net\/wp-content\/uploads\/2024\/11\/Santarem_III-Forum-Corteva10.jpg 500w, https:\/\/tintafresca.net\/wp-content\/uploads\/2024\/11\/Santarem_III-Forum-Corteva10-300x200.jpg 300w\" sizes=\"auto, (max-width: 500px) 100vw, 500px\" \/><p id=\"caption-attachment-37721\" class=\"wp-caption-text\">Oradores do III F\u00f3rum Corteva<\/p><\/div>\n<p>O III F\u00f3rum Corteva, V F\u00f3rum Pioneer Indoor realizou-se no dia 14 de novembro, no CNEMA \u2013 Centro Nacional de Exposi\u00e7\u00f5es e Mercados Agr\u00edcolas, com o apoio do Munic\u00edpio de Santar\u00e9m.<\/p>\n<p>Na sess\u00e3o de abertura, Nuno Russo, vereador da C\u00e2mara Municipal de Santar\u00e9m com o pelouro da Agricultura e Florestas, referiu que \u201ca agricultura \u00e9 um setor estrat\u00e9gico para o desenvolvimento dos nossos Concelhos e a inova\u00e7\u00e3o e a tecnologia s\u00e3o a chave para garantir a sustentabilidade e competitividade dos territ\u00f3rios\u201d.<\/p>\n<p>\u201cA colabora\u00e7\u00e3o entre os diversos atores pol\u00edticos, econ\u00f3micos, sociais e ambientais, quer sejam p\u00fablicos ou privados, s\u00e3o essenciais para impulsionar a inova\u00e7\u00e3o e garantir a sustentabilidade dos nossos territ\u00f3rios, sempre com a presen\u00e7a e a perman\u00eancia da agricultura e dos agricultores\u201d, destacou o vereador.<\/p>\n<p>Sob o tema: \u201cInova\u00e7\u00e3o cont\u00ednua para a rentabilidade\u201d, este f\u00f3rum \u00e9 uma oportunidade \u00fanica para agricultores e profissionais do sector debaterem temas cruciais para a agricultura moderna e se atualizarem sobre as tend\u00eancias do mercado, pol\u00edticas agr\u00edcolas e inova\u00e7\u00f5es tecnol\u00f3gicas, promovendo a sustentabilidade e a efici\u00eancia no uso dos recursos.<\/p>\n<p>Neste sentido, tendo como objetivo a partilha de informa\u00e7\u00f5es para proporcionar aos participantes diversos esclarecimentos que os podem ajudar, de forma mais consistente e fundamentada, na tomada de decis\u00f5es, foram abordados, durante o per\u00edodo da manh\u00e3, tr\u00eas temas principais: \u201cMercados Agr\u00edcolas e Conjuntura Atual\u201d, \u201cA PAC &#8211; Pol\u00edtica Agr\u00edcola Comum: Objetivos, Evolu\u00e7\u00e3o e Tend\u00eancias\u201d e \u201cO Novo Desafio na Prote\u00e7\u00e3o das Culturas\u201d.<\/p>\n<p>O evento culminou com um magusto conv\u00edvio promovido pela C\u00e2mara Municipal de Santar\u00e9m e oferecido pelo Munic\u00edpio de Marv\u00e3o, que recentemente realizou a 40.\u00aa Festa do Castanheiro \u2013 Feira da Castanha.<\/p>\n<p>Durante o f\u00f3rum foram ainda atribu\u00eddos os \u201cPr\u00e9mios Distin\u00e7\u00e3o Corteva\u201d, que reconhecem o trabalho de profissionais e organiza\u00e7\u00f5es que se destacaram no sector agr\u00edcola em Portugal.<\/p>\n<p>&nbsp;<\/p>\n<p>&nbsp;<\/p>\n<p>Fonte: IVGRPC|CMS<\/p>\n","protected":false},"excerpt":{"rendered":"<p>O III F\u00f3rum Corteva, V F\u00f3rum Pioneer Indoor realizou-se no dia 14 de novembro, no CNEMA \u2013 Centro Nacional de Exposi\u00e7\u00f5es e Mercados Agr\u00edcolas, com o apoio do Munic\u00edpio de Santar\u00e9m. Na sess\u00e3o de abertura, Nuno Russo, vereador da C\u00e2mara Municipal de Santar\u00e9m com o pelouro da Agricultura e Florestas, referiu que \u201ca agricultura \u00e9 [&hellip;]<\/p>\n","protected":false},"author":2,"featured_media":37722,"comment_status":"open","ping_status":"open","sticky":false,"template":"","format":"standard","meta":{"footnotes":""},"categories":[7],"tags":[],"class_list":["post-37719","post","type-post","status-publish","format-standard","has-post-thumbnail","hentry","category-economia"],"_links":{"self":[{"href":"https:\/\/tintafresca.net\/index.php\/wp-json\/wp\/v2\/posts\/37719","targetHints":{"allow":["GET"]}}],"collection":[{"href":"https:\/\/tintafresca.net\/index.php\/wp-json\/wp\/v2\/posts"}],"about":[{"href":"https:\/\/tintafresca.net\/index.php\/wp-json\/wp\/v2\/types\/post"}],"author":[{"embeddable":true,"href":"https:\/\/tintafresca.net\/index.php\/wp-json\/wp\/v2\/users\/2"}],"replies":[{"embeddable":true,"href":"https:\/\/tintafresca.net\/index.php\/wp-json\/wp\/v2\/comments?post=37719"}],"version-history":[{"count":2,"href":"https:\/\/tintafresca.net\/index.php\/wp-json\/wp\/v2\/posts\/37719\/revisions"}],"predecessor-version":[{"id":37723,"href":"https:\/\/tintafresca.net\/index.php\/wp-json\/wp\/v2\/posts\/37719\/revisions\/37723"}],"wp:featuredmedia":[{"embeddable":true,"href":"https:\/\/tintafresca.net\/index.php\/wp-json\/wp\/v2\/media\/37722"}],"wp:attachment":[{"href":"https:\/\/tintafresca.net\/index.php\/wp-json\/wp\/v2\/media?parent=37719"}],"wp:term":[{"taxonomy":"category","embeddable":true,"href":"https:\/\/tintafresca.net\/index.php\/wp-json\/wp\/v2\/categories?post=37719"},{"taxonomy":"post_tag","embeddable":true,"href":"https:\/\/tintafresca.net\/index.php\/wp-json\/wp\/v2\/tags?post=37719"}],"curies":[{"name":"wp","href":"https:\/\/api.w.org\/{rel}","templated":true}]}}