{"id":3775,"date":"2021-05-04T10:02:55","date_gmt":"2021-05-04T10:02:55","guid":{"rendered":"https:\/\/tintafresca.net\/?p=3775"},"modified":"2021-05-04T10:25:00","modified_gmt":"2021-05-04T10:25:00","slug":"camara-de-alcobaca-lanca-primeira-pedra-do-novo-pavilhao-multiusos","status":"publish","type":"post","link":"https:\/\/tintafresca.net\/index.php\/2021\/05\/04\/camara-de-alcobaca-lanca-primeira-pedra-do-novo-pavilhao-multiusos\/","title":{"rendered":"C\u00e2mara de Alcoba\u00e7a lan\u00e7a primeira pedra do novo Pavilh\u00e3o Multiusos"},"content":{"rendered":"<div id=\"attachment_3777\" style=\"width: 510px\" class=\"wp-caption alignleft\"><img loading=\"lazy\" decoding=\"async\" aria-describedby=\"caption-attachment-3777\" class=\"wp-image-3777 size-full\" src=\"https:\/\/tintafresca.net\/wp-content\/uploads\/2021\/05\/Alcobaca_MULTIUSOS10.jpg\" alt=\"\" width=\"500\" height=\"333\" \/><p id=\"caption-attachment-3777\" class=\"wp-caption-text\">Paulo In\u00e1cio e Lu\u00eds Castelhano descerraram a placa da primeira pedra do Pavilh\u00e3o Multiusos de Alcoba\u00e7a<\/p><\/div>\n<p>As obras do futuro Pavilh\u00e3o Multiusos de Alcoba\u00e7a arrancaram no m\u00eas de abril estando a decorrer a bom ritmo. Na manh\u00e3 desta segunda-feira, 3 de maio, a C\u00e2mara Municipal de Alcoba\u00e7a assinalou o in\u00edcio da empreitada com o lan\u00e7amento simb\u00f3lico da primeira pedra, levado a cabo pelo presidente da autarquia, Paulo In\u00e1cio.<\/p>\n<p>Perante os convidados da pequena cerim\u00f3nia protocolar, devidamente autorizada pela Dire\u00e7\u00e3o-Geral da Sa\u00fade, o edil sublinhou \u201ca import\u00e2ncia hist\u00f3rica deste dia em que olhamos para o futuro do concelho de Alcoba\u00e7a e de toda uma regi\u00e3o com um sentimento de esperan\u00e7a. Esta obra \u00e9 uma porta aberta \u00e0 realiza\u00e7\u00e3o de grandes eventos culturais, desportivos, pol\u00edticos, empresariais, al\u00e9m do acolhimento da nossa Feira de S\u00e3o Bernardo. Estamos a recuperar um espa\u00e7o que come\u00e7ava a degradar-se. Estamos tamb\u00e9m a criar condi\u00e7\u00f5es para que Alcoba\u00e7a consiga enquadrar-se e destacar-se no mapa dos congressos empresariais, conseguindo beber um pouco da atratividade de Lisboa neste ramo.\u201d<\/p>\n<p>Paulo In\u00e1cio recordou ainda \u201co excelente enquadramento urbano deste novo equipamento que beneficia quer da requalifica\u00e7\u00e3o da Avenida Prof. Eng. Joaquim Vieira Natividade, quer da materializa\u00e7\u00e3o do projeto da Mobilidade Suave, que come\u00e7a precisamente aqui ao lado na Ferven\u00e7a. Estamos a lan\u00e7ar as bases para novas din\u00e2micas sociais e culturais em todo o territ\u00f3rio.\u201d<\/p>\n<p><strong>\u00a0 \u00a0 \u00a0Sobre o Pavilh\u00e3o Multiusos de Alcoba\u00e7a<\/strong><\/p>\n<div id=\"attachment_3779\" style=\"width: 510px\" class=\"wp-caption alignleft\"><img loading=\"lazy\" decoding=\"async\" aria-describedby=\"caption-attachment-3779\" class=\"wp-image-3779 size-full\" src=\"https:\/\/tintafresca.net\/wp-content\/uploads\/2021\/05\/Alcobaca_MULTIUSOS20.jpg\" alt=\"\" width=\"500\" height=\"319\" \/><p id=\"caption-attachment-3779\" class=\"wp-caption-text\">Futuro Pavilh\u00e3o Multiusos de Alcoba\u00e7a<\/p><\/div>\n<p>Com um or\u00e7amento de 4.5 milh\u00f5es de euros, o Pavilh\u00e3o Multiusos na cidade de Alcoba\u00e7a surge como resposta a duas inten\u00e7\u00f5es distintas: a requalifica\u00e7\u00e3o do MercoAlcoba\u00e7a e a dota\u00e7\u00e3o de um espa\u00e7o multifuncional que permita a realiza\u00e7\u00e3o de espet\u00e1culos, congressos, encontros, confer\u00eancias, jogos, feiras e exposi\u00e7\u00f5es, apresenta\u00e7\u00f5es comerciais, entre outras iniciativas.<\/p>\n<p>Com uma localiza\u00e7\u00e3o privilegiada junto \u00e0 entrada norte da cidade, ocupando uma \u00e1rea total de aproximadamente 3ha e com 5000m\u00b2 de \u00e1rea coberta, o MercoAlcoba\u00e7a \u00e9 atualmente o espa\u00e7o onde se realiza anualmente a Feira de S\u00e3o Bernardo. O projeto visa renovar todo o edif\u00edcio melhorando as suas condi\u00e7\u00f5es de conforto e de isolamento t\u00e9rmico e ac\u00fastico e conferindo-lhe uma nova imagem, mais contempor\u00e2nea e nobre.<\/p>\n<p>Para a polival\u00eancia e versatilidade do espa\u00e7o, ser\u00e3o instaladas bancadas amov\u00edveis, libertando \u00e1rea para a realiza\u00e7\u00e3o de feiras, exposi\u00e7\u00f5es ou espet\u00e1culos. Com as bancadas abertas a nave poder\u00e1 albergar at\u00e9 2226 lugares sentados, correspondendo a 472 lugares na bancada nascente, 478 na bancada poente e 1276 lugares na plateia, neste n\u00famero j\u00e1 est\u00e3o inclu\u00eddos 16 lugares reservados para pessoas em cadeira de rodas. Com as bancadas recolhidas, a \u00e1rea livre aumentar\u00e1 permitindo a realiza\u00e7\u00e3o de exposi\u00e7\u00f5es e concertos ou outros eventos com os lugares em p\u00e9. Neste caso o n\u00famero de espectadores poder\u00e1 ascender aos 5400.<\/p>\n<p><strong> Fonte: GRPP|CMA<\/strong><\/p>\n","protected":false},"excerpt":{"rendered":"<p>As obras do futuro Pavilh\u00e3o Multiusos de Alcoba\u00e7a arrancaram no m\u00eas de abril estando a decorrer a bom ritmo. Na manh\u00e3 desta segunda-feira, 3 de maio, a C\u00e2mara Municipal de Alcoba\u00e7a assinalou o in\u00edcio da empreitada com o lan\u00e7amento simb\u00f3lico da primeira pedra, levado a cabo pelo presidente da autarquia, Paulo In\u00e1cio. Perante os convidados [&hellip;]<\/p>\n","protected":false},"author":2,"featured_media":3778,"comment_status":"open","ping_status":"open","sticky":false,"template":"","format":"standard","meta":{"footnotes":""},"categories":[13,7],"tags":[],"class_list":["post-3775","post","type-post","status-publish","format-standard","has-post-thumbnail","hentry","category-desporto","category-economia"],"_links":{"self":[{"href":"https:\/\/tintafresca.net\/index.php\/wp-json\/wp\/v2\/posts\/3775","targetHints":{"allow":["GET"]}}],"collection":[{"href":"https:\/\/tintafresca.net\/index.php\/wp-json\/wp\/v2\/posts"}],"about":[{"href":"https:\/\/tintafresca.net\/index.php\/wp-json\/wp\/v2\/types\/post"}],"author":[{"embeddable":true,"href":"https:\/\/tintafresca.net\/index.php\/wp-json\/wp\/v2\/users\/2"}],"replies":[{"embeddable":true,"href":"https:\/\/tintafresca.net\/index.php\/wp-json\/wp\/v2\/comments?post=3775"}],"version-history":[{"count":2,"href":"https:\/\/tintafresca.net\/index.php\/wp-json\/wp\/v2\/posts\/3775\/revisions"}],"predecessor-version":[{"id":3780,"href":"https:\/\/tintafresca.net\/index.php\/wp-json\/wp\/v2\/posts\/3775\/revisions\/3780"}],"wp:featuredmedia":[{"embeddable":true,"href":"https:\/\/tintafresca.net\/index.php\/wp-json\/wp\/v2\/media\/3778"}],"wp:attachment":[{"href":"https:\/\/tintafresca.net\/index.php\/wp-json\/wp\/v2\/media?parent=3775"}],"wp:term":[{"taxonomy":"category","embeddable":true,"href":"https:\/\/tintafresca.net\/index.php\/wp-json\/wp\/v2\/categories?post=3775"},{"taxonomy":"post_tag","embeddable":true,"href":"https:\/\/tintafresca.net\/index.php\/wp-json\/wp\/v2\/tags?post=3775"}],"curies":[{"name":"wp","href":"https:\/\/api.w.org\/{rel}","templated":true}]}}