{"id":37808,"date":"2024-11-22T22:59:46","date_gmt":"2024-11-22T22:59:46","guid":{"rendered":"https:\/\/tintafresca.net\/?p=37808"},"modified":"2024-11-22T23:10:28","modified_gmt":"2024-11-22T23:10:28","slug":"camara-de-caldas-da-rainha-sugere-comissao-tecnica-independente-para-o-hospital-do-oeste","status":"publish","type":"post","link":"https:\/\/tintafresca.net\/index.php\/2024\/11\/22\/camara-de-caldas-da-rainha-sugere-comissao-tecnica-independente-para-o-hospital-do-oeste\/","title":{"rendered":"C\u00e2mara de Caldas da Rainha sugere Comiss\u00e3o T\u00e9cnica Independente para o Hospital do Oeste"},"content":{"rendered":"<div id=\"attachment_34163\" style=\"width: 410px\" class=\"wp-caption alignleft\"><img loading=\"lazy\" decoding=\"async\" aria-describedby=\"caption-attachment-34163\" class=\"wp-image-34163 size-full\" src=\"https:\/\/tintafresca.net\/wp-content\/uploads\/2024\/03\/Caldas_Vitor_Marques_Saude10.jpg\" alt=\"\" width=\"400\" height=\"500\" srcset=\"https:\/\/tintafresca.net\/wp-content\/uploads\/2024\/03\/Caldas_Vitor_Marques_Saude10.jpg 400w, https:\/\/tintafresca.net\/wp-content\/uploads\/2024\/03\/Caldas_Vitor_Marques_Saude10-240x300.jpg 240w\" sizes=\"auto, (max-width: 400px) 100vw, 400px\" \/><p id=\"caption-attachment-34163\" class=\"wp-caption-text\">V\u00edtor Marques<\/p><\/div>\n<p>O Munic\u00edpio de Caldas da Rainha fez chegar \u00e0 Ministra da Sa\u00fade, Ana Paula Martins, no \u00e2mbito da tomada de posi\u00e7\u00e3o relativamente ao processo de defini\u00e7\u00e3o da localiza\u00e7\u00e3o do novo Centro Hospitalar do Oeste (CHO), um documento, que evidencia a cronologia dos acontecimentos e o m\u00e9rito das posi\u00e7\u00f5es assumidas pelo Munic\u00edpio de Caldas da Rainha e que termina contemplando uma proposta sustentada e cred\u00edvel, em coer\u00eancia com as posi\u00e7\u00f5es assumidas ao longo de todo este processo e que se podem sintetizar nas seguintes conclus\u00f5es:<\/p>\n<p>O presidente da C\u00e2mara Municipal das Caldas da Rainha, V\u00edtor Marques, manifesta que, independentemente das suas profundas convic\u00e7\u00f5es sobre as vantagens e mais valias regionais em localizar o novo CHO no local por si proposto, o que \u00e9 essencial \u00e9 que o local escolhido resulte de um processo de tomada de decis\u00e3o racional, justo, transparente, que pondere todas as implica\u00e7\u00f5es, impactes, vantagens e desvantagens de cada alternativa, atrav\u00e9s de um conjunto equilibrado de crit\u00e9rios de avalia\u00e7\u00e3o.<\/p>\n<p>Neste contexto, a C\u00e2mara Municipal das Caldas Rainha prop\u00f5e ao Minist\u00e9rio da Sa\u00fade, tendo como refer\u00eancia a muito bem-sucedida experi\u00eancia de defini\u00e7\u00e3o da localiza\u00e7\u00e3o do novo aeroporto de Lisboa, amplamente reconhecida pela sua idoneidade, credibilidade e compet\u00eancia, que seja adotado um processo semelhante, com a constitui\u00e7\u00e3o de uma Comiss\u00e3o T\u00e9cnica Independente e a realiza\u00e7\u00e3o de um processo de avalia\u00e7\u00e3o ambiental estrat\u00e9gica.<\/p>\n<p>Um processo, que \u00e0 semelhan\u00e7a do que se verificou no caso do aeroporto, tenha uma lideran\u00e7a pol\u00edtica clara, uma condu\u00e7\u00e3o t\u00e9cnica com m\u00e9rito cient\u00edfico reconhecido e de natureza multidisciplinar, um modelo de acompanhamento estruturado que garanta o envolvimento dos diversos atores, nomeadamente das autarquias da \u00e1rea a servir pelo CHO, que promova a participa\u00e7\u00e3o alargada de todos os interessados, e garanta, no final, uma an\u00e1lise r\u00e1pida, cred\u00edvel e que consensualize os v\u00e1rios interesses.<\/p>\n<p>Por sua vez, foi anexado ao documento referido acima, entregue \u00e0 Ministra da Sa\u00fade, um \u201cretratamento preliminar\u201d do \u201cEcossistema de Sa\u00fade Local das Caldas da Rainha\u201d e a sua import\u00e2ncia para a Economia Regional, evidenciando, deste modo, que qualquer decis\u00e3o do Poder Pol\u00edtico tem de ter em considera\u00e7\u00e3o os impactos positivos e negativos e as suas repercuss\u00f5es econ\u00f3micas e sociais.<\/p>\n<p>Finalmente, anexa um artigo cient\u00edfico, coordenado pelo Professor Doutor Jorge Gon\u00e7alves, que colaborou na equipa multidisciplinar que tem assessorado o Munic\u00edpio de Caldas da Rainha sobre este assunto.<\/p>\n<p>O presidente da C\u00e2mara Municipal das Caldas da Rainha, V\u00edtor Marques, considera, no dia 22 de novembro, que a divulga\u00e7\u00e3o e publica\u00e7\u00e3o destes trabalhos e documentos se reveste de muita import\u00e2ncia e credibiliza, cientificamente, os argumentos e posi\u00e7\u00f5es pol\u00edticas assumidas pelo Munic\u00edpio de Caldas da Rainha sobre esta t\u00e3o relevante mat\u00e9ria para a regi\u00e3o Oeste.<\/p>\n","protected":false},"excerpt":{"rendered":"<p>O Munic\u00edpio de Caldas da Rainha fez chegar \u00e0 Ministra da Sa\u00fade, Ana Paula Martins, no \u00e2mbito da tomada de posi\u00e7\u00e3o relativamente ao processo de defini\u00e7\u00e3o da localiza\u00e7\u00e3o do novo Centro Hospitalar do Oeste (CHO), um documento, que evidencia a cronologia dos acontecimentos e o m\u00e9rito das posi\u00e7\u00f5es assumidas pelo Munic\u00edpio de Caldas da Rainha [&hellip;]<\/p>\n","protected":false},"author":2,"featured_media":30526,"comment_status":"open","ping_status":"open","sticky":false,"template":"","format":"standard","meta":{"footnotes":""},"categories":[6],"tags":[],"class_list":["post-37808","post","type-post","status-publish","format-standard","has-post-thumbnail","hentry","category-saude"],"_links":{"self":[{"href":"https:\/\/tintafresca.net\/index.php\/wp-json\/wp\/v2\/posts\/37808","targetHints":{"allow":["GET"]}}],"collection":[{"href":"https:\/\/tintafresca.net\/index.php\/wp-json\/wp\/v2\/posts"}],"about":[{"href":"https:\/\/tintafresca.net\/index.php\/wp-json\/wp\/v2\/types\/post"}],"author":[{"embeddable":true,"href":"https:\/\/tintafresca.net\/index.php\/wp-json\/wp\/v2\/users\/2"}],"replies":[{"embeddable":true,"href":"https:\/\/tintafresca.net\/index.php\/wp-json\/wp\/v2\/comments?post=37808"}],"version-history":[{"count":4,"href":"https:\/\/tintafresca.net\/index.php\/wp-json\/wp\/v2\/posts\/37808\/revisions"}],"predecessor-version":[{"id":37812,"href":"https:\/\/tintafresca.net\/index.php\/wp-json\/wp\/v2\/posts\/37808\/revisions\/37812"}],"wp:featuredmedia":[{"embeddable":true,"href":"https:\/\/tintafresca.net\/index.php\/wp-json\/wp\/v2\/media\/30526"}],"wp:attachment":[{"href":"https:\/\/tintafresca.net\/index.php\/wp-json\/wp\/v2\/media?parent=37808"}],"wp:term":[{"taxonomy":"category","embeddable":true,"href":"https:\/\/tintafresca.net\/index.php\/wp-json\/wp\/v2\/categories?post=37808"},{"taxonomy":"post_tag","embeddable":true,"href":"https:\/\/tintafresca.net\/index.php\/wp-json\/wp\/v2\/tags?post=37808"}],"curies":[{"name":"wp","href":"https:\/\/api.w.org\/{rel}","templated":true}]}}