{"id":37820,"date":"2024-11-24T01:18:00","date_gmt":"2024-11-24T01:18:00","guid":{"rendered":"https:\/\/tintafresca.net\/?p=37820"},"modified":"2024-11-24T01:27:26","modified_gmt":"2024-11-24T01:27:26","slug":"convencao-internacional-dos-enfermeiros-recebeu-em-fatima-a-ministra-da-saude","status":"publish","type":"post","link":"https:\/\/tintafresca.net\/index.php\/2024\/11\/24\/convencao-internacional-dos-enfermeiros-recebeu-em-fatima-a-ministra-da-saude\/","title":{"rendered":"Conven\u00e7\u00e3o Internacional dos Enfermeiros recebeu em F\u00e1tima a ministra da Sa\u00fade"},"content":{"rendered":"<div id=\"attachment_37727\" style=\"width: 510px\" class=\"wp-caption alignleft\"><img loading=\"lazy\" decoding=\"async\" aria-describedby=\"caption-attachment-37727\" class=\"wp-image-37727 size-full\" src=\"https:\/\/tintafresca.net\/wp-content\/uploads\/2024\/11\/Ana_Paula_Martins10.jpg\" alt=\"\" width=\"500\" height=\"333\" srcset=\"https:\/\/tintafresca.net\/wp-content\/uploads\/2024\/11\/Ana_Paula_Martins10.jpg 500w, https:\/\/tintafresca.net\/wp-content\/uploads\/2024\/11\/Ana_Paula_Martins10-300x200.jpg 300w\" sizes=\"auto, (max-width: 500px) 100vw, 500px\" \/><p id=\"caption-attachment-37727\" class=\"wp-caption-text\">Ana Paula Martins<\/p><\/div>\n<p>A abertura da III Conven\u00e7\u00e3o Internacional dos Enfermeiros<strong>, <\/strong>no Centro Pastoral Paulo VI, em F\u00e1tima, ficou marcada pelas palavras do Baston\u00e1rio da Ordem dos Enfermeiros. Com a ministra da Sa\u00fade, Ana Paula Martins, presente na sala, Lu\u00eds Filipe Barreira alertou que as \u201creformas que s\u00e3o urgentes fazer na \u00e1rea da sa\u00fade e que s\u00e3o consensuais, n\u00e3o se fazem sequer numa legislatura, quanto mais em poucos meses de mandato\u201d e que por isso o setor \u201cprecisa de estabilidade pol\u00edtica. Quem permanece preso a preconceitos ou l\u00f3gicas ultrapassadas ser\u00e1 inevitavelmente deixado para tr\u00e1s\u201d.<\/p>\n<p>O Baston\u00e1rio da Ordem dos Enfermeiros garantiu \u00e0 Ministra da Sa\u00fade que os enfermeiros portugueses est\u00e3o \u201cdispon\u00edveis para assumirem a sua parte das responsabilidades acrescidas necess\u00e1rias para encontrarmos em conjunto solu\u00e7\u00f5es para os novos desafios na sa\u00fade. As longas listas de espera, a satura\u00e7\u00e3o das urg\u00eancias, a falta de investimento nos cuidados de sa\u00fade prim\u00e1rios e a emigra\u00e7\u00e3o de profissionais s\u00e3o problemas s\u00e9rios que exigem respostas concretas.\u201d<\/p>\n<p>Lu\u00eds Filipe Barreira tamb\u00e9m afirmou que o Minist\u00e9rio da Sa\u00fade liderado por Ana Paula Martins \u201cpode contar com o apoio da Ordem e dos enfermeiros portugueses para tornar as reformas que se prop\u00f5e efetuar uma realidade\u201d.<\/p>\n<p>Do lado da Ministra, a ressalva de que \u201c\u00e9 muito mais o que nos une do que aquilo que nos separa. Estamos juntos com os enfermeiros e a trabalhar no mesmo sentido\u201d. Ana Paula Martins garantiu ainda que o internato em enfermagem \u201cnecessita de uma implementa\u00e7\u00e3o efetiva e aloca\u00e7\u00e3o de recursos adequados\u201d.<\/p>\n<p>O evento que tem o mote \u00abTempo de Respostas\u00bb, decorreu em F\u00e1tima at\u00e9 este s\u00e1bado, dia 23 de novembro, e contou ainda com a presen\u00e7a das secret\u00e1rias de Estado da Sa\u00fade, Ana Povo e Cristina Vaz Tom\u00e9, al\u00e9m de v\u00e1rios especialistas nacionais e internacionais.<\/p>\n<p><strong>\u00a0 \u00a0 \u00a0<\/strong><strong>Fonte: Wisdom <\/strong><\/p>\n","protected":false},"excerpt":{"rendered":"<p>A abertura da III Conven\u00e7\u00e3o Internacional dos Enfermeiros, no Centro Pastoral Paulo VI, em F\u00e1tima, ficou marcada pelas palavras do Baston\u00e1rio da Ordem dos Enfermeiros. Com a ministra da Sa\u00fade, Ana Paula Martins, presente na sala, Lu\u00eds Filipe Barreira alertou que as \u201creformas que s\u00e3o urgentes fazer na \u00e1rea da sa\u00fade e que s\u00e3o consensuais, [&hellip;]<\/p>\n","protected":false},"author":2,"featured_media":37728,"comment_status":"open","ping_status":"open","sticky":false,"template":"","format":"standard","meta":{"footnotes":""},"categories":[6],"tags":[],"class_list":["post-37820","post","type-post","status-publish","format-standard","has-post-thumbnail","hentry","category-saude"],"_links":{"self":[{"href":"https:\/\/tintafresca.net\/index.php\/wp-json\/wp\/v2\/posts\/37820","targetHints":{"allow":["GET"]}}],"collection":[{"href":"https:\/\/tintafresca.net\/index.php\/wp-json\/wp\/v2\/posts"}],"about":[{"href":"https:\/\/tintafresca.net\/index.php\/wp-json\/wp\/v2\/types\/post"}],"author":[{"embeddable":true,"href":"https:\/\/tintafresca.net\/index.php\/wp-json\/wp\/v2\/users\/2"}],"replies":[{"embeddable":true,"href":"https:\/\/tintafresca.net\/index.php\/wp-json\/wp\/v2\/comments?post=37820"}],"version-history":[{"count":4,"href":"https:\/\/tintafresca.net\/index.php\/wp-json\/wp\/v2\/posts\/37820\/revisions"}],"predecessor-version":[{"id":37830,"href":"https:\/\/tintafresca.net\/index.php\/wp-json\/wp\/v2\/posts\/37820\/revisions\/37830"}],"wp:featuredmedia":[{"embeddable":true,"href":"https:\/\/tintafresca.net\/index.php\/wp-json\/wp\/v2\/media\/37728"}],"wp:attachment":[{"href":"https:\/\/tintafresca.net\/index.php\/wp-json\/wp\/v2\/media?parent=37820"}],"wp:term":[{"taxonomy":"category","embeddable":true,"href":"https:\/\/tintafresca.net\/index.php\/wp-json\/wp\/v2\/categories?post=37820"},{"taxonomy":"post_tag","embeddable":true,"href":"https:\/\/tintafresca.net\/index.php\/wp-json\/wp\/v2\/tags?post=37820"}],"curies":[{"name":"wp","href":"https:\/\/api.w.org\/{rel}","templated":true}]}}