{"id":38077,"date":"2024-12-11T22:05:34","date_gmt":"2024-12-11T22:05:34","guid":{"rendered":"https:\/\/tintafresca.net\/?p=38077"},"modified":"2024-12-11T22:09:18","modified_gmt":"2024-12-11T22:09:18","slug":"ccdr-lvt-faz-balanco-de-2024-e-projeta-2025-no-montebelo-mosteiro-de-alcobaca-historic-hotel","status":"publish","type":"post","link":"https:\/\/tintafresca.net\/index.php\/2024\/12\/11\/ccdr-lvt-faz-balanco-de-2024-e-projeta-2025-no-montebelo-mosteiro-de-alcobaca-historic-hotel\/","title":{"rendered":"CCDR-LVT faz balan\u00e7o de 2024 e projeta 2025 no Montebelo Mosteiro de Alcoba\u00e7a Historic Hotel"},"content":{"rendered":"<div id=\"attachment_38079\" style=\"width: 510px\" class=\"wp-caption alignleft\"><img loading=\"lazy\" decoding=\"async\" aria-describedby=\"caption-attachment-38079\" class=\"wp-image-38079 size-full\" src=\"https:\/\/tintafresca.net\/wp-content\/uploads\/2024\/12\/Alcobaca_CCDR_LVT_Montebelo10.jpg\" alt=\"\" width=\"500\" height=\"333\" srcset=\"https:\/\/tintafresca.net\/wp-content\/uploads\/2024\/12\/Alcobaca_CCDR_LVT_Montebelo10.jpg 500w, https:\/\/tintafresca.net\/wp-content\/uploads\/2024\/12\/Alcobaca_CCDR_LVT_Montebelo10-300x200.jpg 300w\" sizes=\"auto, (max-width: 500px) 100vw, 500px\" \/><p id=\"caption-attachment-38079\" class=\"wp-caption-text\">Reuni\u00e3o dos colaboradores da CCDR LVT em Alcoba\u00e7a<\/p><\/div>\n<p>Mais de 250 colaboradores da Comiss\u00e3o de Coordena\u00e7\u00e3o e Desenvolvimento Regional de Lisboa e Vale do Tejo (CCDR-LVT) reuniram no Montebelo Mosteiro de Alcoba\u00e7a Historic Hotel, no dia 3 de dezembro, no \u00e2mbito do F\u00f3rum CCDR-LVT. Esta iniciativa de grande prest\u00edgio para Alcoba\u00e7a, serviu para este organismo de gest\u00e3o e atribui\u00e7\u00e3o de fundos comunit\u00e1rios fazer o balan\u00e7o de 2024 e projetar o ano de 2025.<\/p>\n<p>Na sua interven\u00e7\u00e3o de boas-vindas, o presidente da C\u00e2mara Municipal de Alcoba\u00e7a sublinhou &#8220;a necess\u00e1ria e estrat\u00e9gica proximidade entre a CCDR-LVT e a C\u00e2mara de Alcoba\u00e7a para a obten\u00e7\u00e3o de financiamento de obras estruturantes para o concelho. Tem sido, por tudo isto, uma enorme honra poder trabalhar com a sra. presidente do Conselho Diretivo da CCDR LVT, Arq.\u00aa Teresa Almeida.&#8221;<\/p>\n<p>A n\u00edvel de projetos aprovados pelo PRR, o concelho de Alcoba\u00e7a apresenta 1397 projetos de 1473 benefici\u00e1rias, o que perfaz um total de 34.7 milh\u00f5es de euros investidos no territ\u00f3rio.<\/p>\n<p>No contexto do Oeste, Alcoba\u00e7a \u00e9 atualmente o 3\u00ba concelho com mais projetos aprovados, tendo o Munic\u00edpio de Alcoba\u00e7a recentemente submetido com sucesso candidaturas a financiamento para obras como:<\/p>\n<p>&#8211; requalifica\u00e7\u00e3o da Frei Estev\u00e3o Martins (2.8 milh\u00f5es de euros financiados a 100% pelo PRR)<\/p>\n<p>&#8211; reabilita\u00e7\u00e3o do Jardim do Obelisco, do Celeiro, da zona Superior da Cerca, do Claustro do Cardeal e do Antigo Pa\u00e7o Abacial do Mosteiro de Alcoba\u00e7a (8 milh\u00f5es de euros financiados a 100% pelo PRR)<\/p>\n<p>Para Herm\u00ednio Rodrigues, &#8220;o Munic\u00edpio de Alcoba\u00e7a tem trabalhado de forma vincada para poder captar esses importantes fundos para os nossos projetos. Falamos da requalifica\u00e7\u00e3o e\/ou constru\u00e7\u00e3o de escolas, centros de sa\u00fade, patrim\u00f3nio hist\u00f3rico, entre muitos outros. S\u00e3o projetos que contribuem para a distribui\u00e7\u00e3o igualit\u00e1ria de recursos por todo o nosso territ\u00f3rio. O Munic\u00edpio de Alcoba\u00e7a olha para a CCDR-LVT como um parceiro para a coes\u00e3o territorial e tem sido um enorme honra poder trabalhar convosco na prossecu\u00e7\u00e3o deste objetivo.<\/p>\n<p>Consulte toda a informa\u00e7\u00e3o sobre os <a href=\"https:\/\/transparencia.gov.pt\/pt\/fundos-europeus\/tema\/\">projetos aprovados pelo Plano de Recupera\u00e7\u00e3o e Resili\u00eancia no portal Mais Transpar\u00eancia <\/a>.<\/p>\n<p><strong>\u00a0 \u00a0 \u00a0 Fonte: GCRP|CMA<\/strong><\/p>\n","protected":false},"excerpt":{"rendered":"<p>Mais de 250 colaboradores da Comiss\u00e3o de Coordena\u00e7\u00e3o e Desenvolvimento Regional de Lisboa e Vale do Tejo (CCDR-LVT) reuniram no Montebelo Mosteiro de Alcoba\u00e7a Historic Hotel, no dia 3 de dezembro, no \u00e2mbito do F\u00f3rum CCDR-LVT. Esta iniciativa de grande prest\u00edgio para Alcoba\u00e7a, serviu para este organismo de gest\u00e3o e atribui\u00e7\u00e3o de fundos comunit\u00e1rios fazer [&hellip;]<\/p>\n","protected":false},"author":2,"featured_media":38080,"comment_status":"open","ping_status":"open","sticky":false,"template":"","format":"standard","meta":{"footnotes":""},"categories":[7],"tags":[],"class_list":["post-38077","post","type-post","status-publish","format-standard","has-post-thumbnail","hentry","category-economia"],"_links":{"self":[{"href":"https:\/\/tintafresca.net\/index.php\/wp-json\/wp\/v2\/posts\/38077","targetHints":{"allow":["GET"]}}],"collection":[{"href":"https:\/\/tintafresca.net\/index.php\/wp-json\/wp\/v2\/posts"}],"about":[{"href":"https:\/\/tintafresca.net\/index.php\/wp-json\/wp\/v2\/types\/post"}],"author":[{"embeddable":true,"href":"https:\/\/tintafresca.net\/index.php\/wp-json\/wp\/v2\/users\/2"}],"replies":[{"embeddable":true,"href":"https:\/\/tintafresca.net\/index.php\/wp-json\/wp\/v2\/comments?post=38077"}],"version-history":[{"count":2,"href":"https:\/\/tintafresca.net\/index.php\/wp-json\/wp\/v2\/posts\/38077\/revisions"}],"predecessor-version":[{"id":38081,"href":"https:\/\/tintafresca.net\/index.php\/wp-json\/wp\/v2\/posts\/38077\/revisions\/38081"}],"wp:featuredmedia":[{"embeddable":true,"href":"https:\/\/tintafresca.net\/index.php\/wp-json\/wp\/v2\/media\/38080"}],"wp:attachment":[{"href":"https:\/\/tintafresca.net\/index.php\/wp-json\/wp\/v2\/media?parent=38077"}],"wp:term":[{"taxonomy":"category","embeddable":true,"href":"https:\/\/tintafresca.net\/index.php\/wp-json\/wp\/v2\/categories?post=38077"},{"taxonomy":"post_tag","embeddable":true,"href":"https:\/\/tintafresca.net\/index.php\/wp-json\/wp\/v2\/tags?post=38077"}],"curies":[{"name":"wp","href":"https:\/\/api.w.org\/{rel}","templated":true}]}}