{"id":381,"date":"2021-01-09T20:08:19","date_gmt":"2021-01-09T19:08:19","guid":{"rendered":"http:\/\/tintafresca.net\/?p=381"},"modified":"2021-01-11T01:11:40","modified_gmt":"2021-01-11T00:11:40","slug":"santarem-ultrapassou-este-sabado-os-400-casos-ativos-de-covid-19","status":"publish","type":"post","link":"https:\/\/tintafresca.net\/index.php\/2021\/01\/09\/santarem-ultrapassou-este-sabado-os-400-casos-ativos-de-covid-19\/","title":{"rendered":"Santar\u00e9m ultrapassou este s\u00e1bado os 400 casos ativos de COVID-19"},"content":{"rendered":"<div id=\"attachment_409\" style=\"width: 310px\" class=\"wp-caption alignleft\"><img loading=\"lazy\" decoding=\"async\" aria-describedby=\"caption-attachment-409\" class=\"wp-image-409 size-medium\" src=\"http:\/\/tintafresca.net\/wp-content\/uploads\/2021\/01\/Santarem_estatisticas_COVID2-300x300.jpg\" alt=\"\" width=\"300\" height=\"300\" srcset=\"https:\/\/tintafresca.net\/wp-content\/uploads\/2021\/01\/Santarem_estatisticas_COVID2-300x300.jpg 300w, https:\/\/tintafresca.net\/wp-content\/uploads\/2021\/01\/Santarem_estatisticas_COVID2-150x150.jpg 150w, https:\/\/tintafresca.net\/wp-content\/uploads\/2021\/01\/Santarem_estatisticas_COVID2.jpg 600w\" sizes=\"auto, (max-width: 300px) 100vw, 300px\" \/><p id=\"caption-attachment-409\" class=\"wp-caption-text\">Santar\u00e9m<\/p><\/div>\n<p>Com 60 novos casos, Santar\u00e9m ultrapassou este s\u00e1bado, dia 9 de janeiro, os 400 casos ativos de COVID-19 (408). Est\u00e3o em vigil\u00e2ncia ativa hoje 337 pessoas, tendo 1800 doentes recuperado desde o in\u00edcio da pandemia. \u00a0O concelho registou mais um \u00f3bito este s\u00e1bado, somando 60 mortes desde o in\u00edcio da pandemia. No total, o concelho de Santar\u00e9m registou j\u00e1 2268 casos de COVID-19.<\/p>\n<p>Neste s\u00e1bado foi realizada a reuni\u00e3o de coordena\u00e7\u00e3o Municipal entre as entidades do PMEPC e efetuado o ponto de situa\u00e7\u00e3o do concelho de Santar\u00e9m e definidas linhas orientadoras para a organiza\u00e7\u00e3o e gest\u00e3o das ocorr\u00eancias de \u00e2mbito municipal no que respeita \u00e0 resposta \u00e0 pandemia.<\/p>\n<p>Da sua \u00e1rea de influ\u00eancia, foram transportados para o Hospital Distrital de Santar\u00e9m, pelos quatro Corpos de Bombeiros do concelho e pela CVP, 745 casos suspeitos e 145 casos confirmados (COVID-19).<\/p>\n<p>O SMPC Santar\u00e9m mant\u00e9m o acompanhamento e monitoriza\u00e7\u00e3o da evolu\u00e7\u00e3o da situa\u00e7\u00e3o e respetivo refor\u00e7o de meios no \u00e2mbito da Resolu\u00e7\u00e3o de Conselho de Ministros. Acompanha a evolu\u00e7\u00e3o dos principais surtos do Concelho e o surgimento de situa\u00e7\u00f5es que possam originar novos surtos.<\/p>\n<p>PSP e GNR Informou que ir\u00e1 refor\u00e7ar a monitoriza\u00e7\u00e3o do cumprimento dos hor\u00e1rios estabelecidos na Resolu\u00e7\u00e3o de Conselho de Ministros. Mant\u00e9m o acompanhamento e monitoriza\u00e7\u00e3o nas zonas de influ\u00eancia no \u00e2mbito do cumprimento das medidas\/regras do \u201cEstado de Emerg\u00eancia\u201d.<\/p>\n<p>O Munic\u00edpio de Santar\u00e9m, Servi\u00e7o Municipal de Prote\u00e7\u00e3o Civil, Corpos de Bombeiros do Concelho, PSP, GNR e Cruz Vermelha Portuguesa mant\u00eam o acompanhamento, monitoriza\u00e7\u00e3o e desenvolvimento de a\u00e7\u00f5es no \u00e2mbito da resposta \u00e0 pandemia.<\/p>\n<p>Conselhos \u00e0 popula\u00e7\u00e3o<\/p>\n<p>Apela-se \u00e0 popula\u00e7\u00e3o, no \u00e2mbito da sa\u00fade p\u00fablica, depois de efetuarem compras nas superf\u00edcies comerciais, n\u00e3o seja depositado nos carrinhos\/cestos ou at\u00e9 mesmo no ch\u00e3o, luvas e m\u00e1scaras utilizadas.<\/p>\n<p>Os res\u00edduos utilizados pelo cidad\u00e3o como prote\u00e7\u00e3o individual (m\u00e1scaras, luvas, etc.) devem ser colocados em saco pl\u00e1stico bem atado e depositados nos contentores de res\u00edduos indiferenciados, (do lixo comum) tal como os res\u00edduos dom\u00e9sticos. Os contentores dever\u00e3o ficar com as tampas fechadas.<\/p>\n<p>O Conselho de Ministros aprovou o <a href=\"https:\/\/www.portugal.gov.pt\/pt\/gc22\/governo\/comunicado-de-conselho-de-ministros?i=390\">decreto<\/a> que regulamenta a prorroga\u00e7\u00e3o do estado de emerg\u00eancia decretado pelo Presidente da Rep\u00fablica, em todo o territ\u00f3rio continental, no \u00e2mbito da pandemia da doen\u00e7a Covid-19, entre as 00h00m do dia 24 de dezembro e as 23h59m do dia 7 de janeiro de 2021.<\/p>\n<p>O Munic\u00edpio em conjunto com as Juntas de Freguesia, mant\u00eam o processo de limpeza e desinfe\u00e7\u00e3o em espa\u00e7os p\u00fablicos;<\/p>\n<p>O processo de limpeza e desinfe\u00e7\u00e3o em espa\u00e7os p\u00fablicos, est\u00e1 a seguir as diretivas da Dire\u00e7\u00e3o Geral de Sa\u00fade, nomeadamente no que diz respeito \u00e0 sa\u00fade publica (n\u00e3o \u00e9 prejudicial \u00e0 presen\u00e7a de pessoas e animais);<\/p>\n<p>Apela-se \u00e0 popula\u00e7\u00e3o, no \u00e2mbito da sa\u00fade p\u00fablica, depois de efetuarem compras nas superf\u00edcies comerciais, n\u00e3o seja depositado nos carrinhos\/cestos ou at\u00e9 mesmo no ch\u00e3o, luvas e m\u00e1scaras utilizadas.<\/p>\n<p>Os res\u00edduos utilizados pelo cidad\u00e3o como prote\u00e7\u00e3o individual (m\u00e1scaras, luvas, etc.) devem ser colocados em saco pl\u00e1stico bem atado e depositados nos contentores de res\u00edduos indiferenciados, (do lixo comum) tal como os res\u00edduos dom\u00e9sticos. Os contentores dever\u00e3o ficar com as tampas fechadas.<\/p>\n","protected":false},"excerpt":{"rendered":"<p>Com 60 novos casos, Santar\u00e9m ultrapassou este s\u00e1bado, dia 9 de janeiro, os 400 casos ativos de COVID-19 (408). Est\u00e3o em vigil\u00e2ncia ativa hoje 337 pessoas, tendo 1800 doentes recuperado desde o in\u00edcio da pandemia. \u00a0O concelho registou mais um \u00f3bito este s\u00e1bado, somando 60 mortes desde o in\u00edcio da pandemia. No total, o concelho [&hellip;]<\/p>\n","protected":false},"author":2,"featured_media":409,"comment_status":"open","ping_status":"open","sticky":false,"template":"","format":"standard","meta":{"footnotes":""},"categories":[3,6],"tags":[],"class_list":["post-381","post","type-post","status-publish","format-standard","has-post-thumbnail","hentry","category-destaques","category-saude"],"_links":{"self":[{"href":"https:\/\/tintafresca.net\/index.php\/wp-json\/wp\/v2\/posts\/381","targetHints":{"allow":["GET"]}}],"collection":[{"href":"https:\/\/tintafresca.net\/index.php\/wp-json\/wp\/v2\/posts"}],"about":[{"href":"https:\/\/tintafresca.net\/index.php\/wp-json\/wp\/v2\/types\/post"}],"author":[{"embeddable":true,"href":"https:\/\/tintafresca.net\/index.php\/wp-json\/wp\/v2\/users\/2"}],"replies":[{"embeddable":true,"href":"https:\/\/tintafresca.net\/index.php\/wp-json\/wp\/v2\/comments?post=381"}],"version-history":[{"count":6,"href":"https:\/\/tintafresca.net\/index.php\/wp-json\/wp\/v2\/posts\/381\/revisions"}],"predecessor-version":[{"id":410,"href":"https:\/\/tintafresca.net\/index.php\/wp-json\/wp\/v2\/posts\/381\/revisions\/410"}],"wp:featuredmedia":[{"embeddable":true,"href":"https:\/\/tintafresca.net\/index.php\/wp-json\/wp\/v2\/media\/409"}],"wp:attachment":[{"href":"https:\/\/tintafresca.net\/index.php\/wp-json\/wp\/v2\/media?parent=381"}],"wp:term":[{"taxonomy":"category","embeddable":true,"href":"https:\/\/tintafresca.net\/index.php\/wp-json\/wp\/v2\/categories?post=381"},{"taxonomy":"post_tag","embeddable":true,"href":"https:\/\/tintafresca.net\/index.php\/wp-json\/wp\/v2\/tags?post=381"}],"curies":[{"name":"wp","href":"https:\/\/api.w.org\/{rel}","templated":true}]}}