{"id":38107,"date":"2024-12-13T22:26:07","date_gmt":"2024-12-13T22:26:07","guid":{"rendered":"https:\/\/tintafresca.net\/?p=38107"},"modified":"2024-12-13T22:36:52","modified_gmt":"2024-12-13T22:36:52","slug":"uls-leziria-implementa-sistema-de-cuidados-de-saude-pioneiro-em-portugal","status":"publish","type":"post","link":"https:\/\/tintafresca.net\/index.php\/2024\/12\/13\/uls-leziria-implementa-sistema-de-cuidados-de-saude-pioneiro-em-portugal\/","title":{"rendered":"ULS Lez\u00edria implementa Sistema de Cuidados de Sa\u00fade pioneiro em Portugal"},"content":{"rendered":"<div id=\"attachment_38110\" style=\"width: 510px\" class=\"wp-caption alignleft\"><img loading=\"lazy\" decoding=\"async\" aria-describedby=\"caption-attachment-38110\" class=\"wp-image-38110 size-full\" src=\"https:\/\/tintafresca.net\/wp-content\/uploads\/2024\/12\/Santarem_ULS_Tatiana_Silvestre10.jpg\" alt=\"\" width=\"500\" height=\"333\" srcset=\"https:\/\/tintafresca.net\/wp-content\/uploads\/2024\/12\/Santarem_ULS_Tatiana_Silvestre10.jpg 500w, https:\/\/tintafresca.net\/wp-content\/uploads\/2024\/12\/Santarem_ULS_Tatiana_Silvestre10-300x200.jpg 300w\" sizes=\"auto, (max-width: 500px) 100vw, 500px\" \/><p id=\"caption-attachment-38110\" class=\"wp-caption-text\">Tatiana Silvestre<\/p><\/div>\n<p>A Unidade Local de Sa\u00fade da Lez\u00edria (ULS Lez\u00edria) iniciou esta quinta-feira, 12 de dezembro, a implementa\u00e7\u00e3o do Sistema de Cuidados de Sa\u00fade (S3), uma inovadora solu\u00e7\u00e3o tecnol\u00f3gica desenvolvida pela SPMS &#8211; Servi\u00e7os Partilhados do Minist\u00e9rio da Sa\u00fade, centralizada no utente, projetada para otimizar a efici\u00eancia, a integra\u00e7\u00e3o de cuidados e a modernidade dos processos internos das ULS e de outras entidades do Servi\u00e7o Nacional de Sa\u00fade (SNS).<\/p>\n<p>O projeto-piloto teve in\u00edcio no Servi\u00e7o de Urg\u00eancia, com planos de expans\u00e3o gradual em 2025 para outras \u00e1reas da institui\u00e7\u00e3o, visando transformar e otimizar os processos de atendimento e gest\u00e3o de sa\u00fade.<\/p>\n<p>Este marco foi assinalado com uma cerim\u00f3nia realizada no Audit\u00f3rio do Hospital Distrital de Santar\u00e9m. A abertura contou com as interven\u00e7\u00f5es de Tatiana Silvestre, presidente do Conselho de Administra\u00e7\u00e3o da ULS Lez\u00edria, Sandra Cavaca, presidente do Conselho de Administra\u00e7\u00e3o da SPMS, e de Jo\u00e3o Teixeira Leite, presidente da C\u00e2mara Municipal de Santar\u00e9m.<\/p>\n<p>\u201cA ULS Lez\u00edria \u00e9 a primeira a avan\u00e7ar com esta solu\u00e7\u00e3o, o que demonstra a nossa constante disponibilidade para implementar projetos inovadores em parceria com o Minist\u00e9rio da Sa\u00fade\u201d, afirmou a presidente do Conselho de Administra\u00e7\u00e3o da ULS Lez\u00edria, lembrando que o Hospital Distrital de Santar\u00e9m foi pioneiro tamb\u00e9m na implementa\u00e7\u00e3o do SONHO v2, em 2013.<\/p>\n<div id=\"attachment_38111\" style=\"width: 510px\" class=\"wp-caption alignleft\"><img loading=\"lazy\" decoding=\"async\" aria-describedby=\"caption-attachment-38111\" class=\"wp-image-38111 size-full\" src=\"https:\/\/tintafresca.net\/wp-content\/uploads\/2024\/12\/Santarem_ULS10.jpg\" alt=\"\" width=\"500\" height=\"333\" srcset=\"https:\/\/tintafresca.net\/wp-content\/uploads\/2024\/12\/Santarem_ULS10.jpg 500w, https:\/\/tintafresca.net\/wp-content\/uploads\/2024\/12\/Santarem_ULS10-300x200.jpg 300w\" sizes=\"auto, (max-width: 500px) 100vw, 500px\" \/><p id=\"caption-attachment-38111\" class=\"wp-caption-text\">Projeto-piloto teve in\u00edcio no Servi\u00e7o de Urg\u00eancia<\/p><\/div>\n<p>\u201cAgrade\u00e7o \u00e0 equipa do Servi\u00e7o de Gest\u00e3o de Tecnologias da Informa\u00e7\u00e3o, liderada pelo Dr. Pedro Teixeira, cujo empenho foi fundamental para este marco, assim como \u00e0 SPMS pelo apoio inestim\u00e1vel. Este \u00e9 um momento hist\u00f3rico para a ULS Lez\u00edria\u201d, sublinhou Tatiana Silvestre.<\/p>\n<p>Por sua vez, Sandra Cavaca, presidente da SPMS, destacou o impacto estrat\u00e9gico do S3 para o SNS: &#8220;Cumprimos hoje o des\u00edgnio de tornar o SNS mais digital e integrado, com o apoio do Plano de Recupera\u00e7\u00e3o e Resili\u00eancia (PRR). O S3 \u00e9 uma plataforma inteligente, integrada e intuitiva, que revoluciona a gest\u00e3o cl\u00ednica e administrativa, garantindo a partilha eficaz de dados e maior efici\u00eancia nos servi\u00e7os de sa\u00fade. Agrade\u00e7o \u00e0 ULS Lez\u00edria por abra\u00e7ar este projeto-piloto\u201d, afirmou.<\/p>\n<p>O presidente da C\u00e2mara Municipal de Santar\u00e9m, Jo\u00e3o Teixeira Leite, refor\u00e7ou a import\u00e2ncia da colabora\u00e7\u00e3o entre as entidades locais e o SNS: &#8220;A C\u00e2mara Municipal de Santar\u00e9m est\u00e1 totalmente dispon\u00edvel para apoiar iniciativas que promovam melhorias nos cuidados de sa\u00fade prestados \u00e0 nossa popula\u00e7\u00e3o. Este projeto reflete o compromisso de trabalharmos em equipa para alcan\u00e7ar objetivos comuns.&#8221;<\/p>\n<p>Rui Santos, diretor dos Sistemas de Cuidados de Sa\u00fade dos Servi\u00e7os Partilhados do Minist\u00e9rio da Sa\u00fade, contextualizou a evolu\u00e7\u00e3o tecnol\u00f3gica no setor: &#8220;Desde o SONHO v1, implementado em 1999, at\u00e9 ao S3, percorremos um longo caminho. Esta nova solu\u00e7\u00e3o consolida seis sistemas numa \u00fanica plataforma, promovendo uma gest\u00e3o integrada e inteligente do utente, com recursos como automa\u00e7\u00e3o de tarefas e intelig\u00eancia artificial.&#8221;<\/p>\n<p>Pedro Teixeira, diretor do Servi\u00e7o de Gest\u00e3o de Tecnologias da Informa\u00e7\u00e3o da ULS Lez\u00edria, expressou o orgulho pela participa\u00e7\u00e3o no projeto: &#8220;Come\u00e7amos pela Urg\u00eancia, mas n\u00e3o queremos parar por aqui. Este \u00e9 mais um passo no caminho de inova\u00e7\u00e3o que a ULS Lez\u00edria tem trilhado, e estamos prontos para continuar.&#8221;<\/p>\n<p>Ap\u00f3s a cerim\u00f3nia, os participantes visitaram o Servi\u00e7o de Urg\u00eancia para acompanhar a opera\u00e7\u00e3o inicial do S3.<\/p>\n<p>Al\u00e9m dos restantes membros do Conselho de Administra\u00e7\u00e3o, marcaram presen\u00e7a no evento Alfredo Amante, vereador da C\u00e2mara Municipal de Santar\u00e9m com o pelouro da Sa\u00fade, Diogo Gomes, diretor de Comunica\u00e7\u00e3o da SPMS, entre outros representantes institucionais.<\/p>\n<p>Com o S3, a ULS Lez\u00edria reafirma o seu compromisso com a excel\u00eancia e a inova\u00e7\u00e3o, colocando a tecnologia ao servi\u00e7o dos utentes e do SNS.<\/p>\n<p><strong>\u00a0 \u00a0 \u00a0Fonte: GCI|ULS|Lez\u00edria<\/strong><\/p>\n","protected":false},"excerpt":{"rendered":"<p>A Unidade Local de Sa\u00fade da Lez\u00edria (ULS Lez\u00edria) iniciou esta quinta-feira, 12 de dezembro, a implementa\u00e7\u00e3o do Sistema de Cuidados de Sa\u00fade (S3), uma inovadora solu\u00e7\u00e3o tecnol\u00f3gica desenvolvida pela SPMS &#8211; Servi\u00e7os Partilhados do Minist\u00e9rio da Sa\u00fade, centralizada no utente, projetada para otimizar a efici\u00eancia, a integra\u00e7\u00e3o de cuidados e a modernidade dos processos [&hellip;]<\/p>\n","protected":false},"author":2,"featured_media":38112,"comment_status":"open","ping_status":"open","sticky":false,"template":"","format":"standard","meta":{"footnotes":""},"categories":[6],"tags":[],"class_list":["post-38107","post","type-post","status-publish","format-standard","has-post-thumbnail","hentry","category-saude"],"_links":{"self":[{"href":"https:\/\/tintafresca.net\/index.php\/wp-json\/wp\/v2\/posts\/38107","targetHints":{"allow":["GET"]}}],"collection":[{"href":"https:\/\/tintafresca.net\/index.php\/wp-json\/wp\/v2\/posts"}],"about":[{"href":"https:\/\/tintafresca.net\/index.php\/wp-json\/wp\/v2\/types\/post"}],"author":[{"embeddable":true,"href":"https:\/\/tintafresca.net\/index.php\/wp-json\/wp\/v2\/users\/2"}],"replies":[{"embeddable":true,"href":"https:\/\/tintafresca.net\/index.php\/wp-json\/wp\/v2\/comments?post=38107"}],"version-history":[{"count":5,"href":"https:\/\/tintafresca.net\/index.php\/wp-json\/wp\/v2\/posts\/38107\/revisions"}],"predecessor-version":[{"id":38115,"href":"https:\/\/tintafresca.net\/index.php\/wp-json\/wp\/v2\/posts\/38107\/revisions\/38115"}],"wp:featuredmedia":[{"embeddable":true,"href":"https:\/\/tintafresca.net\/index.php\/wp-json\/wp\/v2\/media\/38112"}],"wp:attachment":[{"href":"https:\/\/tintafresca.net\/index.php\/wp-json\/wp\/v2\/media?parent=38107"}],"wp:term":[{"taxonomy":"category","embeddable":true,"href":"https:\/\/tintafresca.net\/index.php\/wp-json\/wp\/v2\/categories?post=38107"},{"taxonomy":"post_tag","embeddable":true,"href":"https:\/\/tintafresca.net\/index.php\/wp-json\/wp\/v2\/tags?post=38107"}],"curies":[{"name":"wp","href":"https:\/\/api.w.org\/{rel}","templated":true}]}}